{"id":420008,"date":"2025-09-13T17:03:18","date_gmt":"2025-09-13T17:03:18","guid":{"rendered":"https:\/\/www.europesays.com\/de\/420008\/"},"modified":"2025-09-13T17:03:18","modified_gmt":"2025-09-13T17:03:18","slug":"neue-idee-fuer-elbtower-wird-hamburgs-problemklotz-zum-gewaechshaus-regional","status":"publish","type":"post","link":"https:\/\/www.europesays.com\/de\/420008\/","title":{"rendered":"Neue Idee f\u00fcr Elbtower: Wird Hamburgs Problemklotz zum Gew\u00e4chshaus? | Regional"},"content":{"rendered":"<p>Hamburg \u2013 <b>Glasfronten, begr\u00fcnte Fassaden und kleine Wasserf\u00e4lle: So stellt sich eine Hamburger Initiative die Zukunft des Elbtowers vor! <\/b><\/p>\n<p>Statt B\u00fcros und Luxus-Hotel soll <a href=\"https:\/\/www.bild.de\/regional\/hamburg\/hamburg-regional\/home-16344102.bild.html\" class=\"text-link\" target=\"_blank\" rel=\"noopener\">Hamburgs<\/a> gr\u00f6\u00dfte Bauruine in ein gr\u00fcnes Symbol f\u00fcr Nachhaltigkeit verwandelt werden.<\/p>\n<p>Vom Prestigeprojekt zur Bauruine<\/p>\n<p>Der Elbtower war einst als strahlendes Wahrzeichen der HafenCity geplant \u2013 245 Meter hoch, fast eine Milliarde Euro teuer. <a href=\"https:\/\/www.bild.de\/regional\/hamburg\/hamburg-wird-der-elbtower-geschrumpft-68b82e6501ad191d1ad5def2\" class=\"text-link\" target=\"_blank\" rel=\"noopener\">Heute ragt nur ein 100 Meter hoher Rohbaustummel<\/a> in den Himmel, seit Oktober 2023 liegt die <a href=\"https:\/\/www.bild.de\/themen\/specials\/baustelle\/auto-nachrichten-news-fotos-videos-20466202.bild.html\" class=\"text-link\" target=\"_blank\" rel=\"noopener\">Baustelle<\/a> still. Investor Ren\u00e9 Benko ging pleite, Kosten explodierten, sogar die Bahnstrecke nebenan wurde durch die Senkung des Geb\u00e4udes besch\u00e4digt.<\/p>\n<p><img decoding=\"async\" width=\"992\" height=\"718\" alt=\"So sieht die Bauruine aktuell aus \u2013 kein sch\u00f6ner Anblick\" src=\"https:\/\/www.europesays.com\/de\/wp-content\/uploads\/2025\/09\/1028b933d4b7033998c30493cc171cf1,b6677d0\"   class=\"dynamic\" loading=\"lazy\"\/><\/p>\n<p class=\"fig__caption__text\">Kein sch\u00f6ner Anblick: So sieht die Bauruine aktuell aus<\/p>\n<p>Foto: Stephan Wallocha<\/p>\n<p>Neue Ideen f\u00fcr den Tower<\/p>\n<p>Die Stadt Hamburg \u00fcberlegt bereits, Teile der Ruine f\u00fcr 200 Millionen Euro zu kaufen. Im Gespr\u00e4ch: ein <a href=\"https:\/\/www.bild.de\/regional\/hamburg\/hamburg-rechnet-und-rechnet-neue-haengepartie-bei-bauruine-elbtower-67d5aab4a7ec4b4b052dd870\" class=\"text-link\" target=\"_blank\" rel=\"noopener\">Naturkundemuseum in den unteren Etagen<\/a>. Eigentlich waren in dem Tower B\u00fcros, Gastronomie, Fitnessstudio, ein Spa, eine Aussichtsplattform in 200 Metern H\u00f6he und ein Luxus-Hotel geplant \u2013 3000 Arbeitspl\u00e4tze sollten so entstehen.<\/p>\n<p><img decoding=\"async\" width=\"992\" height=\"1069\" alt=\"Der Elbtower soll zur gr\u00fcnen Oase werden: begr\u00fcnte Terrassen und Fassaden und kleine Wasserf\u00e4lle, die am Geb\u00e4ude herabflie\u00dfen\" src=\"https:\/\/www.europesays.com\/de\/wp-content\/uploads\/2025\/09\/616024702e5b841e0abee3acc86da945,3027f009\"   class=\"dynamic\" loading=\"lazy\"\/><\/p>\n<p class=\"fig__caption__text\">Der Elbtower soll zur gr\u00fcnen Oase werden: mit begr\u00fcnten Terrassen und Fassaden und kleinen Wasserf\u00e4llen, die am Geb\u00e4ude herabflie\u00dfen<\/p>\n<p>Foto: Tower to the People<\/p>\n<p>Doch wie die \u201eHamburger Morgenpost\u201c jetzt berichtet, hat die Initiative \u201eTower To The People\u201c eine andere Idee: kein Abriss, kein Weiterbauen \u2013 sondern Umdenken. Die Initiative fordert, den Elbtower nicht weiterzubauen, sondern das Vorhandene ressourcenschonend zu nutzen. Das Geb\u00e4ude solle in ein nachhaltiges Zentrum f\u00fcr Start-ups, Handwerksbetriebe, Wissenschaft und Klima-Initiativen verwandelt werden. Ein gr\u00fcner Treffpunkt f\u00fcr alle, mit Werkst\u00e4tten, Ausstellungen und B\u00fcrgerforen.<\/p>\n<p>Mehr zum ThemaVorbilder im Ausland<\/p>\n<p>Ganz neu ist die Idee nicht: In Rotterdam wurde mit der \u201eBlue City\u201c bereits eine Industriehalle in ein Nachhaltigkeitszentrum verwandelt, im d\u00e4nischen Aarhus entstand ein \u201eAgro Food Park\u201c. Hamburg k\u00f6nnte nun nachziehen \u2013 vorausgesetzt, Politik und Investoren spielen mit.<\/p>\n<p>Ob die Hamburger Benko-Bauruine wirklich zum \u201eGew\u00e4chshaus\u201c wird, entscheidet sich bald. Noch ist alles offen.<\/p>\n","protected":false},"excerpt":{"rendered":"Hamburg \u2013 Glasfronten, begr\u00fcnte Fassaden und kleine Wasserf\u00e4lle: So stellt sich eine Hamburger Initiative die Zukunft des Elbtowers&hellip;\n","protected":false},"author":2,"featured_media":420009,"comment_status":"","ping_status":"","sticky":false,"template":"","format":"standard","meta":{"footnotes":""},"categories":[1826],"tags":[2081,2259,2623,29,30,692,1551,2264,1371,45,2258],"class_list":{"0":"post-420008","1":"post","2":"type-post","3":"status-publish","4":"format-standard","5":"has-post-thumbnail","7":"category-hamburg","8":"tag-bauarbeiten","9":"tag-benko-rene","10":"tag-bianca-weiner","11":"tag-deutschland","12":"tag-germany","13":"tag-hamburg","14":"tag-insolvenz","15":"tag-museum","16":"tag-pleite","17":"tag-texttospeech","18":"tag-wolkenkratzer"},"share_on_mastodon":{"url":"https:\/\/pubeurope.com\/@de\/115198073685947960","error":""},"_links":{"self":[{"href":"https:\/\/www.europesays.com\/de\/wp-json\/wp\/v2\/posts\/420008","targetHints":{"allow":["GET"]}}],"collection":[{"href":"https:\/\/www.europesays.com\/de\/wp-json\/wp\/v2\/posts"}],"about":[{"href":"https:\/\/www.europesays.com\/de\/wp-json\/wp\/v2\/types\/post"}],"author":[{"embeddable":true,"href":"https:\/\/www.europesays.com\/de\/wp-json\/wp\/v2\/users\/2"}],"replies":[{"embeddable":true,"href":"https:\/\/www.europesays.com\/de\/wp-json\/wp\/v2\/comments?post=420008"}],"version-history":[{"count":0,"href":"https:\/\/www.europesays.com\/de\/wp-json\/wp\/v2\/posts\/420008\/revisions"}],"wp:featuredmedia":[{"embeddable":true,"href":"https:\/\/www.europesays.com\/de\/wp-json\/wp\/v2\/media\/420009"}],"wp:attachment":[{"href":"https:\/\/www.europesays.com\/de\/wp-json\/wp\/v2\/media?parent=420008"}],"wp:term":[{"taxonomy":"category","embeddable":true,"href":"https:\/\/www.europesays.com\/de\/wp-json\/wp\/v2\/categories?post=420008"},{"taxonomy":"post_tag","embeddable":true,"href":"https:\/\/www.europesays.com\/de\/wp-json\/wp\/v2\/tags?post=420008"}],"curies":[{"name":"wp","href":"https:\/\/api.w.org\/{rel}","templated":true}]}}