{"id":420234,"date":"2025-09-13T19:11:16","date_gmt":"2025-09-13T19:11:16","guid":{"rendered":"https:\/\/www.europesays.com\/de\/420234\/"},"modified":"2025-09-13T19:11:16","modified_gmt":"2025-09-13T19:11:16","slug":"frankreichs-bonitaet-herabgestuft-kritik-von-ex-premier-bayrou","status":"publish","type":"post","link":"https:\/\/www.europesays.com\/de\/420234\/","title":{"rendered":"Frankreichs Bonit\u00e4t herabgestuft: Kritik von Ex-Premier Bayrou"},"content":{"rendered":"<p>                    <img decoding=\"async\" loading=\"lazy\" class=\"internal-image\" title=\"Frankreichs Ex-Premierminister Francois Bayrou spricht im Parlament in Paris.\" alt=\"Frankreichs Ex-Premierminister Francois Bayrou spricht im Parlament in Paris.\" src=\"https:\/\/www.europesays.com\/de\/wp-content\/uploads\/2025\/09\/bayrou-premier-frankreich-parlament-100-1920x1080.jpg\" \/><\/p>\n<p>                  Frankreichs Ex-Premierminister Francois Bayrou (AFP \/ BERTRAND GUAY)<\/p>\n<p>Ein Land, dessen Eliten die Wahrheit ablehnten, m\u00fcsse den Preis daf\u00fcr zahlen, teilte er mit. Bayrou hatte in seiner Amtszeit vorgeschlagen, Feiertage zu streichen, Beh\u00f6rden zusammenzulegen sowie die \u00f6ffentlichen Ausgaben &#8211; darunter Rentenzahlungen und Sozialleistungen &#8211; einzufrieren. Dagegen gab es Proteste. Das Parlament entzog Bayrou das Vertrauen. Sein Nachfolger Lecornu k\u00fcndigte an, die Kluft zwischen der politischen Situation und den Erwartungen der B\u00fcrger zu schlie\u00dfen.<\/p>\n<p>Frankreich hat mit rund 3,3 Billionen Euro die h\u00f6chsten Schulden in der Europ\u00e4ischen Union. Gemessen an der Wirtschaftsleistung ist die Schuldenquote mit 114 Prozent die dritth\u00f6chste nach der Griechenlands und Italiens.<\/p>\n<p>                Angesichts der wirtschaftlichen Lage <a title=\"Link auf: Bonit\u00e4t - Ratingagentur Fitch stuft Frankreichs Kreditw\u00fcrdigkeit auf &quot;A+&quot; herab\" href=\"https:\/\/www.deutschlandfunk.de\/ratingagentur-fitch-stuft-frankreichs-kreditwuerdigkeit-auf-a-herab-112.html\" rel=\"nofollow noopener\" target=\"_blank\">hatte die Ratingagentur Fitch die Kreditw\u00fcrdigkeit des Landes herabgestuft<\/a>. Damit d\u00fcrfte die Finanzierung der Staatsschulden teurer werden.<\/p>\n<p>Diese Nachricht wurde am 13.09.2025 im Programm Deutschlandfunk gesendet.<\/p>\n","protected":false},"excerpt":{"rendered":"Frankreichs Ex-Premierminister Francois Bayrou (AFP \/ BERTRAND GUAY) Ein Land, dessen Eliten die Wahrheit ablehnten, m\u00fcsse den Preis&hellip;\n","protected":false},"author":2,"featured_media":407005,"comment_status":"","ping_status":"","sticky":false,"template":"","format":"standard","meta":{"footnotes":""},"categories":[3974],"tags":[331,332,548,663,3934,3980,156,13,14,15,12],"class_list":{"0":"post-420234","1":"post","2":"type-post","3":"status-publish","4":"format-standard","5":"has-post-thumbnail","7":"category-frankreich","8":"tag-aktuelle-nachrichten","9":"tag-aktuelle-news","10":"tag-eu","11":"tag-europa","12":"tag-europe","13":"tag-france","14":"tag-frankreich","15":"tag-headlines","16":"tag-nachrichten","17":"tag-news","18":"tag-schlagzeilen"},"share_on_mastodon":{"url":"https:\/\/pubeurope.com\/@de\/115198576860275889","error":""},"_links":{"self":[{"href":"https:\/\/www.europesays.com\/de\/wp-json\/wp\/v2\/posts\/420234","targetHints":{"allow":["GET"]}}],"collection":[{"href":"https:\/\/www.europesays.com\/de\/wp-json\/wp\/v2\/posts"}],"about":[{"href":"https:\/\/www.europesays.com\/de\/wp-json\/wp\/v2\/types\/post"}],"author":[{"embeddable":true,"href":"https:\/\/www.europesays.com\/de\/wp-json\/wp\/v2\/users\/2"}],"replies":[{"embeddable":true,"href":"https:\/\/www.europesays.com\/de\/wp-json\/wp\/v2\/comments?post=420234"}],"version-history":[{"count":0,"href":"https:\/\/www.europesays.com\/de\/wp-json\/wp\/v2\/posts\/420234\/revisions"}],"wp:featuredmedia":[{"embeddable":true,"href":"https:\/\/www.europesays.com\/de\/wp-json\/wp\/v2\/media\/407005"}],"wp:attachment":[{"href":"https:\/\/www.europesays.com\/de\/wp-json\/wp\/v2\/media?parent=420234"}],"wp:term":[{"taxonomy":"category","embeddable":true,"href":"https:\/\/www.europesays.com\/de\/wp-json\/wp\/v2\/categories?post=420234"},{"taxonomy":"post_tag","embeddable":true,"href":"https:\/\/www.europesays.com\/de\/wp-json\/wp\/v2\/tags?post=420234"}],"curies":[{"name":"wp","href":"https:\/\/api.w.org\/{rel}","templated":true}]}}