{"id":420261,"date":"2025-09-13T19:28:11","date_gmt":"2025-09-13T19:28:11","guid":{"rendered":"https:\/\/www.europesays.com\/de\/420261\/"},"modified":"2025-09-13T19:28:11","modified_gmt":"2025-09-13T19:28:11","slug":"konzerte-und-ausstellungen-maritime-woche-beginnt-in-bremen","status":"publish","type":"post","link":"https:\/\/www.europesays.com\/de\/420261\/","title":{"rendered":"Konzerte und Ausstellungen \u2013 Maritime Woche beginnt in Bremen"},"content":{"rendered":"<p class=\"article-toplinewrapper\">\n<p>Standdatum: 13. September 2025.<\/p>\n<p>Autorinnen und Autoren:<br \/>\nBirgit Sagemann<\/p>\n<p><img decoding=\"async\" class=\"image -image-with-fallback -image-rounded  lazyload\" src=\"data:image\/gif;base64,R0lGODlhEAAJAIAAAP\/\/\/\/\/\/\/yH5BAEKAAEALAAAAAAQAAkAAAIKjI+py+0Po5yUFQA7\"   alt=\"Boote fahren mit bunten Lichtern geschm\u00fcckt an der Schlachte die Weser entlang.\" data-image-owner=\"Radio Bremen | Eva Haverkamp\" data-image-title=\"Boote fahren mit bunten Lichtern geschm\u00fcckt an der Schlachte die Weser entlang.\" data-image-src=\"https:\/\/www.butenunbinnen.de\/bilder\/maritime-woche-lichterfahrt-bremen-104~_v-800x450_c-1726946985330.jpg\" data-image-rights-src=\"\/bilder\/maritime-woche-lichterfahrt-bremen-104~_v-640x360_c-1726946985330.jpg\"\/><\/p>\n<p>Auf die sogenannte Lichterfahrt k\u00f6nnen sich Besucher auch dieses Jahr wieder freuen (Bild von der Maritimen Woche 2024).<\/p>\n<p>Bild: Radio Bremen | Eva Haverkamp <\/p>\n<p class=\"article-intro\">Acht Tage lang gibt es Konzerte, F\u00fchrungen, Ausstellungen und Aktionen auf und an der Weser. Die Veranstalter hoffen auf Tausende Besucher.<\/p>\n<p>Rund 78.000 Besucher kamen nach Sch\u00e4tzungen im vergangenen Jahr \u2013 auf \u00e4hnliche Zahlen hofft die City-Initiative als Veranstalterin auch diesmal wieder. Bei den sogenannten &#8222;Entdeckertagen&#8220; soll Bremens maritime Geschichte erlebbar werden. Beispielsweise durch die Weser-Info-Tour mit der mehr als 140 Jahre alten &#8222;MS Friedrich&#8220;. Au\u00dferdem k\u00f6nnen Besucher eine Fahrradtour durch die \u00dcberseestadt machen, an F\u00fchrungen im Vegesacker Museumshafen teilnehmen und die Deutsche Gesellschaft zur Rettung Schiffbr\u00fcchiger (DGzRS) besichtigen. <\/p>\n<p>Ein Highlight zum Abschluss ist die gro\u00dfe Lichterfahrt auf der Weser samt Feuerwerk. Rund 120 Boote sind daf\u00fcr angemeldet. Au\u00dferdem gibt es wieder den Drachenboot-Cup. Neu ist diesmal ein Flohmarkt mit Tr\u00f6del und Kunsthandwerk rund ums Thema Wasser und Schifffahrt. Und zum ersten Mal gibt es zum Abschluss der Maritimen Woche am 21. September auch einen verkaufsoffenen Sonntag in der Bremer Innenstadt. Das komplette Programm der Maritimen Woche gibt es <a target=\"blank\" rel=\"noopener noreferrer nofollow\" data-paywall=\"true\" data-tooltip-type=\"popup\" href=\"https:\/\/www.bremen-city.de\/de\/veranstaltungen\/maritime-woche-2025\/\" class=\"text-link\">hier<\/a>.<\/p>\n<p class=\"article-legal-agencies\"><strong>Quelle<\/strong>:<br \/>\nbuten un binnen.\n<\/p>\n<p class=\"article-legal-broadcast-reference\"><strong>Dieses Thema im Programm:<\/strong><br \/>\nBremen Eins, Nachrichten, 13. September 2025, 9 Uhr<\/p>\n","protected":false},"excerpt":{"rendered":"Standdatum: 13. September 2025. Autorinnen und Autoren: Birgit Sagemann Auf die sogenannte Lichterfahrt k\u00f6nnen sich Besucher auch dieses&hellip;\n","protected":false},"author":2,"featured_media":420262,"comment_status":"","ping_status":"","sticky":false,"template":"","format":"standard","meta":{"footnotes":""},"categories":[1824],"tags":[10773,109849,2420,3364,29,30,2065,1114,2315,80,110393,4978],"class_list":{"0":"post-420261","1":"post","2":"type-post","3":"status-publish","4":"format-standard","5":"has-post-thumbnail","7":"category-bremen","8":"tag-schiffe","9":"tag-auffuehrungen","10":"tag-bremen","11":"tag-de","12":"tag-deutschland","13":"tag-germany","14":"tag-innenstadt","15":"tag-kinder","16":"tag-konzerte","17":"tag-kultur","18":"tag-maritime-woche","19":"tag-weser"},"share_on_mastodon":{"url":"https:\/\/pubeurope.com\/@de\/115198643694335851","error":""},"_links":{"self":[{"href":"https:\/\/www.europesays.com\/de\/wp-json\/wp\/v2\/posts\/420261","targetHints":{"allow":["GET"]}}],"collection":[{"href":"https:\/\/www.europesays.com\/de\/wp-json\/wp\/v2\/posts"}],"about":[{"href":"https:\/\/www.europesays.com\/de\/wp-json\/wp\/v2\/types\/post"}],"author":[{"embeddable":true,"href":"https:\/\/www.europesays.com\/de\/wp-json\/wp\/v2\/users\/2"}],"replies":[{"embeddable":true,"href":"https:\/\/www.europesays.com\/de\/wp-json\/wp\/v2\/comments?post=420261"}],"version-history":[{"count":0,"href":"https:\/\/www.europesays.com\/de\/wp-json\/wp\/v2\/posts\/420261\/revisions"}],"wp:featuredmedia":[{"embeddable":true,"href":"https:\/\/www.europesays.com\/de\/wp-json\/wp\/v2\/media\/420262"}],"wp:attachment":[{"href":"https:\/\/www.europesays.com\/de\/wp-json\/wp\/v2\/media?parent=420261"}],"wp:term":[{"taxonomy":"category","embeddable":true,"href":"https:\/\/www.europesays.com\/de\/wp-json\/wp\/v2\/categories?post=420261"},{"taxonomy":"post_tag","embeddable":true,"href":"https:\/\/www.europesays.com\/de\/wp-json\/wp\/v2\/tags?post=420261"}],"curies":[{"name":"wp","href":"https:\/\/api.w.org\/{rel}","templated":true}]}}