{"id":420333,"date":"2025-09-13T20:05:10","date_gmt":"2025-09-13T20:05:10","guid":{"rendered":"https:\/\/www.europesays.com\/de\/420333\/"},"modified":"2025-09-13T20:05:10","modified_gmt":"2025-09-13T20:05:10","slug":"mindestens-32-tote-nach-israelischen-angriffen-auf-gaza-stadt","status":"publish","type":"post","link":"https:\/\/www.europesays.com\/de\/420333\/","title":{"rendered":"Mindestens 32 Tote nach israelischen Angriffen auf Gaza-Stadt"},"content":{"rendered":"<p class=\"metatextline\">Stand: 13.09.2025 20:36 Uhr<\/p>\n<p class=\"textabsatz columns twelve  m-ten  m-offset-one l-eight l-offset-two\">\n        <strong>Noch immer harren viele Pal\u00e4stinenser in Gaza-Stadt aus. Trotz der massiven Sch\u00e4den, schlechter Versorgung und inmitten der israelischen Offensive. Bei Angriffen wurden nach pal\u00e4stinensischen Angaben mindestens 32 Menschen get\u00f6tet.<\/strong>\n    <\/p>\n<p class=\"textabsatz m-ten m-offset-one l-eight l-offset-two columns twelve\">Die israelische Armee setzt ihre Milit\u00e4roffensive in Gaza-Stadt unvermindert fort. Noch immer halten sich viele Pal\u00e4stinenser trotz der massiven Sch\u00e4den in der Stadt auf. Bei neuen israelischen Luftangriffen wurden mindestens 32 Menschen get\u00f6tet, wie Mitarbeitende des Al-Schifa-Krankenhauses mitteilten. Unter den Toten seien zw\u00f6lf Kinder. Unabh\u00e4ngig \u00fcberpr\u00fcfen lassen sich diese Angaben nicht.<\/p>\n<p class=\"textabsatz m-ten m-offset-one l-eight l-offset-two columns twelve\">Bei einem der Luftangriffe in der Nacht sei ein Haus im Viertel Scheich Radwan getroffen und dabei eine zehnk\u00f6pfige Familie get\u00f6tet worden, erg\u00e4nzten Vertreter des Gesundheitsministeriums, das von der militant-islamistischen Terrororganisation Hamas kontrolliert wird. Nach den Angriffen stieg Rauch \u00fcber der Gegend auf, wie Aufnahmen zeigten. Das israelische Milit\u00e4r \u00e4u\u00dferte sich bislang nicht zu den Angriffen.<\/p>\n<p class=\"textabsatz m-ten m-offset-one l-eight l-offset-two columns twelve\">Die israelischen Streitkr\u00e4fte haben in den vergangenen Tagen ihre Eins\u00e4tze in Gaza-Stadt ausgeweitet. Die Armee griff zuletzt mehrere Hochh\u00e4user an und behauptete, dass die Hamas Kameras und andere \u00dcberwachungstechnik an den Geb\u00e4uden angebracht habe.<\/p>\n<p>    Israel will Gaza-Stadt vollst\u00e4ndig einnehmen<\/p>\n<p class=\"textabsatz m-ten m-offset-one l-eight l-offset-two columns twelve\">Israels Premierminister Benjamin Netanjahu hatte die Menschen in der Stadt aufgefordert, zu fliehen. UN-Sch\u00e4tzungen zufolge hielten sich zu Beginn der Offensive noch eine Million Pal\u00e4stinenser dort auf. Laut Israels Armeesprecher Avichay Adraee haben bereits eine Viertelmillion Menschen Gaza-Stadt verlassen. Die UN hingegen gehen von 100.000 Personen aus, die zwischen Mitte August und Mitte September die ehemalige Millionenstadt verlassen haben.<\/p>\n<p class=\"textabsatz m-ten m-offset-one l-eight l-offset-two columns twelve\">Die Flucht in den S\u00fcden des K\u00fcstengebiets ist eine enorme Herausforderung f\u00fcr die Menschen, die durch den Krieg kaum noch \u00fcber Ressourcen verf\u00fcgen. Viele mussten bereits mehrfach vor K\u00e4mpfen oder nach israelischen Evakuierungsanordnungen fliehen. Israels Regierung betrachtet Gaza-Stadt als die letzte\u00a0Hochburg der Hamas und will die Stadt vollst\u00e4ndig einnehmen.<\/p>\n<p class=\"textabsatz m-ten m-offset-one l-eight l-offset-two columns twelve\">Die Angriffe auf Gaza-Stadt erfolgen wenige Tage, nachdem <a href=\"https:\/\/www.tagesschau.de\/ausland\/asien\/israel-angriff-hamas-katar-100.html\" title=\"Israelische Milit\u00e4rattacke gegen Hamas-F\u00fchrung in Doha\" target=\"_blank\" rel=\"noopener\">Israel die politische Hamas-F\u00fchrung in Katar bombardiert hatte<\/a>.<\/p>\n<p>    Humanit\u00e4re Zone laut UN \u00fcberlastet<\/p>\n<p class=\"textabsatz m-ten m-offset-one l-eight l-offset-two columns twelve\">Die UN und Hilfsorganisationen warnten zuletzt, dass eine Vertreibung von Hunderttausenden Menschen die humanit\u00e4re Krise im Gazastreifen weiter versch\u00e4rfen w\u00fcrde. Die &#8222;humanit\u00e4re Zone&#8220;, die Israel f\u00fcr die aus Gaza-Stadt Fl\u00fcchtenden vorgesehen hat, sei v\u00f6llig \u00fcberlastet.<\/p>\n<p class=\"textabsatz m-ten m-offset-one l-eight l-offset-two columns twelve\">Viele Menschen k\u00f6nnten sich die Flucht schlicht nicht leisten, sie h\u00e4tten nicht ausreichend Geld, um in den S\u00fcden zu gelangen und dort eine neue Unterkunft zu finden, betonten die UN. Derzeit bef\u00e4nden sich 86.000 Zelte und weitere Hilfsg\u00fcter an der Grenze zum Gazastreifen, bislang fehle laut UN jedoch eine Einfuhrgenehmigung Israels.<\/p>\n<p>    Offenbar weitere Tote durch Mangelern\u00e4hrung<\/p>\n<p class=\"textabsatz m-ten m-offset-one l-eight l-offset-two columns twelve\">Auch Nahrungsmittel erreichen viele Menschen im Gazastreifen nicht. Das Gesundheitsministerium meldete sieben Menschen, die in den vergangenen 24 Stunden durch Mangelern\u00e4hrung gestorben seien.<\/p>\n<p class=\"textabsatz m-ten m-offset-one l-eight l-offset-two columns twelve\">Damit seien seit Beginn des Krieges 420 Menschen an den Folgen des Hungers gestorben, darunter 145 Kinder. Unabh\u00e4ngig \u00fcberpr\u00fcfen lassen sich diese Zahlen derzeit nicht. Das <a href=\"https:\/\/www.tagesschau.de\/ausland\/asien\/hungersnot-gazastreifen-ipc-100.html\" title=\"Hungersnot in Teilen des Gazastreifens erkl\u00e4rt\" target=\"_blank\" rel=\"noopener\">IPC hat f\u00fcr Teile des Gazastreifens eine Hungersnot erkl\u00e4rt<\/a>.<\/p>\n<p>    US-Au\u00dfenminister Rubio reist nach Israel<\/p>\n<p class=\"textabsatz m-ten m-offset-one l-eight l-offset-two columns twelve\">US-Au\u00dfenminister Marco Rubio will heute nach Israel reisen. Bei seinem Besuch wolle er &#8222;die Verpflichtung der USA f\u00fcr die Sicherheit Israels&#8220; bekr\u00e4ftigen und &#8222;operative Ziele und Vorgaben&#8220; besprechen, erkl\u00e4rte das Au\u00dfenministerium in Washington. Vor dem Abflug sagte der Au\u00dfenminister, dass der Angriff in Katar keine Auswirkungen die US-Beziehung zu Israel nicht ver\u00e4ndern werde. &#8222;Nat\u00fcrlich waren wir dar\u00fcber nicht gl\u00fccklich, der Pr\u00e4sident war dar\u00fcber nicht gl\u00fccklich&#8220;, sagte Rubio. Man m\u00fcsse nun \u00fcber die m\u00f6glichen Auswirkungen des Angriffs sprechen.<\/p>\n<p class=\"textabsatz m-ten m-offset-one l-eight l-offset-two columns twelve\">Premier Netanjahu bekr\u00e4ftigte erneut, dass es ein Hauptziel Israels sei, die Hamas-F\u00fchrung &#8222;zu beseitigen&#8220;. &#8222;Die in Katar lebenden Hamas-Terroristenf\u00fchrer k\u00fcmmern sich nicht um die Menschen in Gaza&#8220;, schrieb er auf der Plattform X. &#8222;Sie haben alle Waffenruhebem\u00fchungen blockiert, um den Krieg endlos in die L\u00e4nge zu ziehen.&#8220;<\/p>\n<p class=\"textabsatz m-ten m-offset-one l-eight l-offset-two columns twelve\">Das Vorgehen Israels hat international scharfe Kritik und in Israel gro\u00dfe Proteste ausgel\u00f6st. Der Unmut in Israel speist sich auch aus der Sorge vieler Menschen um die im Gazastreifen verbliebenen Geiseln, von denen etliche in der Stadt Gaza vermutet werden. Etwa 50 Geiseln befinden sich noch in dem K\u00fcstengebiet, nur noch etwa 20 von ihnen sind nach Einsch\u00e4tzung der Regierung Israels am Leben.<\/p>\n","protected":false},"excerpt":{"rendered":"Stand: 13.09.2025 20:36 Uhr Noch immer harren viele Pal\u00e4stinenser in Gaza-Stadt aus. Trotz der massiven Sch\u00e4den, schlechter Versorgung&hellip;\n","protected":false},"author":2,"featured_media":420334,"comment_status":"","ping_status":"","sticky":false,"template":"","format":"standard","meta":{"footnotes":""},"categories":[3],"tags":[13,411,14,6000,15,12,10,8,9,11,103,104],"class_list":{"0":"post-420333","1":"post","2":"type-post","3":"status-publish","4":"format-standard","5":"has-post-thumbnail","7":"category-welt","8":"tag-headlines","9":"tag-israel","10":"tag-nachrichten","11":"tag-nahost","12":"tag-news","13":"tag-schlagzeilen","14":"tag-top-news","15":"tag-top-meldungen","16":"tag-topmeldungen","17":"tag-topnews","18":"tag-welt","19":"tag-world"},"share_on_mastodon":{"url":"https:\/\/pubeurope.com\/@de\/115198789689175041","error":""},"_links":{"self":[{"href":"https:\/\/www.europesays.com\/de\/wp-json\/wp\/v2\/posts\/420333","targetHints":{"allow":["GET"]}}],"collection":[{"href":"https:\/\/www.europesays.com\/de\/wp-json\/wp\/v2\/posts"}],"about":[{"href":"https:\/\/www.europesays.com\/de\/wp-json\/wp\/v2\/types\/post"}],"author":[{"embeddable":true,"href":"https:\/\/www.europesays.com\/de\/wp-json\/wp\/v2\/users\/2"}],"replies":[{"embeddable":true,"href":"https:\/\/www.europesays.com\/de\/wp-json\/wp\/v2\/comments?post=420333"}],"version-history":[{"count":0,"href":"https:\/\/www.europesays.com\/de\/wp-json\/wp\/v2\/posts\/420333\/revisions"}],"wp:featuredmedia":[{"embeddable":true,"href":"https:\/\/www.europesays.com\/de\/wp-json\/wp\/v2\/media\/420334"}],"wp:attachment":[{"href":"https:\/\/www.europesays.com\/de\/wp-json\/wp\/v2\/media?parent=420333"}],"wp:term":[{"taxonomy":"category","embeddable":true,"href":"https:\/\/www.europesays.com\/de\/wp-json\/wp\/v2\/categories?post=420333"},{"taxonomy":"post_tag","embeddable":true,"href":"https:\/\/www.europesays.com\/de\/wp-json\/wp\/v2\/tags?post=420333"}],"curies":[{"name":"wp","href":"https:\/\/api.w.org\/{rel}","templated":true}]}}