{"id":420343,"date":"2025-09-13T20:10:17","date_gmt":"2025-09-13T20:10:17","guid":{"rendered":"https:\/\/www.europesays.com\/de\/420343\/"},"modified":"2025-09-13T20:10:17","modified_gmt":"2025-09-13T20:10:17","slug":"2-liga-holstein-kiel-muss-heute-bei-schalke-04-maximal-performen","status":"publish","type":"post","link":"https:\/\/www.europesays.com\/de\/420343\/","title":{"rendered":"2. Liga: Holstein Kiel muss heute bei Schalke 04 &#8222;maximal performen&#8220;"},"content":{"rendered":"<p>        <img decoding=\"async\" src=\"https:\/\/www.europesays.com\/de\/wp-content\/uploads\/2025\/09\/schalke-440.webp\" alt=\"Steven Skrzybski und Timo Becker (v.l.) von Holstein Kiel stehen mit Schalke-Trikots im Fanblock von Schalke (Foto aus dem Jahr 2024)\" title=\"Steven Skrzybski und Timo Becker (v.l.) von Holstein Kiel stehen mit Schalke-Trikots im Fanblock von Schalke (Foto aus dem Jahr 2024) | IMAGO \/ RHR-Foto\" class=\"responsive\"\/><\/p>\n<p>AUDIO: Holstein Kiels Wiedersehen mit zwei guten Freunden (1 Min)<\/p>\n<p>\n            Stand: 13.09.2025 10:48 Uhr<\/p>\n<p class=\"preface\">F\u00fcr Holstein Kiel steht nach seinem durchwachsenen Start in die neue Saison der zweiten Fu\u00dfball-Bundesliga am Sonnabend die Partie beim FC Schalke 04 auf dem Programm. Dabei trifft KSV-Kapit\u00e4n Steven Skrzybski auf seinen dicken &#8222;Kumpel&#8220; Timo Becker, der ebenso wie Finn Porath von der F\u00f6rde ins Revier gewechselt ist. <\/p>\n<p class=\"\">Irgendwo in diesem riesigen Menschenpulk in der Nordkurve des Fu\u00dfball-Tempels in Gelsenkirchen standen am Abend des 13. April 2024 zwei Profis von Holstein Kiel. Nicht in Trikots der KSV. Und auch nicht inkognito. Steven Skrzybski und Timo Becker hatten sich zwei blaue Schalke-Trikots \u00fcbergestreift, um die &#8222;Knappen&#8220; in der Partie gegen den 1. FC N\u00fcrnberg zu unterst\u00fctzen.<\/p>\n<p class=\"\">Was f\u00fcr den neutralen Betrachter nach einem Scherz aussah, war beiden sehr ernst, obwohl sie ja von einem anderen Club ihren Lohnscheck erhielten. Denn trotz anderweitiger Anstellung machten beide schon damals keinen Hehl daraus, dass sie auch eine sehr gro\u00dfe emotionale Verbindung zum Ruhrpottverein haben.<\/p>\n<p>        <img decoding=\"async\" src=\"https:\/\/www.europesays.com\/de\/wp-content\/uploads\/2025\/08\/1755785782_765_tabelle190.webp\" alt=\"Eine Fu\u00dfballtabelle vor eine Fu\u00dfballmotiv\" title=\"Eine Fu\u00dfballtabelle vor eine Fu\u00dfballmotiv | Colourbox, Pressmaster\" class=\"responsive\" loading=\"lazy\"\/><\/p>\n<p>Ergebnisse, Tabellenst\u00e4nde und die Spieltage im \u00dcberblick.<\/p>\n<p class=\"\">Ein paar Wochen sp\u00e4ter schafften Skrzybski und Becker mit Holstein den Bundesliga-Aufstieg &#8211; und die lange abstiegsgef\u00e4hrdeten Gelsenkirchener verhinderten den Absturz in Liga drei. Es folgten der verpasste Klassenerhalt von Holstein, eine weitere Schalker Sorgensaison sowie der Abgang von Becker und Porath zu den &#8222;Knappen&#8220;, sodass es heute (13 Uhr, <a href=\"https:\/\/www.ndr.de\/sport\/live\" title=\"2. Liga jetzt live: Hannover 96 gegen Hertha BSC hinten\" target=\"_blank\" rel=\"noopener\">im Livecenter bei NDR.de<\/a>) nun zu einer kleinen Wiedersehensparty kommt.<\/p>\n<p>    &#8222;Gehe davon aus, dass sie uns das Leben schwermachen&#8220;<\/p>\n<p class=\"\">Wobei sich die Lust bei KSV-Coach Marcel Rapp offenbar in \u00fcberschaubaren Grenzen h\u00e4lt, mit den beiden Neu-Schalkern am Spieltag viel Zeit zu verbringen. &#8222;Wir freuen uns drauf, dass wir sie sehen. Trotzdem wird es darauf hinauslaufen: Man sagt hallo, spielt gegeneinander und sagt tsch\u00fcss und sieht sich an dem Tag eher nicht mehr&#8220;, sagte der 46-J\u00e4hrige.<\/p>\n<p class=\"\">Und darauf, dass Becker und Porath in Anbetracht des durchwachsenen Saisonstarts der Kieler mit nur einem Erfolg aus vier Partien mit angezogener Handbremse gegen ihren Ex-Verein spielen werden, setzt Rapp auch nicht: &#8222;Ich gehe davon aus, dass sie uns das Leben schwermachen wollen.&#8220;<\/p>\n<p>    Becker und Porath betonen Kieler Verbundenheit<\/p>\n<p>                    <a href=\"https:\/\/www.europesays.com\/de\/wp-content\/uploads\/2025\/09\/porath-110.webp\" class=\"zoomimage\" title=\"Bild vergr\u00f6\u00dfern\"><\/p>\n<p>        <img decoding=\"async\" src=\"https:\/\/www.europesays.com\/de\/wp-content\/uploads\/2025\/09\/porath-110.webp\" alt=\"Finn Porath vom FC Schalke 04 \" title=\"Finn Porath spielte vor seinem Wechsel zu Schalke sechs Jahre bei Holstein Kiel.  | IMAGO \/ RHR-Foto\" class=\"responsive\" loading=\"lazy\"\/><\/p>\n<p>                    <\/a><\/p>\n<p>                    Finn Porath spielte vor seinem Wechsel zu Schalke sechs Jahre bei Holstein Kiel. <\/p>\n<p class=\"\">Sowohl Verteidiger Becker, der von 2022 bis zu diesem Sommer f\u00fcr Kiel kickte, als auch Offensivspieler Porath (von 2019 bis 2025 bei der KSV) werden gegen die &#8222;St\u00f6rche&#8220; wohl in der Startelf stehen. Und beide betonten vor dem Aufeinandertreffen mit den Schleswig-Holsteinern noch einmal, wie sehr sie ihre Zeit an der F\u00f6rde genossen haben und welche Bedeutung die &#8222;St\u00f6rche&#8220; in ihrem Leben spielten.<\/p>\n<p class=\"\">&#8222;Ich habe Holstein viel zu verdanken. Die bislang beste Zeit meiner Karriere hatte ich bei Holstein, dort konnte ich mich entwickeln, in die Bundesliga aufsteigen und bin letztlich der geworden, der ich heute bin. Ich werde Holstein immer im Herzen tragen&#8220;, sagte <a href=\"https:\/\/www.shz.de\/sport\/holstein-kiel\/artikel\/holstein-kiel-gegen-schalke-timo-beckers-duell-der-herzensclubs-49247844\" title=\"Timo Becker trifft mit Schalke auf Holstein Kiel\" class=\"js-link-dialog\" data-type=\"external\" target=\"_blank\" rel=\"noopener\">Becker im Interview mit den Zeitungen des &#8222;Schleswig-Holsteinischen Zeitungsverlags&#8220;<\/a>.<\/p>\n<p>        <img decoding=\"async\" src=\"https:\/\/www.europesays.com\/de\/wp-content\/uploads\/2025\/08\/holsteinkiel4590.webp\" alt=\"Kiel-Trainer Marcel Rapp (l.) und Finn Porath sind frustriert.\" title=\"Kiel-Trainer Marcel Rapp (l.) und Finn Porath sind frustriert. | Witters\/LeonieHorky\" class=\"responsive\" loading=\"lazy\"\/><\/p>\n<p>Der 28-J\u00e4hrige spielte sechs Jahre bei den &#8222;St\u00f6rchen&#8220; und war eines der Gesichter des Bundesliga-Aufstiegs 2024.<\/p>\n<p>    Skrzybski &#8222;vertraglich&#8220; zum Nichtstun verurteilt<\/p>\n<p class=\"\">Der 28-J\u00e4hrige, der einst bei Schalke ausgebildet wurde, berichtet zudem von einem Telefonat mit seinem Kumpel Skrzybski, dessen Kreise er ja vermutlich st\u00f6ren soll. &#8222;Er darf gegen uns kein Tor schie\u00dfen. Das hat er mir vertraglich zugesichert. Spa\u00df beiseite: Er soll sein Bestes geben und wir werden hoffentlich die richtige L\u00f6sung finden, um ihn auszuschalten&#8220;, sagte der Verteidiger.<\/p>\n<p class=\"\">Angst und Bange muss Becker und seinen Schalkern beim Blick auf die bisherigen Kieler Auftritte nach dem Abstieg nicht werden. Die stark umgebaute Mannschaft ist noch auf der Suche nach der richtigen Abstimmung und verlor drei der ersten vier Zweitliga-Spiele.<\/p>\n<p>    Rapp: &#8222;M\u00fcssen maximal performen&#8220;<\/p>\n<p class=\"\">Zweifel am eingeschlagenen Weg inklusive der vielen personellen Ver\u00e4nderungen hat Coach Rapp dennoch nicht. Ich glaube, wir haben einen guten Kader mit viel Potenzial zusammengestellt. Jetzt m\u00fcssen wir einfach ins Punkten kommen&#8220;, sagte der 46-J\u00e4hrige.<\/p>\n<p class=\"\">Dass die Aufgabe auf Schalke, das mit drei Siegen aus vier Partien gestartet ist, zu den aktuell anspruchsvollsten z\u00e4hlt, ist Rapp nat\u00fcrlich bewusst: &#8222;Aber es ist auch egal, wer der Favorit ist. Es geht darum, drei Punkte zu holen. Und daf\u00fcr m\u00fcssen wir maximal performen.&#8220;<\/p>\n<p>    M\u00f6gliche Aufstellungen:<\/p>\n<p class=\"\"><strong>FC Schalke 04:<\/strong> Karius &#8211; T. Becker,\u00a0Katic,\u00a0Kurucay\u00a0&#8211;\u00a0Porath,\u00a0Schallenberg,\u00a0El-Faouzi,\u00a0V. Becker\u00a0-Karaman,\u00a0Antwi-Adjei\u00a0&#8211;\u00a0Gomis<br \/><strong>Holstein Kiel:<\/strong> Krumrey\u00a0&#8211;\u00a0Zec,\u00a0Johansson,\u00a0Komenda\u00a0&#8211;\u00a0Bernhardsson,\u00a0Knudsen,\u00a0Schwab,\u00a0Tolkin\u00a0-Therkelsen\u00a0&#8211;\u00a0Skrzybski,\u00a0Kapralik<\/p>\n<p>        <img decoding=\"async\" src=\"https:\/\/www.europesays.com\/de\/wp-content\/uploads\/2025\/09\/puchacz-100.webp\" alt=\"Tymoteusz Puchacz im Trikot von Holstein Kiel \" title=\"Tymoteusz Puchacz im Trikot von Holstein Kiel  | IMAGO \/ Claus Bergmann\" class=\"responsive\" loading=\"lazy\"\/><\/p>\n<p>Der beim Fu\u00dfball-Zweitligisten KSV freigestellte Linksverteidiger hatte schon einen Medizincheck beim polnischen Club Kattowitz absolviert, wechselte dann aber nach Aserbaidschan. <\/p>\n","protected":false},"excerpt":{"rendered":"AUDIO: Holstein Kiels Wiedersehen mit zwei guten Freunden (1 Min) Stand: 13.09.2025 10:48 Uhr F\u00fcr Holstein Kiel steht&hellip;\n","protected":false},"author":2,"featured_media":420344,"comment_status":"","ping_status":"","sticky":false,"template":"","format":"standard","meta":{"footnotes":""},"categories":[1852],"tags":[621,299,3364,29,548,663,3934,68943,30,13,10243,4949,14,15,12,1971],"class_list":{"0":"post-420343","1":"post","2":"type-post","3":"status-publish","4":"format-standard","5":"has-post-thumbnail","7":"category-kiel","8":"tag-2-bundesliga","9":"tag-bundesliga","10":"tag-de","11":"tag-deutschland","12":"tag-eu","13":"tag-europa","14":"tag-europe","15":"tag-fussball-newsticker","16":"tag-germany","17":"tag-headlines","18":"tag-holstein-kiel","19":"tag-kiel","20":"tag-nachrichten","21":"tag-news","22":"tag-schlagzeilen","23":"tag-schleswig-holstein"},"share_on_mastodon":{"url":"https:\/\/pubeurope.com\/@de\/115198809754033720","error":""},"_links":{"self":[{"href":"https:\/\/www.europesays.com\/de\/wp-json\/wp\/v2\/posts\/420343","targetHints":{"allow":["GET"]}}],"collection":[{"href":"https:\/\/www.europesays.com\/de\/wp-json\/wp\/v2\/posts"}],"about":[{"href":"https:\/\/www.europesays.com\/de\/wp-json\/wp\/v2\/types\/post"}],"author":[{"embeddable":true,"href":"https:\/\/www.europesays.com\/de\/wp-json\/wp\/v2\/users\/2"}],"replies":[{"embeddable":true,"href":"https:\/\/www.europesays.com\/de\/wp-json\/wp\/v2\/comments?post=420343"}],"version-history":[{"count":0,"href":"https:\/\/www.europesays.com\/de\/wp-json\/wp\/v2\/posts\/420343\/revisions"}],"wp:featuredmedia":[{"embeddable":true,"href":"https:\/\/www.europesays.com\/de\/wp-json\/wp\/v2\/media\/420344"}],"wp:attachment":[{"href":"https:\/\/www.europesays.com\/de\/wp-json\/wp\/v2\/media?parent=420343"}],"wp:term":[{"taxonomy":"category","embeddable":true,"href":"https:\/\/www.europesays.com\/de\/wp-json\/wp\/v2\/categories?post=420343"},{"taxonomy":"post_tag","embeddable":true,"href":"https:\/\/www.europesays.com\/de\/wp-json\/wp\/v2\/tags?post=420343"}],"curies":[{"name":"wp","href":"https:\/\/api.w.org\/{rel}","templated":true}]}}