{"id":420373,"date":"2025-09-13T20:27:11","date_gmt":"2025-09-13T20:27:11","guid":{"rendered":"https:\/\/www.europesays.com\/de\/420373\/"},"modified":"2025-09-13T20:27:11","modified_gmt":"2025-09-13T20:27:11","slug":"sc-wiedenbrueck-2000-vfl-bochum-1848-ii-u23-kraeftemessen-der-formschwachen-regionalliga-west","status":"publish","type":"post","link":"https:\/\/www.europesays.com\/de\/420373\/","title":{"rendered":"SC Wiedenbr\u00fcck 2000 &#8211; VfL Bochum 1848 II (U23): Kr\u00e4ftemessen der Formschwachen &#8211; Regionalliga West"},"content":{"rendered":"<p class=\"is-first-paragraph\" data-external=\"Article.FirstParagraph\">FC K\u00f6ln II mit 0:1 beugen.<\/p>\n<p>Der SC Wiedenbr\u00fcck 2000 muss sich ohne Zweifel um die eigene Abwehr k\u00fcmmern. Im Schnitt kassierte das Team mehr als zwei Gegentreffer pro Spiel. Die Ursache f\u00fcr das bis dato entt\u00e4uschende Abschneiden der Gastgeber liegt insbesondere in der l\u00f6chrigen Abwehr, die sich bereits 17 Gegentreffer fing.<\/p>\n<p>Die Mannschaften liegen auf Schlagdistanz zueinander. Nur einen Punkt betr\u00e4gt der Abstand in der Tabelle. Auch wenn VfL Bochum 1848 II (U23) mit vier Niederlagen seltener verlor, steht Wiedenbr\u00fcck mit sechs Punkten auf Platz 14 und damit vor Bochum II. Der SCW wie auch VfL II haben in letzter Zeit wenig gegl\u00e4nzt, sodass beide aus den letzten f\u00fcnf Partien jeweils nur einmal als Sieger vom Feld gingen.<\/p>\n<p>Die Zuschauer d\u00fcrfen ein ausgeglichenes Spiel zweier gleichwertiger Mannschaften erwarten \u2013 zumindest l\u00e4sst das bisherige Saisonabschneiden der beiden Teams diese Schlussfolgerung zu.<\/p>\n<p><b>Dieser Artikel wurde automatisch von unserem Partner Retresco anhand von Spieldaten erstellt.<\/b><\/p>\n","protected":false},"excerpt":{"rendered":"FC K\u00f6ln II mit 0:1 beugen. Der SC Wiedenbr\u00fcck 2000 muss sich ohne Zweifel um die eigene Abwehr&hellip;\n","protected":false},"author":2,"featured_media":420374,"comment_status":"","ping_status":"","sticky":false,"template":"","format":"standard","meta":{"footnotes":""},"categories":[1839],"tags":[7507,3364,29,30,1209,3694],"class_list":{"0":"post-420373","1":"post","2":"type-post","3":"status-publish","4":"format-standard","5":"has-post-thumbnail","7":"category-bochum","8":"tag-bochum","9":"tag-de","10":"tag-deutschland","11":"tag-germany","12":"tag-nordrhein-westfalen","13":"tag-textengine"},"share_on_mastodon":{"url":"https:\/\/pubeurope.com\/@de\/115198875690466870","error":""},"_links":{"self":[{"href":"https:\/\/www.europesays.com\/de\/wp-json\/wp\/v2\/posts\/420373","targetHints":{"allow":["GET"]}}],"collection":[{"href":"https:\/\/www.europesays.com\/de\/wp-json\/wp\/v2\/posts"}],"about":[{"href":"https:\/\/www.europesays.com\/de\/wp-json\/wp\/v2\/types\/post"}],"author":[{"embeddable":true,"href":"https:\/\/www.europesays.com\/de\/wp-json\/wp\/v2\/users\/2"}],"replies":[{"embeddable":true,"href":"https:\/\/www.europesays.com\/de\/wp-json\/wp\/v2\/comments?post=420373"}],"version-history":[{"count":0,"href":"https:\/\/www.europesays.com\/de\/wp-json\/wp\/v2\/posts\/420373\/revisions"}],"wp:featuredmedia":[{"embeddable":true,"href":"https:\/\/www.europesays.com\/de\/wp-json\/wp\/v2\/media\/420374"}],"wp:attachment":[{"href":"https:\/\/www.europesays.com\/de\/wp-json\/wp\/v2\/media?parent=420373"}],"wp:term":[{"taxonomy":"category","embeddable":true,"href":"https:\/\/www.europesays.com\/de\/wp-json\/wp\/v2\/categories?post=420373"},{"taxonomy":"post_tag","embeddable":true,"href":"https:\/\/www.europesays.com\/de\/wp-json\/wp\/v2\/tags?post=420373"}],"curies":[{"name":"wp","href":"https:\/\/api.w.org\/{rel}","templated":true}]}}