{"id":420377,"date":"2025-09-13T20:29:10","date_gmt":"2025-09-13T20:29:10","guid":{"rendered":"https:\/\/www.europesays.com\/de\/420377\/"},"modified":"2025-09-13T20:29:10","modified_gmt":"2025-09-13T20:29:10","slug":"ihr-seid-nicht-allein-prinz-harry-appelliert-eindringlich-an-ukrainische-soldaten","status":"publish","type":"post","link":"https:\/\/www.europesays.com\/de\/420377\/","title":{"rendered":"&#8222;Ihr seid nicht allein&#8220;: Prinz Harry appelliert eindringlich an ukrainische Soldaten"},"content":{"rendered":"<p>                    &#8222;Ihr seid nicht allein&#8220;<br \/>\n                Prinz Harry appelliert eindringlich an ukrainische Soldaten<\/p>\n<p>\t\t\t\t              13.09.2025, 21:59 Uhr<\/p>\n<p>\t\t\t\t\t       Artikel anh\u00f6ren<\/p>\n<p>\t\t\t\t\t\t\tDiese Audioversion wurde k\u00fcnstlich generiert. <a href=\"https:\/\/www.n-tv.de\/23249898\" rel=\"nofollow noopener\" target=\"_blank\">Mehr Infos<\/a><\/p>\n<p><strong>Auf Einladung der ukrainischen Regierung reist Prinz Harry in das Kriegsgebiet. Dabei richtet er wichtige Worte an Veteranen und spricht aus eigener Erfahrung. <\/strong><\/p>\n<p>Prinz Harry hat w\u00e4hrend seines \u00dcberraschungsbesuchs in der Ukraine einen wichtigen Appell an Soldaten gerichtet. Bei einem Treffen mit verwundeten Veteranen stellte der Royal vor allem Rehabilitation und mentale Gesundheit in den Mittelpunkt &#8211; beides Themen, die ihn seit Jahren pers\u00f6nlich begleiten.<\/p>\n<p>&#8222;Ihr werdet euch manchmal verloren f\u00fchlen, ohne Aufgabe. Doch so dunkel die Tage auch sind &#8211; am Ende des Tunnels gibt es Licht&#8220;, sagte Harry laut &#8222;People&#8220; in einer Diskussionsrunde mit den Veteranen. Entscheidend sei, sich nicht zu verschlie\u00dfen: &#8222;Schweigen h\u00e4lt euch im Dunkeln. \u00d6ffnet euch gegen\u00fcber euren Freunden und Familien, denn so gebt ihr auch ihnen die Erlaubnis, dasselbe zu tun&#8220;, appellierte Harry.<\/p>\n<p>Der Royal spricht aus eigener Erfahrung: Er diente zehn Jahre in der britischen Armee, absolvierte zwei Eins\u00e4tze in Afghanistan und hat offen \u00fcber seine Schwierigkeiten beim \u00dcbergang ins zivile Leben berichtet. Umso wichtiger sei es, den R\u00fcckhalt durch Angeh\u00f6rige zuzulassen: &#8222;Es ist normal, sich verloren zu f\u00fchlen. Doch ihr seid nicht allein. Es wird immer jemanden geben &#8211; eine Mutter, einen Vater, ein Geschwisterteil, einen Freund oder einen Kameraden &#8211; der euch auffangen kann&#8220;, betonte er in Kiew.<\/p>\n<p>Dar\u00fcber hinaus w\u00fcrdigte Harry die Familien der Soldaten, die ebenfalls Opfer bringen. &#8222;Die Ehefrauen und M\u00fctter, die ihre Lieben auf Kurs halten und unterst\u00fctzen, verdienen genauso viel Respekt wie jeder, der dient&#8220;, sagte er. Seine Worte spiegeln auch die pers\u00f6nliche Unterst\u00fctzung wider, die er selbst von Ehefrau Meghan und seiner Familie erf\u00e4hrt.<\/p>\n<p>Harry im Kriegsgebiet<\/p>\n<p>Prinz Harry reiste gemeinsam mit einem Team seiner Invictus Games Foundation auf Einladung der ukrainischen Regierung in das Kriegsgebiet. Bei dem Besuch geht es um neue Initiativen zur Unterst\u00fctzung der Rehabilitation von Verwundeten. &#8222;Wir k\u00f6nnen den Krieg nicht stoppen, aber was wir tun k\u00f6nnen, ist alles in unserer Macht Stehende f\u00fcr den Genesungsprozess zu tun&#8220;, sagte Harry dem &#8222;Guardian&#8220;.<\/p>\n<p>Harry f\u00fchrte Gespr\u00e4che mit der ukrainischen Ministerin f\u00fcr Veteranenangelegenheiten, Natalia Kalmykova, \u00fcber die langfristige Unterst\u00fctzung durch die Invictus Games Foundation. Mit mehr als 150.000 schwer verwundeten Soldaten in der Ukraine ist der Bedarf an Rehabilitation dringend. Harrys Team k\u00fcndigte an, dass die Ukraine in Zukunft ein Schwerpunkt ihrer Arbeit sein werde.<\/p>\n<p>Bei einer Podiumsdiskussion mit Captain Olexiy Tiunin von Invictus Team Ukraine und weiteren Vertretern des Superhumans Centers sprach Harry \u00fcber konkrete Unterst\u00fctzungsma\u00dfnahmen und \u00fcber die Arbeit der Stiftung, die Rehabilitation und Integration f\u00fcr verwundete Soldaten weltweit f\u00f6rdert. Au\u00dferdem besuchte er ein Fundraising-Lunch, um die Expansion des Superhumans Centers auf bis zu f\u00fcnf neue Rehabilitationszentren zu unterst\u00fctzen. Der Besuch endete am Maidan-Platz, wo Harry einen Kranz zum Gedenken an die Gefallenen der Ukraine niederlegte.<\/p>\n","protected":false},"excerpt":{"rendered":"&#8222;Ihr seid nicht allein&#8220; Prinz Harry appelliert eindringlich an ukrainische Soldaten 13.09.2025, 21:59 Uhr Artikel anh\u00f6ren Diese Audioversion&hellip;\n","protected":false},"author":2,"featured_media":420378,"comment_status":"","ping_status":"","sticky":false,"template":"","format":"standard","meta":{"footnotes":""},"categories":[4012],"tags":[331,332,661,13,5793,451,14,15,567,12,317,215],"class_list":{"0":"post-420377","1":"post","2":"type-post","3":"status-publish","4":"format-standard","5":"has-post-thumbnail","7":"category-ukraine","8":"tag-aktuelle-nachrichten","9":"tag-aktuelle-news","10":"tag-angriff-auf-die-ukraine","11":"tag-headlines","12":"tag-kiew","13":"tag-militaer","14":"tag-nachrichten","15":"tag-news","16":"tag-prinz-harry","17":"tag-schlagzeilen","18":"tag-ukraine","19":"tag-unterhaltung"},"share_on_mastodon":{"url":"https:\/\/pubeurope.com\/@de\/115198883664677890","error":""},"_links":{"self":[{"href":"https:\/\/www.europesays.com\/de\/wp-json\/wp\/v2\/posts\/420377","targetHints":{"allow":["GET"]}}],"collection":[{"href":"https:\/\/www.europesays.com\/de\/wp-json\/wp\/v2\/posts"}],"about":[{"href":"https:\/\/www.europesays.com\/de\/wp-json\/wp\/v2\/types\/post"}],"author":[{"embeddable":true,"href":"https:\/\/www.europesays.com\/de\/wp-json\/wp\/v2\/users\/2"}],"replies":[{"embeddable":true,"href":"https:\/\/www.europesays.com\/de\/wp-json\/wp\/v2\/comments?post=420377"}],"version-history":[{"count":0,"href":"https:\/\/www.europesays.com\/de\/wp-json\/wp\/v2\/posts\/420377\/revisions"}],"wp:featuredmedia":[{"embeddable":true,"href":"https:\/\/www.europesays.com\/de\/wp-json\/wp\/v2\/media\/420378"}],"wp:attachment":[{"href":"https:\/\/www.europesays.com\/de\/wp-json\/wp\/v2\/media?parent=420377"}],"wp:term":[{"taxonomy":"category","embeddable":true,"href":"https:\/\/www.europesays.com\/de\/wp-json\/wp\/v2\/categories?post=420377"},{"taxonomy":"post_tag","embeddable":true,"href":"https:\/\/www.europesays.com\/de\/wp-json\/wp\/v2\/tags?post=420377"}],"curies":[{"name":"wp","href":"https:\/\/api.w.org\/{rel}","templated":true}]}}