{"id":420383,"date":"2025-09-13T20:32:16","date_gmt":"2025-09-13T20:32:16","guid":{"rendered":"https:\/\/www.europesays.com\/de\/420383\/"},"modified":"2025-09-13T20:32:16","modified_gmt":"2025-09-13T20:32:16","slug":"kreditwuerdigkeit-herabgestuft-rating-agentur-fitch-senkt-ausblick-fuer-frankreich","status":"publish","type":"post","link":"https:\/\/www.europesays.com\/de\/420383\/","title":{"rendered":"Kreditw\u00fcrdigkeit herabgestuft: Rating-Agentur Fitch senkt Ausblick f\u00fcr Frankreich"},"content":{"rendered":"<p>                    Kreditw\u00fcrdigkeit herabgestuft<br \/>\n                Rating-Agentur Fitch senkt Ausblick f\u00fcr Frankreich<\/p>\n<p>\t\t\t\t              13.09.2025, 00:30 Uhr<\/p>\n<p>\t\t\t\t\t       Artikel anh\u00f6ren<\/p>\n<p>\t\t\t\t\t\t\tDiese Audioversion wurde k\u00fcnstlich generiert. <a href=\"https:\/\/www.n-tv.de\/23249898\" target=\"_blank\" rel=\"noopener\">Mehr Infos<\/a><\/p>\n<p><strong>Die Regierungskrise in Frankreich sorgt f\u00fcr Turbulenzen an den Finanzm\u00e4rkten. F\u00fcr Kredite muss Paris k\u00fcnftig h\u00f6here Zinsen zahlen. Nun senkt die US-Ratingagentur Fitch wegen ausufernder Schulden und politischer Instabilit\u00e4t die Bonit\u00e4tsnote. <\/strong><\/p>\n<p>Die Rating-Agentur Fitch hat die Kreditw\u00fcrdigkeit Frankreichs herabgestuft. Die aktualisierte Bewertung der Bonit\u00e4t des franz\u00f6sischen Staats liegt nun bei A+ mit stabilem Ausblick. Fitch begr\u00fcndete die Herabstufung mit der politischen Instabilit\u00e4t im Land und insbesondere der Schwierigkeit, einen Haushalt aufzustellen &#8211; was wiederum den Bem\u00fchungen entgegenlaufe, die hohe Staatsverschuldung in den Griff zu bekommen.<\/p>\n<p>Die in den USA ans\u00e4ssige Agentur verwies insbesondere auf den j\u00fcngsten R\u00fccktritt von Premierminister Fran\u00e7ois Bayrou nach einer gescheiterten Vertrauensfrage und auf die &#8222;wachsende Polarisierung&#8220; der franz\u00f6sischen Innenpolitik. Angesichts dieser Entwicklungen ist es nach Einsch\u00e4tzung von Fitch unwahrscheinlich, dass das Haushaltsdefizit bis 2029 wie von der Regierung angestrebt unter drei Prozent der j\u00e4hrlichen Wirtschaftsleistung gesenkt wird.<\/p>\n<p>Die bisherige Einstufung lag bei AA-, also sehr gut bis gut. Der Regierungssturz am Montag hatte bereits f\u00fcr Unruhe auf den Finanzm\u00e4rkten gesorgt. Der Zinssatz, den der franz\u00f6sische Staat K\u00e4ufern von zehnj\u00e4hrigen Anleihen zahlen muss, war anschlie\u00dfend erstmals seit Jahren auf das Niveau Italiens gestiegen, auf etwa 3,5 Prozent.<\/p>\n<p>Defizit bei fast sechs Prozent des BIP<\/p>\n<p>Frankreichs Finanzlage ist seit Langem so schlecht, dass das Land mittlerweile zu den Schlu\u00dflichtern Europas z\u00e4hlt. Beim Schuldenstand lag Frankreich im vergangenen Jahr europaweit an dritter Stelle hinter Griechenland und Italien. Knapp 114 Prozent des Bruttoinlandsprodukts (BIP) machten die Schulden 2024 aus. Das Defizit betrug im vergangenen Jahr 5,8 Prozent des BIP.<\/p>\n<p>Frankreichs neuer Premierminister S\u00e9bastien Lecornu bem\u00fcht sich derzeit um einen Kompromiss unter den verschiedenen politischen Lagern, um einen Sparhaushalt f\u00fcr 2026 durch die Nationalversammlung zu bringen. Sein Vorg\u00e4nger Bayrou hatte 44 Milliarden Euro einsparen sollen, war mit seinen Pl\u00e4nen aber auf heftigen Widerstand gesto\u00dfen. Insbesondere der Vorschlag, zwei Feiertage zu streichen, hatte Unmut in der Bev\u00f6lkerung ausgel\u00f6st.<\/p>\n<p>Es wird damit gerechnet, dass Lecornu Zugest\u00e4ndnisse an die links-gr\u00fcne Opposition machen muss, um seinen Haushalt durch das Parlament zu bekommen. Daf\u00fcr ist er auf die Stimmen der Sozialisten angewiesen, die einen Gegenentwurf vorgelegt hatten. Sie dr\u00e4ngen insbesondere darauf, gro\u00dfe Unternehmen und Superreiche st\u00e4rker zur Kasse zu bitten. Dies steht im Widerspruch zur bisherigen wirtschaftsfreundlichen Politik von Frankreichs Pr\u00e4sident Emmanuel Macron.<\/p>\n","protected":false},"excerpt":{"rendered":"Kreditw\u00fcrdigkeit herabgestuft Rating-Agentur Fitch senkt Ausblick f\u00fcr Frankreich 13.09.2025, 00:30 Uhr Artikel anh\u00f6ren Diese Audioversion wurde k\u00fcnstlich generiert.&hellip;\n","protected":false},"author":2,"featured_media":420384,"comment_status":"","ping_status":"","sticky":false,"template":"","format":"standard","meta":{"footnotes":""},"categories":[3974],"tags":[331,332,1356,548,663,110428,3934,110427,3980,156,13,14,15,33289,12,16153,55],"class_list":{"0":"post-420383","1":"post","2":"type-post","3":"status-publish","4":"format-standard","5":"has-post-thumbnail","7":"category-frankreich","8":"tag-aktuelle-nachrichten","9":"tag-aktuelle-news","10":"tag-emmanuel-macron","11":"tag-eu","12":"tag-europa","13":"tag-europaeische-schuldenkrise","14":"tag-europe","15":"tag-fitch-ratings","16":"tag-france","17":"tag-frankreich","18":"tag-headlines","19":"tag-nachrichten","20":"tag-news","21":"tag-regierungskrise","22":"tag-schlagzeilen","23":"tag-staatsverschuldung","24":"tag-wirtschaft"},"share_on_mastodon":{"url":"https:\/\/pubeurope.com\/@de\/115198895516823603","error":""},"_links":{"self":[{"href":"https:\/\/www.europesays.com\/de\/wp-json\/wp\/v2\/posts\/420383","targetHints":{"allow":["GET"]}}],"collection":[{"href":"https:\/\/www.europesays.com\/de\/wp-json\/wp\/v2\/posts"}],"about":[{"href":"https:\/\/www.europesays.com\/de\/wp-json\/wp\/v2\/types\/post"}],"author":[{"embeddable":true,"href":"https:\/\/www.europesays.com\/de\/wp-json\/wp\/v2\/users\/2"}],"replies":[{"embeddable":true,"href":"https:\/\/www.europesays.com\/de\/wp-json\/wp\/v2\/comments?post=420383"}],"version-history":[{"count":0,"href":"https:\/\/www.europesays.com\/de\/wp-json\/wp\/v2\/posts\/420383\/revisions"}],"wp:featuredmedia":[{"embeddable":true,"href":"https:\/\/www.europesays.com\/de\/wp-json\/wp\/v2\/media\/420384"}],"wp:attachment":[{"href":"https:\/\/www.europesays.com\/de\/wp-json\/wp\/v2\/media?parent=420383"}],"wp:term":[{"taxonomy":"category","embeddable":true,"href":"https:\/\/www.europesays.com\/de\/wp-json\/wp\/v2\/categories?post=420383"},{"taxonomy":"post_tag","embeddable":true,"href":"https:\/\/www.europesays.com\/de\/wp-json\/wp\/v2\/tags?post=420383"}],"curies":[{"name":"wp","href":"https:\/\/api.w.org\/{rel}","templated":true}]}}