{"id":420390,"date":"2025-09-13T20:36:14","date_gmt":"2025-09-13T20:36:14","guid":{"rendered":"https:\/\/www.europesays.com\/de\/420390\/"},"modified":"2025-09-13T20:36:14","modified_gmt":"2025-09-13T20:36:14","slug":"schlagerstar-schlagersaenger-andreas-martin-mit-72-jahren-gestorben","status":"publish","type":"post","link":"https:\/\/www.europesays.com\/de\/420390\/","title":{"rendered":"Schlagerstar: Schlagers\u00e4nger Andreas Martin mit 72 Jahren gestorben"},"content":{"rendered":"<p>\n                        Mit seinen Auftritten in der ZDF-&#8222;Hitparade&#8220; wurde Andreas Martin als Schlagers\u00e4nger bekannt. Nun ist der Berliner im Alter von 72 Jahren gestorben.\n                    <\/p>\n<p>        Ihr Browser unterst\u00fctzt die Wiedergabe von Audio Dateien nicht. Download der Datei als mp3: https:\/\/zon-speechbert-production.s3.eu-central-1.amazonaws.com\/articles\/32793d11-4e71-4ef7-a24f-b50f8454353e\/full_9e1f107419a4760586746af33b3862ddd57607e06c2b95cc4c409a83c7d5729fb18fd77660d9dc51a8a3689543dce8d0.mp3    <\/p>\n<p>                    1 Min.<\/p>\n<p>            -1:09<\/p>\n<p>            0.5x<br \/>\n            0.75x<br \/>\n            1.0x<br \/>\n            1.25x<br \/>\n            1.5x<br \/>\n            2.0x<\/p>\n<p>        <a class=\"z-text-button\" href=\"#comments\" title=\"Kommentare anzeigen\" data-ct-row=\"comments\" data-ct-column=\"false\"><\/p>\n<p>            2<br \/>\n            Kommentare<br \/>\n        <\/a><br \/>\n    Zusammenfassen<\/p>\n<p>                Schlie\u00dfen<br \/>\n                Artikelzusammenfassung<\/p>\n<p>Der Schlagers\u00e4nger Andreas Martin ist tot. Der 72-J\u00e4hrige starb in Neunkirchen, wie sein Manager best\u00e4tigte. Bekannt aus der ZDF-Hitparade feierte er Erfolge in den 80er- und 90er-Jahren. Als Komponist schrieb er auch f\u00fcr andere K\u00fcnstler. Nach seinem letzten Album zog er sich aus der \u00d6ffentlichkeit zur\u00fcck. Die Beerdigung wird im engsten Kreis stattfinden.<\/p>\n<p>                Dies ist ein experimentelles Tool. Die Resultate k\u00f6nnen unvollst\u00e4ndig, veraltet oder sogar falsch sein.<\/p>\n<p class=\"summy__feedback-paragraph\">Fanden Sie die Zusammenfassung hilfreich? <\/p>\n<p>                        Gef\u00e4llt mir<\/p>\n<p>                        Gef\u00e4llt mir<\/p>\n<p>                        Gef\u00e4llt mir nicht<\/p>\n<p>                        Gef\u00e4llt mir nicht<\/p>\n<p>                        Send<\/p>\n<p>        Diese Audioversion wurde k\u00fcnstlich erzeugt.<\/p>\n<p>                        Schlie\u00dfen<br \/>\n                        Die Audioversion dieses Artikels wurde k\u00fcnstlich erzeugt.<br \/>\n                        Wir entwickeln dieses Angebot stetig weiter und freuen uns \u00fcber <a href=\"https:\/\/www.zeit.de\/kultur\/musik\/2025-09\/mailto:audiofeedback@zeit.de?subject=Feedback%20TTS\" target=\"_blank\" rel=\"noopener\">Ihr Feedback<\/a>.<\/p>\n<p>            <img decoding=\"async\" class=\"article__media-item\" src=\"https:\/\/www.europesays.com\/de\/wp-content\/uploads\/2025\/09\/1757795774_242_wide__1000x562.jpeg\" alt=\"Schlagerstar: Andreas Martin im Oktober 2016 in Coswig\"\/><\/p>\n<p>                    Andreas Martin im Oktober 2016 in Coswig<br \/>\n            \u00a9\u00a0imago images<\/p>\n<p class=\"paragraph article__item\">Der aus <a class=\"rtr-entity\" href=\"https:\/\/www.zeit.de\/thema\/berlin\" target=\"_blank\" rel=\"noopener\">Berlin<\/a> stammende Schlagers\u00e4nger Andreas Martin ist tot. Im nordrhein-westf\u00e4lischen Neunkirchen ist der 72-J\u00e4hrige am fr\u00fchen Samstagmorgen gestorben, wie sein Manager Joseph Thomann der Nachrichtenagentur dpa best\u00e4tigte. Zuvor hatte die\u00a0Bild-Zeitung von Martins Tod berichtet.\n<\/p>\n<p class=\"paragraph article__item\">Bekannt wurde Martin durch seine Auftritte in der <a href=\"https:\/\/www.zeit.de\/thema\/zdf\" class=\"\" target=\"_blank\" rel=\"noopener\">ZDF<\/a>-Hitparade. Seine gr\u00f6\u00dften Erfolge feierte er in den 1980er- und 1990er-Jahren mit Liedern wie Deine Fl\u00fcgel fangen Feuer und Amore Mio. Er schrieb und produzierte aber auch als Komponist St\u00fccke f\u00fcr andere K\u00fcnstler wie Wolfgang Petry oder Engelbert.\n<\/p>\n<p class=\"paragraph article__item\">In den vergangenen Jahren hatte sich der S\u00e4nger weitgehend aus der \u00d6ffentlichkeit zur\u00fcckgezogen. Vor zwei Jahren war sein letztes Album Hier in dem Moment erschienen. Seine Beerdigung wird Anfang Oktober im engsten Kreis stattfinden.\n<\/p>\n<p>            Kondolenzbuch<\/p>\n<p class=\"paragraph article__item\">Liebe Leserinnen und Leser,<br \/>im Kommentarbereich dieses Artikels wollen wir Ihnen mit einem    Kondolenzbuch die M\u00f6glichkeit geben, Ihre Erinnerungen und Gedanken zu  teilen. Die Wahrung der Piet\u00e4t ist uns bei   Todesf\u00e4llen wichtig,  weswegen alle Kommentare vor der Ver\u00f6ffentlichung   gepr\u00fcft werden.<\/p>\n","protected":false},"excerpt":{"rendered":"Mit seinen Auftritten in der ZDF-&#8222;Hitparade&#8220; wurde Andreas Martin als Schlagers\u00e4nger bekannt. Nun ist der Berliner im Alter&hellip;\n","protected":false},"author":2,"featured_media":420391,"comment_status":"","ping_status":"","sticky":false,"template":"","format":"standard","meta":{"footnotes":""},"categories":[5],"tags":[331,332,110368,296,3364,29,30,13,89520,80,14,15,24320,12],"class_list":{"0":"post-420390","1":"post","2":"type-post","3":"status-publish","4":"format-standard","5":"has-post-thumbnail","7":"category-nachrichten","8":"tag-aktuelle-nachrichten","9":"tag-aktuelle-news","10":"tag-andreas-martin","11":"tag-berlin","12":"tag-de","13":"tag-deutschland","14":"tag-germany","15":"tag-headlines","16":"tag-hitparade","17":"tag-kultur","18":"tag-nachrichten","19":"tag-news","20":"tag-schlagerstar","21":"tag-schlagzeilen"},"share_on_mastodon":{"url":"https:\/\/pubeurope.com\/@de\/115198911607235715","error":""},"_links":{"self":[{"href":"https:\/\/www.europesays.com\/de\/wp-json\/wp\/v2\/posts\/420390","targetHints":{"allow":["GET"]}}],"collection":[{"href":"https:\/\/www.europesays.com\/de\/wp-json\/wp\/v2\/posts"}],"about":[{"href":"https:\/\/www.europesays.com\/de\/wp-json\/wp\/v2\/types\/post"}],"author":[{"embeddable":true,"href":"https:\/\/www.europesays.com\/de\/wp-json\/wp\/v2\/users\/2"}],"replies":[{"embeddable":true,"href":"https:\/\/www.europesays.com\/de\/wp-json\/wp\/v2\/comments?post=420390"}],"version-history":[{"count":0,"href":"https:\/\/www.europesays.com\/de\/wp-json\/wp\/v2\/posts\/420390\/revisions"}],"wp:featuredmedia":[{"embeddable":true,"href":"https:\/\/www.europesays.com\/de\/wp-json\/wp\/v2\/media\/420391"}],"wp:attachment":[{"href":"https:\/\/www.europesays.com\/de\/wp-json\/wp\/v2\/media?parent=420390"}],"wp:term":[{"taxonomy":"category","embeddable":true,"href":"https:\/\/www.europesays.com\/de\/wp-json\/wp\/v2\/categories?post=420390"},{"taxonomy":"post_tag","embeddable":true,"href":"https:\/\/www.europesays.com\/de\/wp-json\/wp\/v2\/tags?post=420390"}],"curies":[{"name":"wp","href":"https:\/\/api.w.org\/{rel}","templated":true}]}}