{"id":420421,"date":"2025-09-13T20:54:12","date_gmt":"2025-09-13T20:54:12","guid":{"rendered":"https:\/\/www.europesays.com\/de\/420421\/"},"modified":"2025-09-13T20:54:12","modified_gmt":"2025-09-13T20:54:12","slug":"borussia-dortmund-ii-fc-guetersloh-gewollt-der-erste-heimsieg-regionalliga-west","status":"publish","type":"post","link":"https:\/\/www.europesays.com\/de\/420421\/","title":{"rendered":"Borussia Dortmund II &#8211; FC G\u00fctersloh: Gewollt: der erste Heimsieg &#8211; Regionalliga West"},"content":{"rendered":"<p>Beim kommenden Gegner der Reserve des BVB lief es zuletzt wie am Schn\u00fcrchen \u2013 G\u00fctersloh wird mit Sicherheit eine knifflige Aufgabe.<\/p>\n<p class=\"is-first-paragraph\" data-external=\"Article.FirstParagraph\">Bei Rot-Wei\u00df Oberhausen gab es f\u00fcr Borussia Dortmund II am letzten Spieltag nichts zu holen. Am Ende stand eine 1:2-Niederlage. Letzte Woche siegte der FC G\u00fctersloh gegen den SV R\u00f6dinghausen mit 2:0. Somit nimmt der FCG mit 16 Punkten den zweiten Tabellenplatz ein.<\/p>\n<p>Daheim hat Dortmund II die Form noch nicht gefunden: Die zwei Punkte aus drei Partien sind eine verbesserungsw\u00fcrdige Bilanz. Mehr als Platz elf ist f\u00fcr das Heimteam gerade nicht drin. Der BVB f\u00f6rderte aus den bisherigen Spielen zwei Siege, zwei Remis und drei Pleiten zutage.<\/p>\n<p>Der Angriff von G\u00fctersloh wusste bisher durchaus zu \u00fcberzeugen und schlug schon 18-mal zu. F\u00fcnf Siege, ein Remis und eine Niederlage tragen zur Momentaufnahme des Gasts bei.<\/p>\n<p>Die Spielzeit von Borussia Dortmund II war bislang von gro\u00dfer Defensivnot gepr\u00e4gt. Kann Dortmund II den Schalter ausgerechnet im n\u00e4chsten Spiel umlegen, z\u00e4hlt der FCG doch zu den torgef\u00e4hrlichsten Mannschaften der Liga?<\/p>\n<p>Der BVB hat mit dem FC G\u00fctersloh im n\u00e4chsten Match keine leichte Aufgabe vor der Brust und muss ans Leistungslimit gehen, um etwas Z\u00e4hlbares zu holen.<\/p>\n<p><b>Dieser Artikel wurde automatisch von unserem Partner Retresco anhand von Spieldaten erstellt.<\/b><\/p>\n<p>FUSSBALL.DE<\/p>\n","protected":false},"excerpt":{"rendered":"Beim kommenden Gegner der Reserve des BVB lief es zuletzt wie am Schn\u00fcrchen \u2013 G\u00fctersloh wird mit Sicherheit&hellip;\n","protected":false},"author":2,"featured_media":420422,"comment_status":"","ping_status":"","sticky":false,"template":"","format":"standard","meta":{"footnotes":""},"categories":[1833],"tags":[3364,29,217,30,1209,3694],"class_list":{"0":"post-420421","1":"post","2":"type-post","3":"status-publish","4":"format-standard","5":"has-post-thumbnail","7":"category-dortmund","8":"tag-de","9":"tag-deutschland","10":"tag-dortmund","11":"tag-germany","12":"tag-nordrhein-westfalen","13":"tag-textengine"},"share_on_mastodon":{"url":"https:\/\/pubeurope.com\/@de\/115198982718233598","error":""},"_links":{"self":[{"href":"https:\/\/www.europesays.com\/de\/wp-json\/wp\/v2\/posts\/420421","targetHints":{"allow":["GET"]}}],"collection":[{"href":"https:\/\/www.europesays.com\/de\/wp-json\/wp\/v2\/posts"}],"about":[{"href":"https:\/\/www.europesays.com\/de\/wp-json\/wp\/v2\/types\/post"}],"author":[{"embeddable":true,"href":"https:\/\/www.europesays.com\/de\/wp-json\/wp\/v2\/users\/2"}],"replies":[{"embeddable":true,"href":"https:\/\/www.europesays.com\/de\/wp-json\/wp\/v2\/comments?post=420421"}],"version-history":[{"count":0,"href":"https:\/\/www.europesays.com\/de\/wp-json\/wp\/v2\/posts\/420421\/revisions"}],"wp:featuredmedia":[{"embeddable":true,"href":"https:\/\/www.europesays.com\/de\/wp-json\/wp\/v2\/media\/420422"}],"wp:attachment":[{"href":"https:\/\/www.europesays.com\/de\/wp-json\/wp\/v2\/media?parent=420421"}],"wp:term":[{"taxonomy":"category","embeddable":true,"href":"https:\/\/www.europesays.com\/de\/wp-json\/wp\/v2\/categories?post=420421"},{"taxonomy":"post_tag","embeddable":true,"href":"https:\/\/www.europesays.com\/de\/wp-json\/wp\/v2\/tags?post=420421"}],"curies":[{"name":"wp","href":"https:\/\/api.w.org\/{rel}","templated":true}]}}