{"id":420493,"date":"2025-09-13T21:32:12","date_gmt":"2025-09-13T21:32:12","guid":{"rendered":"https:\/\/www.europesays.com\/de\/420493\/"},"modified":"2025-09-13T21:32:12","modified_gmt":"2025-09-13T21:32:12","slug":"in-unterzahl-chemnitz-zittert-sich-in-babelsberg-zum-sieg","status":"publish","type":"post","link":"https:\/\/www.europesays.com\/de\/420493\/","title":{"rendered":"In Unterzahl: Chemnitz zittert sich in Babelsberg zum Sieg"},"content":{"rendered":"<p>Kastenhofer doppelt im Fokus<\/p>\n<p class=\"text\">\nAuch Niklas Kastenhofer sah Mitte der ersten H\u00e4lfte Gelb, weil er sich zu lange \u00fcber einen Freisto\u00df f\u00fcr Chemnitz in wenig aussichtsreicher Position beschwerte. Kurz vor dem Ende der Halbzeit stand Babelsbergs Innenverteidiger dann erneut im Mittelpunkt. Er brachte Torj\u00e4ger Dejan Bozic im Strafraum zu Fall, es gab Elfmeter. Der Gefoulte verwandelte selbst zur F\u00fchrung (43.).\n<\/p>\n<p>Chemnitz trotzt Babelsberger Dauerdruck<\/p>\n<p class=\"text\">\nIn der zweiten H\u00e4lfte erh\u00f6hte Babelsberg deutlich das Tempo. Vor allem George Didoss war kaum zu halten. Chemnitz schaffte es kaum noch, sich zu befreien, Entlastung gab es nur in kurzen Phasen. Doch die Himmelblauen verteidigten mit Gl\u00fcck, Geschick und vor allem sehr viel Leidenschaft bis in die Schlussphase.\n<\/p>\n<p class=\"text\">\nSelbst Torsch\u00fctze Bozic selbst musste mehrfach im eigenen Strafraum kl\u00e4ren.  Ein Umstand, den Trainer Benjamnin Duda im Anschluss ausdr\u00fccklich lobte. &#8222;Auch in ungewohnter Position als Sechser war sich Dejan f\u00fcr nichts zu schade. Er hat \u00fcberall gek\u00f6pft und Zweik\u00e4mpfe gef\u00fchrt und die Mannschaft so mitgerissen.&#8220;<\/p>\n","protected":false},"excerpt":{"rendered":"Kastenhofer doppelt im Fokus Auch Niklas Kastenhofer sah Mitte der ersten H\u00e4lfte Gelb, weil er sich zu lange&hellip;\n","protected":false},"author":2,"featured_media":420494,"comment_status":"","ping_status":"","sticky":false,"template":"","format":"standard","meta":{"footnotes":""},"categories":[1851],"tags":[39455,2770,6178,3364,29,548,663,3934,30,13,110439,81,15426,14,15,36845,3458,859,12,3499,110437,3498,12437,110438],"class_list":{"0":"post-420493","1":"post","2":"type-post","3":"status-publish","4":"format-standard","5":"has-post-thumbnail","7":"category-chemnitz","8":"tag-cfc","9":"tag-chemnitz","10":"tag-chemnitzer-fc","11":"tag-de","12":"tag-deutschland","13":"tag-eu","14":"tag-europa","15":"tag-europe","16":"tag-germany","17":"tag-headlines","18":"tag-karl-liebknecht-stadion","19":"tag-mdr","20":"tag-mdr-sport-im-osten","21":"tag-nachrichten","22":"tag-news","23":"tag-nofv","24":"tag-regionalliga-nordost","25":"tag-sachsen","26":"tag-schlagzeilen","27":"tag-spio","28":"tag-spio-livespiel","29":"tag-sport-im-osten","30":"tag-sv-babelsberg-03","31":"tag-svb"},"share_on_mastodon":{"url":"https:\/\/pubeurope.com\/@de\/115199131219119923","error":""},"_links":{"self":[{"href":"https:\/\/www.europesays.com\/de\/wp-json\/wp\/v2\/posts\/420493","targetHints":{"allow":["GET"]}}],"collection":[{"href":"https:\/\/www.europesays.com\/de\/wp-json\/wp\/v2\/posts"}],"about":[{"href":"https:\/\/www.europesays.com\/de\/wp-json\/wp\/v2\/types\/post"}],"author":[{"embeddable":true,"href":"https:\/\/www.europesays.com\/de\/wp-json\/wp\/v2\/users\/2"}],"replies":[{"embeddable":true,"href":"https:\/\/www.europesays.com\/de\/wp-json\/wp\/v2\/comments?post=420493"}],"version-history":[{"count":0,"href":"https:\/\/www.europesays.com\/de\/wp-json\/wp\/v2\/posts\/420493\/revisions"}],"wp:featuredmedia":[{"embeddable":true,"href":"https:\/\/www.europesays.com\/de\/wp-json\/wp\/v2\/media\/420494"}],"wp:attachment":[{"href":"https:\/\/www.europesays.com\/de\/wp-json\/wp\/v2\/media?parent=420493"}],"wp:term":[{"taxonomy":"category","embeddable":true,"href":"https:\/\/www.europesays.com\/de\/wp-json\/wp\/v2\/categories?post=420493"},{"taxonomy":"post_tag","embeddable":true,"href":"https:\/\/www.europesays.com\/de\/wp-json\/wp\/v2\/tags?post=420493"}],"curies":[{"name":"wp","href":"https:\/\/api.w.org\/{rel}","templated":true}]}}