{"id":420553,"date":"2025-09-13T22:08:11","date_gmt":"2025-09-13T22:08:11","guid":{"rendered":"https:\/\/www.europesays.com\/de\/420553\/"},"modified":"2025-09-13T22:08:11","modified_gmt":"2025-09-13T22:08:11","slug":"2-liga-notarzt-einsatz-in-hannover-hertha-fan-in-lebensgefahr-sport","status":"publish","type":"post","link":"https:\/\/www.europesays.com\/de\/420553\/","title":{"rendered":"2. Liga: Notarzt-Einsatz in Hannover! Hertha-Fan in Lebensgefahr | Sport"},"content":{"rendered":"<p>Das wird der erste Saisonsieg zur Nebensache!<\/p>\n<p>Das 3:0 von Hertha BSC bei Zweitliga-Tabellenf\u00fchrer Hannover 96 wurde von einem schlimmen Zwischenfall \u00fcberschattet. In der 2. Halbzeit erlitt ein Fan in der Berliner Kurve einen Herzstillstand, musste reanimiert werden.<\/p>\n<p>0 Tore! Platz 17!: Wann kippt die Stimmung beim HSV?<a href=\"https:\/\/www.bild.de\/sport\/fussball\/0-tore-platz-17-wann-kippt-die-stimmung-beim-hsv-68c5cfa5f313976149c6eb1f\" class=\"anchor\" target=\"_blank\" rel=\"noopener\"><img decoding=\"async\" width=\"992\" height=\"558\" alt=\"Teaser-Bild\" src=\"https:\/\/www.europesays.com\/de\/wp-content\/uploads\/2025\/09\/689152f1768f196026594193e3d5188c-landscape,dfeef09a\"   class=\"landscape teaser__image\" loading=\"lazy\"\/><\/a><\/p>\n<p>Quelle: BILD13.09.2025<\/p>\n<p>96-Sprecher Christoph Heckmann in der Pressekonferenz: \u201eIn der zweiten H\u00e4lfte gab es im G\u00e4steblock einen Rettungseinsatz mit einer Reanimation. Der betroffene Fan wurde stabilisiert und ins Krankenhaus gebracht. Wir sind in Gedanken bei ihm und hoffen auf eine schnelle und komplette Genesung.\u201c<\/p>\n<p>\u00dcber den Berg ist der Fan leider noch nicht. Er schwebt weiter in Lebensgefahr.<\/p>\n<p>Stadion schwieg in der 2. Halbzeit<\/p>\n<p>Der tragische Vorfall sprach sich schnell herum. Beide Fanlager stellten daraufhin ihren Support ein. Im ausverkauften Stadion (49.000 Zuschauer) war es bis zum Schlusspfiff ungewohnt leise. Die Hertha-Kurve verzichtete nach dem Abpfiff sogar darauf, die Mannschaft zu feiern.<\/p>\n<p>Auch interessant<\/p>\n<p>Anzeige<\/p>\n<p>Auch interessant<\/p>\n<p>Anzeige<\/p>\n<p><b>Beide Trainer reagierten nach dem Abpfiff sehr betroffen. <\/b><\/p>\n<p>Christian Titz (54): \u201eGute Besserung an den Fan. Ich hoffe, dass es schnell wieder besser geht und er sich davon erholt.\u201c<\/p>\n<p><b>Stefan Leitl (48): \u201eDie besten Genesungsw\u00fcnsche an den Fan. Ich hoffe, dass er bald wieder bei uns in Berlin ist. Beide Fan-Lager haben sehr gut reagiert.\u201c<\/b><\/p>\n<p>Marten Winkler (51. Minute) hatte Hertha 1:0 in F\u00fchrung gebracht. Die Berliner jubelten ausgelassen. Kurz darauf wurde es pl\u00f6tzlich ganz still. Sanit\u00e4ter eilten in den Hertha-Block, leisteten Erste Hilfe. <\/p>\n<p>Mehr zum Thema<\/p>\n<p><a href=\"https:\/\/www.bild.de\/sport\/fussball\/2-liga-hertha-bsc-siegt-in-hannover-mit-rekord-debuetant-68c5c153f313976149c6ea33\" class=\"text-link\" target=\"_blank\" rel=\"noopener\">Mitten in den Notfall hinein fiel das 2:0 f\u00fcr die Berliner durch Dawid Kownacki (68.). Luca Schuler (90.+2) sorgte in der Nachspielzeit f\u00fcr den 3:0-Endstand.<\/a><\/p>\n<p>Titz: \u201eNat\u00fcrlich macht das was, wenn du hinten liegst und das Stadion ruhig ist. Wenn die Dinge nicht so funktionieren, h\u00f6rst du das Raunen. Die Atmosph\u00e4re ist pl\u00f6tzlich gegen dich statt f\u00fcr dich, wo dir die Unterst\u00fctzung helfen kann.\u201c<\/p>\n<p>Aber Fu\u00dfball war an diesem Abend pl\u00f6tzlich Nebensache.<\/p>\n","protected":false},"excerpt":{"rendered":"Das wird der erste Saisonsieg zur Nebensache! Das 3:0 von Hertha BSC bei Zweitliga-Tabellenf\u00fchrer Hannover 96 wurde von&hellip;\n","protected":false},"author":2,"featured_media":420554,"comment_status":"","ping_status":"","sticky":false,"template":"","format":"standard","meta":{"footnotes":""},"categories":[1836],"tags":[27367,3364,29,30,46,2366,1088,6246,8829,1411,806,542,45,784],"class_list":{"0":"post-420553","1":"post","2":"type-post","3":"status-publish","4":"format-standard","5":"has-post-thumbnail","7":"category-hannover","8":"tag-christian-titz","9":"tag-de","10":"tag-deutschland","11":"tag-germany","12":"tag-hannover","13":"tag-hannover-96","14":"tag-hertha-bsc","15":"tag-leitl-stefan","16":"tag-mann-marcus","17":"tag-niedersachsen","18":"tag-sport-leuchtturm-berlin","19":"tag-sport-leuchtturm-hamburg","20":"tag-texttospeech","21":"tag-zweite-bundesliga"},"share_on_mastodon":{"url":"https:\/\/pubeurope.com\/@de\/115199272880443345","error":""},"_links":{"self":[{"href":"https:\/\/www.europesays.com\/de\/wp-json\/wp\/v2\/posts\/420553","targetHints":{"allow":["GET"]}}],"collection":[{"href":"https:\/\/www.europesays.com\/de\/wp-json\/wp\/v2\/posts"}],"about":[{"href":"https:\/\/www.europesays.com\/de\/wp-json\/wp\/v2\/types\/post"}],"author":[{"embeddable":true,"href":"https:\/\/www.europesays.com\/de\/wp-json\/wp\/v2\/users\/2"}],"replies":[{"embeddable":true,"href":"https:\/\/www.europesays.com\/de\/wp-json\/wp\/v2\/comments?post=420553"}],"version-history":[{"count":0,"href":"https:\/\/www.europesays.com\/de\/wp-json\/wp\/v2\/posts\/420553\/revisions"}],"wp:featuredmedia":[{"embeddable":true,"href":"https:\/\/www.europesays.com\/de\/wp-json\/wp\/v2\/media\/420554"}],"wp:attachment":[{"href":"https:\/\/www.europesays.com\/de\/wp-json\/wp\/v2\/media?parent=420553"}],"wp:term":[{"taxonomy":"category","embeddable":true,"href":"https:\/\/www.europesays.com\/de\/wp-json\/wp\/v2\/categories?post=420553"},{"taxonomy":"post_tag","embeddable":true,"href":"https:\/\/www.europesays.com\/de\/wp-json\/wp\/v2\/tags?post=420553"}],"curies":[{"name":"wp","href":"https:\/\/api.w.org\/{rel}","templated":true}]}}