{"id":420589,"date":"2025-09-13T22:29:22","date_gmt":"2025-09-13T22:29:22","guid":{"rendered":"https:\/\/www.europesays.com\/de\/420589\/"},"modified":"2025-09-13T22:29:22","modified_gmt":"2025-09-13T22:29:22","slug":"hamburg-schleswig-holstein-boeen-von-bis-zu-100-km-h-an-der-kueste-erwartet","status":"publish","type":"post","link":"https:\/\/www.europesays.com\/de\/420589\/","title":{"rendered":"Hamburg &#038; Schleswig-Holstein: B\u00f6en von bis zu 100 km\/h an der K\u00fcste erwartet"},"content":{"rendered":"<p>                    Hamburg &amp; Schleswig-Holstein<br \/>\n                B\u00f6en von bis zu 100 km\/h an der K\u00fcste erwartet<\/p>\n<p>\t\t\t\t              13.09.2025, 14:03 Uhr<\/p>\n<p><strong>Der herannahende Herbst macht sich bemerkbar. F\u00fcr Anfang kommender Woche rechnen die Meteorologen f\u00fcr die K\u00fcsten im Norden mit kr\u00e4ftigen Sturmb\u00f6en.<\/strong><\/p>\n<p>Kiel\/Hamburg\/Schwerin (dpa\/lno) &#8211; Nach zuletzt ruhigem Sp\u00e4tsommerwetter bringt sich der herannahende Herbst im Norden Deutschlands st\u00fcrmisch in Erinnerung. Das Wochenende startete zun\u00e4chst bew\u00f6lkt mit einzelnen Gewittern. Die Tagesh\u00f6chsttemperaturen erreichen nach Angaben des Deutschen Wetterdienstes (DWD) etwa 18 Grad. F\u00fcr die Nordsee-K\u00fcste wurde ein auffrischender Wind mit bereits st\u00fcrmischen B\u00f6en um die 70 km\/h erwartet. Am Sonntag wird es der Vorhersage zufolge teils freundlicher mit nur noch vereinzelten Schauern und nachlassendem Wind.<\/p>\n<p>Die neue Woche startet dann jedoch mit teils sehr starken B\u00f6en. Laut DWD kann es an der Nord- und auch an der Ostsee zu Windb\u00f6en von bis zu 100 km\/h kommen. Im Binnenland werden etwas weniger starke Winde erwartet. Mit einer Unwetterwarnung wird nicht gerechnet.<\/p>\n","protected":false},"excerpt":{"rendered":"Hamburg &amp; Schleswig-Holstein B\u00f6en von bis zu 100 km\/h an der K\u00fcste erwartet 13.09.2025, 14:03 Uhr Der herannahende&hellip;\n","protected":false},"author":2,"featured_media":420590,"comment_status":"","ping_status":"","sticky":false,"template":"","format":"standard","meta":{"footnotes":""},"categories":[1826],"tags":[33185,29,30,692,32908,1971],"class_list":{"0":"post-420589","1":"post","2":"type-post","3":"status-publish","4":"format-standard","5":"has-post-thumbnail","7":"category-hamburg","8":"tag-boeen","9":"tag-deutschland","10":"tag-germany","11":"tag-hamburg","12":"tag-kueste","13":"tag-schleswig-holstein"},"share_on_mastodon":{"url":"https:\/\/pubeurope.com\/@de\/115199356245063860","error":""},"_links":{"self":[{"href":"https:\/\/www.europesays.com\/de\/wp-json\/wp\/v2\/posts\/420589","targetHints":{"allow":["GET"]}}],"collection":[{"href":"https:\/\/www.europesays.com\/de\/wp-json\/wp\/v2\/posts"}],"about":[{"href":"https:\/\/www.europesays.com\/de\/wp-json\/wp\/v2\/types\/post"}],"author":[{"embeddable":true,"href":"https:\/\/www.europesays.com\/de\/wp-json\/wp\/v2\/users\/2"}],"replies":[{"embeddable":true,"href":"https:\/\/www.europesays.com\/de\/wp-json\/wp\/v2\/comments?post=420589"}],"version-history":[{"count":0,"href":"https:\/\/www.europesays.com\/de\/wp-json\/wp\/v2\/posts\/420589\/revisions"}],"wp:featuredmedia":[{"embeddable":true,"href":"https:\/\/www.europesays.com\/de\/wp-json\/wp\/v2\/media\/420590"}],"wp:attachment":[{"href":"https:\/\/www.europesays.com\/de\/wp-json\/wp\/v2\/media?parent=420589"}],"wp:term":[{"taxonomy":"category","embeddable":true,"href":"https:\/\/www.europesays.com\/de\/wp-json\/wp\/v2\/categories?post=420589"},{"taxonomy":"post_tag","embeddable":true,"href":"https:\/\/www.europesays.com\/de\/wp-json\/wp\/v2\/tags?post=420589"}],"curies":[{"name":"wp","href":"https:\/\/api.w.org\/{rel}","templated":true}]}}