{"id":420603,"date":"2025-09-13T22:36:16","date_gmt":"2025-09-13T22:36:16","guid":{"rendered":"https:\/\/www.europesays.com\/de\/420603\/"},"modified":"2025-09-13T22:36:16","modified_gmt":"2025-09-13T22:36:16","slug":"tausende-menschen-nehmen-an-friedenskundgebung-in-berlin-teil-politik","status":"publish","type":"post","link":"https:\/\/www.europesays.com\/de\/420603\/","title":{"rendered":"Tausende Menschen nehmen an Friedenskundgebung in Berlin teil &#8211; Politik"},"content":{"rendered":"<p data-manual=\"teaserText\" data-schema-org-speakable=\"true\">F\u00fcr die Forderungen nach \u201eFrieden statt Wettr\u00fcsten\u201c und \u201eStoppt den V\u00f6lkermord in Gaza\u201c stellen sich Tausende Menschen vor das Brandenburger Tor. Ein ungew\u00f6hnliches B\u00fcndnis aus Politikern und K\u00fcnstlern skandiert ein entschlossenes \u201eNein\u201c zum Krieg.<\/p>\n<p data-manual=\"paragraph\" data-schema-org-speakable=\"true\" class=\"css-13ksqr8\">Blaue Fahnen mit wei\u00dfen Friedenstauben flattern im Wind, dazwischen ragen Pal\u00e4stinenserflaggen in die H\u00f6he, auch eine russische Fahne wird geschwenkt. \u201eLieber hundert Stunden umsonst verhandeln, als eine Minute zu schie\u00dfen\u201c, steht auf einem der Schilder, das \u00fcber den K\u00f6pfen der Menge vor dem Brandenburger Tor hochgehalten wird.<\/p>\n","protected":false},"excerpt":{"rendered":"F\u00fcr die Forderungen nach \u201eFrieden statt Wettr\u00fcsten\u201c und \u201eStoppt den V\u00f6lkermord in Gaza\u201c stellen sich Tausende Menschen vor&hellip;\n","protected":false},"author":2,"featured_media":420604,"comment_status":"","ping_status":"","sticky":false,"template":"","format":"standard","meta":{"footnotes":""},"categories":[1825],"tags":[147,296,10208,29,16756,30,411,577,148,5796,581,2548,16,307,9683,149,317],"class_list":{"0":"post-420603","1":"post","2":"type-post","3":"status-publish","4":"format-standard","5":"has-post-thumbnail","7":"category-berlin","8":"tag-ausland","9":"tag-berlin","10":"tag-bsw","11":"tag-deutschland","12":"tag-friedensbewegung","13":"tag-germany","14":"tag-israel","15":"tag-krieg-in-nahost","16":"tag-leserdiskussion","17":"tag-naher-osten","18":"tag-nahostkonflikt","19":"tag-palaestina","20":"tag-politik","21":"tag-russland","22":"tag-sahra-wagenknecht","23":"tag-sueddeutsche-zeitung","24":"tag-ukraine"},"share_on_mastodon":{"url":"https:\/\/pubeurope.com\/@de\/115199383229316852","error":""},"_links":{"self":[{"href":"https:\/\/www.europesays.com\/de\/wp-json\/wp\/v2\/posts\/420603","targetHints":{"allow":["GET"]}}],"collection":[{"href":"https:\/\/www.europesays.com\/de\/wp-json\/wp\/v2\/posts"}],"about":[{"href":"https:\/\/www.europesays.com\/de\/wp-json\/wp\/v2\/types\/post"}],"author":[{"embeddable":true,"href":"https:\/\/www.europesays.com\/de\/wp-json\/wp\/v2\/users\/2"}],"replies":[{"embeddable":true,"href":"https:\/\/www.europesays.com\/de\/wp-json\/wp\/v2\/comments?post=420603"}],"version-history":[{"count":0,"href":"https:\/\/www.europesays.com\/de\/wp-json\/wp\/v2\/posts\/420603\/revisions"}],"wp:featuredmedia":[{"embeddable":true,"href":"https:\/\/www.europesays.com\/de\/wp-json\/wp\/v2\/media\/420604"}],"wp:attachment":[{"href":"https:\/\/www.europesays.com\/de\/wp-json\/wp\/v2\/media?parent=420603"}],"wp:term":[{"taxonomy":"category","embeddable":true,"href":"https:\/\/www.europesays.com\/de\/wp-json\/wp\/v2\/categories?post=420603"},{"taxonomy":"post_tag","embeddable":true,"href":"https:\/\/www.europesays.com\/de\/wp-json\/wp\/v2\/tags?post=420603"}],"curies":[{"name":"wp","href":"https:\/\/api.w.org\/{rel}","templated":true}]}}