{"id":420676,"date":"2025-09-13T23:18:13","date_gmt":"2025-09-13T23:18:13","guid":{"rendered":"https:\/\/www.europesays.com\/de\/420676\/"},"modified":"2025-09-13T23:18:13","modified_gmt":"2025-09-13T23:18:13","slug":"keine-einigung-auf-lockerungen-beim-eu-verbrenner-aus-edison","status":"publish","type":"post","link":"https:\/\/www.europesays.com\/de\/420676\/","title":{"rendered":"Keine Einigung auf Lockerungen beim EU-Verbrenner-Aus &#8211; Edison"},"content":{"rendered":"<p>Auf dem dritten europ\u00e4ischen Autogipfel hat EU-Kommissionspr\u00e4sidentin Ursula von der Leyen Pl\u00e4ne vorgestellt, wie die Autoindustrie der EU wieder wettbewerbsf\u00e4hig gemacht werden kann. Wie einem <a href=\"https:\/\/www.spiegel.de\/wirtschaft\/ursula-von-der-leyen-haelt-am-verbrenner-aus-fest-a-82698b30-00b8-4437-98ec-13555177308b\" rel=\"nofollow noopener\" target=\"_blank\">sechsseitigen Konzeptpapier der EU-Kommission<\/a> zu entnehmen ist, soll noch dieses Jahr die CO2-Flottenregulierung f\u00fcr PKW und Lieferwagen \u00fcberpr\u00fcft und gegebenenfalls revidiert werden. Im Ansatz hatte sie das schon in ihrer k\u00fcrzlichen Rede zur Lage der Union angek\u00fcndigt.<\/p>\n<p>Keine Einigung gab es indes im Streit um das  <a href=\"https:\/\/edison.media\/umwelt\/verbrenner-aus-wackelt-mit-folgen-fuers-klima\/25260109\/\" rel=\"nofollow noopener\" target=\"_blank\">EU-Verbrenner-Aus 2035<\/a> \u2013 dem geplanten Verbot der Neuzulassung von benzin- oder dieselgetriebenen Pkw und leichten Nutzfahrzeugen. Bei der \u00dcberpr\u00fcfung der CO2-Flottenregulierung will die EU Kommission die Technologieneutralit\u00e4t, etwa die Rolle von E-Fuels und Plug-in-Hybriden, st\u00e4rker ber\u00fccksichtigen. Auch die Bezahlbarkeit und ihre sozialen Auswirkungen sollen bewertet werden. Eine Konsultation dazu l\u00e4uft noch seit dem 7. Juli. Noch 2025 will die EU-Kommission einen Rechtsakt f\u00fcr emissionsfreie Unternehmensflotten vorlegen.<\/p>\n<p>Initiative f\u00fcr kleine, bezahlbare E-Autos<\/p>\n<p>Das vorab bekannt gewordene Konzeptpapier der Kommission enth\u00e4lt auch eine Initiative f\u00fcr kleine, bezahlbare E-Autos (Small Affordable Cars), was darauf hinweist, dass die EU-Kommission eine Elektrifizierung bevorzugt. Diese sollen sauber, effizient und in Europa produziert werden \u2013 mit europ\u00e4ischen Lieferketten. Mit der Initiative zielt die Kommission vor allem darauf ab, zu verhindern, dass China und andere L\u00e4nder den Markt f\u00fcr preiswerte E-Autos dominieren. \u201eDie n\u00e4chsten zwei Jahre sind entscheidend\u201c, hei\u00dft es in dem Papier. \u201eEuropa muss enger zusammenarbeiten \u2013 von der Software-Entwicklung bis zur Batterieproduktion.\u201c<\/p>\n<p>Auf dem EU-Autogipfel wurde schlie\u00dflich eine Absichtserkl\u00e4rung durch die EU-Kommissare Ekaterina Zaharieva (Start-ups, Forschung und Innovation) und Apostolos Tzitzikostas (Nachhaltiger Verkehr und Tourismus) mit Branchenvertretern unterschrieben. Darin werden drei bestehende Partnerschaften geb\u00fcndelt: \u201e<a href=\"https:\/\/www.2zeroemission.eu\/\" rel=\"nofollow noopener\" target=\"_blank\">2Zero<\/a>\u201c (Nullemissionstransport), der \u201e<a href=\"https:\/\/transport.ec.europa.eu\/transport-themes\/smart-mobility\/cooperative-connected-and-automated-mobility-ccam_en\" rel=\"nofollow noopener\" target=\"_blank\">CCAM<\/a>\u201c (vernetzte und automatisierte Mobilit\u00e4t) und \u201e<a href=\"https:\/\/bepassociation.eu\/\" rel=\"nofollow noopener\" target=\"_blank\">BATT4EU<\/a>\u201c (Batterieproduktion). \u201eDiese Absichtserkl\u00e4rung ist ein erster Meilenstein, um die europ\u00e4ische Automobilindustrie wettbewerbsf\u00e4hig, nachhaltig und technologisch souver\u00e4n zu halten\u201c, sagte Zaharieva.<\/p>\n<p>Unterst\u00fctzung f\u00fcr Elektromobilit\u00e4t<\/p>\n<p>Die Autoindustrie reagierte entt\u00e4uscht auf das Ergebnis des Treffen in Br\u00fcssel. \u201eDer heutige Strategische Dialog zur Zukunft der Automobilindustrie in Br\u00fcssel hat erneut gezeigt, dass die EU-Kommission die gewaltigen Herausforderungen der Branche zwar benennt \u2013 aber noch zu unentschlossen und zu wenig strategisch agiert\u201c, erkl\u00e4rte VDA-Pr\u00e4sidentin Hildegard M\u00fcller in einer <a href=\"https:\/\/www.vda.de\/de\/presse\/Pressemeldungen\/2025\/250912_Kommentierung_Strategischer_Dialog\" rel=\"nofollow noopener\" target=\"_blank\">Pressemitteilung<\/a>. Eine Abkehr vom EU Verbrenner-Aus 2035 hatten der VDA zusammen mit der <a href=\"https:\/\/www.vda.de\/de\/presse\/Pressemeldungen\/2025\/250911_PM_Gemeinsame_Erklaerung_VDA_und_IG_Metall\" rel=\"nofollow noopener\" target=\"_blank\">Gewerkschaft IG Metall<\/a> im Vorfeld des Autogipfels gefordert. Das B\u00fcndnis warnte in einer gemeinsamen Erkl\u00e4rung vor einem weiteren Verlust von Arbeitspl\u00e4tzen in der Branche. <\/p>\n<p>\u201eAktuell gehen jeden Monat in Deutschland Arbeitspl\u00e4tze in der Automobilindustrie verloren, von Juni 2024 bis Juni 2025 waren es \u00fcber 50.000\u201c, hie\u00df es. Ein striktes Festhalten am Verbrenner-Aus gef\u00e4hrde Besch\u00e4ftigung. F\u00fcr die Elektromobilit\u00e4t fordern sie zudem eine Verl\u00e4ngerung der KFZ-Steuerbefreiung f\u00fcr E-Autos bis 2035. Weitere W\u00fcnsche sind eine Ausweitung der Steuerbefreiung auf Gebrauchtwagen, ein beschleunigter Ausbau der Ladeinfrastruktur, bidirektionales Laden sowie eine Senkung der Strompreise an Ladepunkten.<\/p>\n<p class=\"u-richtext u-text-highlight u-space-bottom-2\" style=\"&#10;\"><a href=\"https:\/\/www.energate-messenger.de\/\" rel=\"nofollow noopener\" target=\"_blank\"> <img decoding=\"async\" loading=\"lazy\" class=\"loading alignleft\" src=\"https:\/\/www.europesays.com\/de\/wp-content\/uploads\/2025\/09\/energate-messenger.png\" width=\"244\" height=\"137\" data-was-processed=\"true\" style=\"&#10;    padding-bottom: 2%;&#10;\"\/><\/a><\/p>\n<p style=\"&#10;    color: #fff;&#10;\">In Kooperation mit dem Branchendienst energate.<\/p>\n<p>Was die CO2-Regulierung betrifft, fordern beide Verb\u00e4nde einen \u201epragmatischen Technologiemix mit der Anerkennung von Plug in-Hybriden (PHEV) und Range Extendern (EREV), keine Versch\u00e4rfung der CO2-Bewertung f\u00fcr PHEV und eine schnelle Vorlage eines EU-Kommissionsvorschlags f\u00fcr Fahrzeuge mit synthetischen Kraftstoffen nach 2035.\u201c<\/p>\n<p>EU-Verbrennerverbot als Streitthema<\/p>\n<p>Die Forderung nach einer Abkehr vom EU-Verbrenner-Aus 2035 war zuvor auch Thema auf der Automesse IAA Mobility und bekam tendenziell Unterst\u00fctzung von Bundeskanzler Friedrich Merz (CDU). Unter anderem <a href=\"https:\/\/www.bild.de\/news\/inland\/soeder-auf-der-iaa-ein-verbrennerverbot-ist-der-falsche-weg-68bfe85815695f6010154ba2\" rel=\"nofollow noopener\" target=\"_blank\">CSU-Chef Markus S\u00f6der<\/a> hatte sich vehement f\u00fcr eine Abkehr von dem EU-Ziel eingesetzt. Aber nicht die gesamte Branche steht hinter der Forderung. So hatte sich Volkswagen-Chef Oliver Blume deutlich zur Elektromobilit\u00e4t bekannt. Auch Gernot D\u00f6llner, Vorstandschef der VW-Tochter Audi, kritisierte die neu entfachte Debatte \u00fcber das Verbrennerverbot gegen\u00fcber der <a href=\"https:\/\/www.wiwo.de\/unternehmen\/auto\/verbrennerverbot-audi-chef-gernot-doellner-kritisiert-mercedes\/100154377.html\" rel=\"nofollow noopener\" target=\"_blank\">\u201eWirtschaftswoche\u201c<\/a> als \u201ekontraproduktiv\u201c. Sie verunsichere die Kunden, so D\u00f6llner. Das Elektroauto sei \u201eeinfach die bessere Technologie\u201c.<\/p>\n<p>\u201eWeichen Sie nicht zur\u00fcck\u201c<\/p>\n<p>\u00c4hnliche T\u00f6ne kamen auch von nicht deutschen Herstellern. \u201eWeichen Sie nicht zur\u00fcck\u201c, hie\u00df es in einem <a href=\"http:\/\/chrome-extension:\/\/efaidnbmnnnibpcajpcglclefindmkaj\/https:\/\/industryfor2035.org\/wp-content\/uploads\/2024\/12\/Industry-for-2035-declaration_final_76.pdf\" rel=\"nofollow\">offenen Brief <\/a>an Kommissionspr\u00e4sidentin von der Leyen. Unterschrieben war er von mehr als 150 Unternehmen, darunter Hersteller von Elektrofahrzeugen wie Volvo oder Polestar, Batteriehersteller wie Samsung und LG Energy sowie Betreiber von Ladestationen wie Fastned oder Ionity. Energieversorger wie Iberdrola aus Spanien oder EDP aus Portugal waren ebenfalls dabei. <\/p>\n<p>Im Februar hatten sich bereits \u00c4rzte mit einem \u00e4hnlichen offenen Brief an die EU-Kommissionspr\u00e4sidentin gewandt und gefordert, am geplanten Ausstieg aus dem Verbrennungsmotor ab 2035 festzuhalten. Dies diene dem Schutz der menschlichen Gesundheit. Die <a href=\"https:\/\/www.klimawandel-gesundheit.de\/offener-brief-von-der-leyen\/\" rel=\"nofollow noopener\" target=\"_blank\">Mediziner warnten vor den negativen gesundheitlichen Folgen<\/a> einer Verz\u00f6gerung, insbesondere durch Feinstaub und andere Schadstoffe. \u201eWir bitten Sie: Setzen Sie sich daf\u00fcr ein, dass die Gesundheit von Millionen Europ\u00e4ern und Europ\u00e4erinnen gesch\u00fctzt wird\u201c, hie\u00df es in dem Schreiben.<\/p>\n<p>Quelle: <a href=\"https:\/\/www.energate-messenger.de\/news\/256899\/keine-einigung-beim-eu-verbrenner-aus-2035\" rel=\"nofollow noopener\" target=\"_blank\">Energate<\/a><\/p>\n<p style=\"color: #fff !important; box-sizing: border-box; margin: 0px 0px 25px; padding: 0px; line-height: 1.5rem; overflow-x: auto; font-family: Franklin, 'Helvetica Neue', Helvetica, Arial, sans-serif; font-variant-ligatures: none;\">Jede Woche berichten wir \u00fcbers vernetzte Leben, Erneuerbare Energie und neue Mobilit\u00e4t. Die besten Texte, Bilder und Hintergr\u00fcnde fasst unser Newsletter knapp und informativ zusammen &#8211; melden Sie sich hier unverbindlich an:<\/p>\n<p>\t\t\t\t\tVielen Dank f\u00fcr Ihre Anmeldung<\/p>\n<p style=\"color: #fff !important; box-sizing: border-box; margin: 0px 0px 25px; padding: 0px; line-height: 1.5rem; overflow-x: auto; font-family: Franklin, 'Helvetica Neue', Helvetica, Arial, sans-serif; font-variant-ligatures: none;\">Jede Woche berichten wir \u00fcbers vernetzte Leben, Erneuerbare Energie und neue Mobilit\u00e4t. Die besten Texte, Bilder und Hintergr\u00fcnde fasst unser Newsletter knapp und informativ zusammen &#8211; melden Sie sich hier unverbindlich an:<\/p>\n<p>\t\t\t\t\tVielen Dank f\u00fcr Ihre Anmeldung<\/p>\n","protected":false},"excerpt":{"rendered":"Auf dem dritten europ\u00e4ischen Autogipfel hat EU-Kommissionspr\u00e4sidentin Ursula von der Leyen Pl\u00e4ne vorgestellt, wie die Autoindustrie der EU&hellip;\n","protected":false},"author":2,"featured_media":420677,"comment_status":"","ping_status":"","sticky":false,"template":"","format":"standard","meta":{"footnotes":""},"categories":[3933],"tags":[331,332,548,663,158,3934,3935,13,14,15,12],"class_list":{"0":"post-420676","1":"post","2":"type-post","3":"status-publish","4":"format-standard","5":"has-post-thumbnail","7":"category-eu","8":"tag-aktuelle-nachrichten","9":"tag-aktuelle-news","10":"tag-eu","11":"tag-europa","12":"tag-europaeische-union","13":"tag-europe","14":"tag-european-union","15":"tag-headlines","16":"tag-nachrichten","17":"tag-news","18":"tag-schlagzeilen"},"share_on_mastodon":{"url":"https:\/\/pubeurope.com\/@de\/115199548864430716","error":""},"_links":{"self":[{"href":"https:\/\/www.europesays.com\/de\/wp-json\/wp\/v2\/posts\/420676","targetHints":{"allow":["GET"]}}],"collection":[{"href":"https:\/\/www.europesays.com\/de\/wp-json\/wp\/v2\/posts"}],"about":[{"href":"https:\/\/www.europesays.com\/de\/wp-json\/wp\/v2\/types\/post"}],"author":[{"embeddable":true,"href":"https:\/\/www.europesays.com\/de\/wp-json\/wp\/v2\/users\/2"}],"replies":[{"embeddable":true,"href":"https:\/\/www.europesays.com\/de\/wp-json\/wp\/v2\/comments?post=420676"}],"version-history":[{"count":0,"href":"https:\/\/www.europesays.com\/de\/wp-json\/wp\/v2\/posts\/420676\/revisions"}],"wp:featuredmedia":[{"embeddable":true,"href":"https:\/\/www.europesays.com\/de\/wp-json\/wp\/v2\/media\/420677"}],"wp:attachment":[{"href":"https:\/\/www.europesays.com\/de\/wp-json\/wp\/v2\/media?parent=420676"}],"wp:term":[{"taxonomy":"category","embeddable":true,"href":"https:\/\/www.europesays.com\/de\/wp-json\/wp\/v2\/categories?post=420676"},{"taxonomy":"post_tag","embeddable":true,"href":"https:\/\/www.europesays.com\/de\/wp-json\/wp\/v2\/tags?post=420676"}],"curies":[{"name":"wp","href":"https:\/\/api.w.org\/{rel}","templated":true}]}}