{"id":420771,"date":"2025-09-14T00:10:12","date_gmt":"2025-09-14T00:10:12","guid":{"rendered":"https:\/\/www.europesays.com\/de\/420771\/"},"modified":"2025-09-14T00:10:12","modified_gmt":"2025-09-14T00:10:12","slug":"leichtathletik-wm-am-14-september-die-hoehepunkte-in-tokio-am-sonntag","status":"publish","type":"post","link":"https:\/\/www.europesays.com\/de\/420771\/","title":{"rendered":"Leichtathletik-WM am 14. September: Die H\u00f6hepunkte in Tokio am Sonntag"},"content":{"rendered":"<p class=\"metatextline\">Stand: 14.09.2025 00:06 Uhr<\/p>\n<p class=\"textabsatz columns twelve  m-ten  m-offset-one l-eight l-offset-two\">\n        <strong>Nach dem Marathon am fr\u00fchen Morgen folgen heute sp\u00e4ter noch zwei absolute H\u00f6hepunkte: Am zweiten Wettkampftag der Leichtathletik-WM in Tokio werden die schnellste Frau und der schnellste Mann der Welt gek\u00fcrt. Medaillenchancen f\u00fcr Deutschland hat Weitspringerin Malaika Mihambo. <strong>Wir halten Sie <\/strong><a href=\"https:\/\/www.sportschau.de\/live-und-ergebnisse\/leichtathletik\/world-athletics-wm\/event-konferenz-ticker\/dn2025-09-14\/\" title=\"Leichtathletik-WM in Tokio: Jetzt im Live-Ticker - Frauen-Marathon und Vorl\u00e4ufe\" rel=\"nofollow noopener\" target=\"_blank\"><strong>im Live-Ticker bei sportschau.de<\/strong><\/a><strong> auf dem Laufenden. Der Tag im \u00dcberblick.<\/strong><\/strong>\n    <\/p>\n<p>    Marathon Frauen (ab 0.30 Uhr)<\/p>\n<p class=\"textabsatz m-ten m-offset-one l-eight l-offset-two columns twelve\">Um 7.30 Uhr Ortszeit starten die Marathonl\u00e4uferinnen &#8211; und hoffen auf akzeptable klimatische Bedingungen f\u00fcr ihren 42,195 km langen Weg durch die Mega-Metropole. Kenia oder \u00c4thiopien &#8211; wer ist am Ende vorn? Titelverteidigerin ist Amane Shankule aus \u00c4thiopien. Zur Olympiasiegerin kr\u00f6nte sich im vergangenen Jahr Sifan Hassan, die Niederl\u00e4nderin ist aber nicht dabei. Auch deutsche L\u00e4uferinnen sind nicht am Start.<\/p>\n<p>    1500 Meter M\u00e4nner &#8211; Vorl\u00e4ufe (2 Uhr)<\/p>\n<p class=\"textabsatz m-ten m-offset-one l-eight l-offset-two columns twelve\">Robert Farken muss zwei L\u00e4ufe \u00fcberstehen, um ins Finale \u00fcber 1500 Meter am Mittwoch (15.20 Uhr, live im Ersten <a href=\"https:\/\/www.sportschau.de\/leichtathletik\/wm\/der-fuenfte-wettkampftag,livestream-leichtathletik-wm-tag5-abend-100.html\" title=\"Leichtathletik-WM: Der f\u00fcnfte Wettkampftag\" rel=\"nofollow noopener\" target=\"_blank\">und bei sportschau.de<\/a>) einzuziehen. Der Vorlauf macht den Auftakt f\u00fcr den deutschen Rekordhalter. Das Halbfinale steht am Montag (14.30 Uhr, live im Ersten <a href=\"https:\/\/www.sportschau.de\/leichtathletik\/wm\/die-spaete-session-am-dritten-wettkampftag,livestream-leichtathletik-wm-tag3-abend-100.html\" title=\"Leichtathletik-WM: Die sp\u00e4te Session am dritten Wettkampftag\" rel=\"nofollow noopener\" target=\"_blank\">und bei sportschau.de<\/a>) auf dem Programm.<\/p>\n<p>    400 Meter M\u00e4nner &#8211; Vorl\u00e4ufe (11.35 Uhr)<\/p>\n<p class=\"textabsatz m-ten m-offset-one l-eight l-offset-two columns twelve\">F\u00fcr Jean Paul Bredau w\u00e4re das Erreichen des Halbfinals am Dienstag (14.35 Uhr, im Live-Ticker bei sportschau.de) ein Erfolg. Als Weltjahresbester ist der S\u00fcdafrikaner Zakithi Nene (43,76 Sekunden) nach Tokio gereist. Titelverteidiger Antonio Watson aus Jamaika l\u00e4uft nach Verletzungsproblemen in dieser Saison seiner Bestform hinterher.<\/p>\n<p>    Hochsprung M\u00e4nner &#8211; Qualifikation (11.40 Uhr)<\/p>\n<p class=\"textabsatz m-ten m-offset-one l-eight l-offset-two columns twelve\">Die Dominatoren der Szene machen den Weg frei. Mutaz Barshim (Katar) hat verletzt abgesagt, Budapest-Weltmeister Gianmarco Tamberi (Italien) und Paris-Olympiasieger Hamish Kerr (Neuseeland) sind nicht in Topform. F\u00fcr Tobias Potye gilt aber vor allem, das Finale am Dienstag (13.35 Uhr, im Live-Ticker bei sportschau.de) zu erreichen.<\/p>\n<p>    Diskuswurf Frauen &#8211; Finale (12.12 Uhr)<\/p>\n<p class=\"textabsatz m-ten m-offset-one l-eight l-offset-two columns twelve\">Von den drei deutschen Diskuswerferinnen hat nur Shanice Craft die Qualifikation geschafft. In Budapest hatte die 32-J\u00e4hrige Rang sieben belegt, diesmal m\u00f6chte sie mehr. Vielleicht gelingt ja die \u00dcberraschung &#8211; sie hat Au\u00dfenseiterchancen auf Edelmetall. Gold scheint f\u00fcr Olympiasiegerin Valarie Allman (USA) reserviert zu sein.<\/p>\n<p>    Weitsprung Frauen &#8211; Finale (13.40 Uhr)<\/p>\n<p class=\"textabsatz m-ten m-offset-one l-eight l-offset-two columns twelve\">Die Qualifikation lief mit Platz neun z\u00e4h, doch nun gilt es f\u00fcr Malaika Mihambo. Die Karten werden im Finale neu gemischt, und die zweimalige Weltmeisterin besticht durch Ruhe und Besonnenheit. Was ist drin an der St\u00e4tte ihres gr\u00f6\u00dften Triumphes, dem Olympiasieg 2021 in Tokio? Die Weltjahresbeste und Paris-Olympiasiegerin Tara Davis-Woodhall (USA) meisterte die Quali souver\u00e4n. Anders als Larissa Iapichino. Die hoch gehandelte Italienerin scheiterte \u00fcberraschend.<\/p>\n<p>    10.000 Meter M\u00e4nner &#8211; Finale (14.30 Uhr)<\/p>\n<p class=\"textabsatz m-ten m-offset-one l-eight l-offset-two columns twelve\">Aaron Bienenfeld ist im letzten Moment f\u00fcr Tokio nominiert worden. Mit dem Geschehen an der Spitze des Feldes wird der 27-J\u00e4hrige schon nach wenigen Runden nichts mehr zu tun haben &#8211; die schnellen L\u00e4ufer aus Afrika geben Takt und Tempo vor. Joshua Cheptegei, Olympiasieger von Paris und Weltmeister von Budapest, geht in Tokio nicht an den Start. Die Chance f\u00fcr die &#8222;Unvollendeten&#8220;, so <a href=\"https:\/\/www.sportschau.de\/leichtathletik\/wm\/busemann-orakel-lauf-wm-tokio,la-wm-tokio-2025-128.html\" title=\"Busemanns WM-Orakel Lauf: Deutsche WM-Hoffnungen und Hitzespektakel\" rel=\"nofollow noopener\" target=\"_blank\">ARD-Leichtathletik-Experte Frank Busemann<\/a>.<\/p>\n<p>    100 Meter Frauen &#8211; Halbfinale (13.20 Uhr) und Finale (15.13 Uhr)<\/p>\n<p class=\"textabsatz m-ten m-offset-one l-eight l-offset-two columns twelve\">Das war knapp: Gina L\u00fcckenkemper schaffte es in einem stark besetzten Vorlauf nicht direkt, aber letztlich \u00fcber die Zeit ins Halbfinale. Um 13.20 Uhr kommt der Moment der Wahrheit: Kann sie sich den gro\u00dfen Traum von der Einzel-Finalteilnahme auf der ganz gro\u00dfen B\u00fchne erf\u00fcllen? Sp\u00e4ter folgt dann der erste Showdown in Tokio &#8230;<\/p>\n<p>    100 Meter M\u00e4nner &#8211; Halbfinale (13.45 Uhr) und Finale (15.20 Uhr)<\/p>\n<p class=\"textabsatz m-ten m-offset-one l-eight l-offset-two columns twelve\">Die Favoriten um Noah Lyles und Kishane Thompson haben es in die n\u00e4chste Runde geschafft. Das Halbfinale (13.45 Uhr) findet aber ohne deutsche Beteiligung statt. Owen Ansah und Lucas Ansah-Pepprah fehlten wenige Hundertstel zum Weiterkommen. Wer ist der schnellste Mann der Welt? Die Antwort gibt es zum Abschluss des zweiten WM-Tages &#8211; und sie ist v\u00f6llig offen.<\/p>\n","protected":false},"excerpt":{"rendered":"Stand: 14.09.2025 00:06 Uhr Nach dem Marathon am fr\u00fchen Morgen folgen heute sp\u00e4ter noch zwei absolute H\u00f6hepunkte: Am&hellip;\n","protected":false},"author":2,"featured_media":420772,"comment_status":"","ping_status":"","sticky":false,"template":"","format":"standard","meta":{"footnotes":""},"categories":[5],"tags":[13,7591,87021,14,15,12,3988,10,8,9,11,11404],"class_list":{"0":"post-420771","1":"post","2":"type-post","3":"status-publish","4":"format-standard","5":"has-post-thumbnail","7":"category-nachrichten","8":"tag-headlines","9":"tag-leichtathletik","10":"tag-leichtathletik-wm","11":"tag-nachrichten","12":"tag-news","13":"tag-schlagzeilen","14":"tag-tokio","15":"tag-top-news","16":"tag-top-meldungen","17":"tag-topmeldungen","18":"tag-topnews","19":"tag-wm"},"share_on_mastodon":{"url":"https:\/\/pubeurope.com\/@de\/115199752560787280","error":""},"_links":{"self":[{"href":"https:\/\/www.europesays.com\/de\/wp-json\/wp\/v2\/posts\/420771","targetHints":{"allow":["GET"]}}],"collection":[{"href":"https:\/\/www.europesays.com\/de\/wp-json\/wp\/v2\/posts"}],"about":[{"href":"https:\/\/www.europesays.com\/de\/wp-json\/wp\/v2\/types\/post"}],"author":[{"embeddable":true,"href":"https:\/\/www.europesays.com\/de\/wp-json\/wp\/v2\/users\/2"}],"replies":[{"embeddable":true,"href":"https:\/\/www.europesays.com\/de\/wp-json\/wp\/v2\/comments?post=420771"}],"version-history":[{"count":0,"href":"https:\/\/www.europesays.com\/de\/wp-json\/wp\/v2\/posts\/420771\/revisions"}],"wp:featuredmedia":[{"embeddable":true,"href":"https:\/\/www.europesays.com\/de\/wp-json\/wp\/v2\/media\/420772"}],"wp:attachment":[{"href":"https:\/\/www.europesays.com\/de\/wp-json\/wp\/v2\/media?parent=420771"}],"wp:term":[{"taxonomy":"category","embeddable":true,"href":"https:\/\/www.europesays.com\/de\/wp-json\/wp\/v2\/categories?post=420771"},{"taxonomy":"post_tag","embeddable":true,"href":"https:\/\/www.europesays.com\/de\/wp-json\/wp\/v2\/tags?post=420771"}],"curies":[{"name":"wp","href":"https:\/\/api.w.org\/{rel}","templated":true}]}}