{"id":420793,"date":"2025-09-14T00:22:21","date_gmt":"2025-09-14T00:22:21","guid":{"rendered":"https:\/\/www.europesays.com\/de\/420793\/"},"modified":"2025-09-14T00:22:21","modified_gmt":"2025-09-14T00:22:21","slug":"klose-krise-verschaerft-sich-nuernberg-verliert-in-karlsruhe-sport","status":"publish","type":"post","link":"https:\/\/www.europesays.com\/de\/420793\/","title":{"rendered":"Klose-Krise versch\u00e4rft sich: N\u00fcrnberg verliert in Karlsruhe | Sport"},"content":{"rendered":"<p><b>N\u00fcrnberg und Miroslav Klose (47) am Boden, Karlsruhe oben auf.<\/b><\/p>\n<p>Die 2. Bundesliga bleibt total eng \u2013 und auch bei den drei Samstagmittag-Spielen ging es ordentlich ab. Die Partien im \u00dcberblick.<\/p>\n<p>Karlsruhe \u2013 N\u00fcrnberg 2:1<\/p>\n<p><b>Klose-Krise immer schlimmer!<\/b><\/p>\n<p>N\u00fcrnberg verliert in Karlsruhe 1:2, kassiert damit die 4. Pleite im 5. Spiel und ist weiter Tabellenletzter im Unterhaus. Damit ist es der n\u00e4chste R\u00fcckschritt, nachdem die Klose-Mannschaft vor der L\u00e4nderspielpause beim 0:0 gegen Paderborn noch \u00fcberzeugt hatte.<br \/>\n<b><br \/>\nWie oft darf Klose noch verlieren? <\/b><\/p>\n<p>Auch interessant<\/p>\n<p>Anzeige<\/p>\n<p>Auch interessant<\/p>\n<p>Anzeige<\/p>\n<p>Kommende Woche gibt es das n\u00e4chste Heimspiel gegen Bochum. Weil die Mannschaft erst zum Ende der Transferphase endg\u00fcltig zusammengestellt wurde, bekommt Klose wohl noch ein Spiel. Verliert er auch da, wird es eng f\u00fcr den WM-Rekordtorsch\u00fctzen.<\/p>\n<p>Dabei ist es gegen den weiterhin ungeschlagenen KSC \u00fcber weite Strecken ein guter Auftritt \u2013 aber Schleusener bringt die Hausherren in Front (44.). Doch danach belohnt sich N\u00fcrnberg, gleicht noch vor der Pause in Person von Au\u00dfenverteidiger Koudossou (45.) aus. <\/p>\n<p>N\u00fcrnberg dr\u00fcckt, N\u00fcrnberg spielt gut, doch Karlsruhe hat Wanitzek, der nach der Pause f\u00fcr das 2:1 sorgt (75.) \u2013 und Klose das n\u00e4chste Endspiel beschert.<\/p>\n<p>F\u00fcr BILD im Stadion: Martin Funk<\/p>\n<p>Schalke \u2013 Kiel 0:1<\/p>\n<p>Der Schalker H\u00f6henflug wird von giftigen St\u00f6rchen gestoppt, in der Veltins-Arena triumphiert der Bundesliga-Absteiger mit 1:0.<\/p>\n<p>Der fr\u00fche Schalke-Schock: Kiels Bernhardsson kommt frei vor Karius zum Abschluss \u2013 und hat Gl\u00fcck, dass Ex-Storch Becker ungl\u00fccklich \u00fcber Karius hinweg ins Tor abf\u00e4lscht (6.).<\/p>\n<p>Danach ist es ein defensives Spiel mit wenig Chancen auf beiden Seiten. So kassiert Schalke die erste Pleite seit dem 2. Spieltag in Kaiserslautern (0:1).<\/p>\n<p>F\u00fcr BILD im Stadion: Peter Wenzel, Christian Kitsch und Constantin Klemm<\/p>\n<p>Darmstadt \u2013 Braunschweig 2:1<\/p>\n<p><b>Die Lilien schlagen zur\u00fcck!<\/b><\/p>\n<p>Darmstadt gewinnt gegen Braunschweig 2:1, erholt sich damit von der 1:3-Pleite bei Kaiserslautern am 4. Spieltag. <\/p>\n<p>21. Minute: Aydin zieht aus knapp 25 Metern einfach mal ab \u2013 und hat dann Gl\u00fcck dass Lilien-Keeper Schuhen nicht gut aussieht. Der Schlussmann haut sich die Kugel irgendwie selbst rein, Braunschweig f\u00fchrt.<\/p>\n<p><b>Bis der Schweden-St\u00fcrmer mal wieder zuschl\u00e4gt!<\/b><\/p>\n<p>62. Minute: Darmstadt kombiniert sich nach vorne, \u00fcber Hornby landet der Ball bei Lidberg, der nur noch einschieben muss. F\u00fcr den Angreifer ist es der 5. Treffer im 5. Spiel, er ist DIE Lebensversicherung der Lilien.<\/p>\n<p><b>Danach dr\u00fcckt Darmstadt \u2013 und hat noch einen Kracher im K\u00f6cher.<\/b><\/p>\n<p>86. Minute: Der eingewechselte Maglica haut einen Freisto\u00df flach unter der Mauer durch ins Tor. Zuvor hatte K\u00f6hler Lidberg per Notbremse gestoppt und war mit Rot vom Platz geflogen. Irre: Der Maglica-Knaller war der h\u00e4rteste Schuss der Saison mit 132,4 km\/h.<\/p>\n","protected":false},"excerpt":{"rendered":"N\u00fcrnberg und Miroslav Klose (47) am Boden, Karlsruhe oben auf. Die 2. Bundesliga bleibt total eng \u2013 und&hellip;\n","protected":false},"author":2,"featured_media":420794,"comment_status":"","ping_status":"","sticky":false,"template":"","format":"standard","meta":{"footnotes":""},"categories":[1844],"tags":[783,1634,3364,29,18391,30,8903,21431,8305,45,784],"class_list":{"0":"post-420793","1":"post","2":"type-post","3":"status-publish","4":"format-standard","5":"has-post-thumbnail","7":"category-karlsruhe","8":"tag-1-fc-nuernberg","9":"tag-baden-wuerttemberg","10":"tag-de","11":"tag-deutschland","12":"tag-fc-schalke","13":"tag-germany","14":"tag-karlsruhe","15":"tag-kieler-sv-holstein","16":"tag-sv-darmstadt-98","17":"tag-texttospeech","18":"tag-zweite-bundesliga"},"share_on_mastodon":{"url":"https:\/\/pubeurope.com\/@de\/115199799689261962","error":""},"_links":{"self":[{"href":"https:\/\/www.europesays.com\/de\/wp-json\/wp\/v2\/posts\/420793","targetHints":{"allow":["GET"]}}],"collection":[{"href":"https:\/\/www.europesays.com\/de\/wp-json\/wp\/v2\/posts"}],"about":[{"href":"https:\/\/www.europesays.com\/de\/wp-json\/wp\/v2\/types\/post"}],"author":[{"embeddable":true,"href":"https:\/\/www.europesays.com\/de\/wp-json\/wp\/v2\/users\/2"}],"replies":[{"embeddable":true,"href":"https:\/\/www.europesays.com\/de\/wp-json\/wp\/v2\/comments?post=420793"}],"version-history":[{"count":0,"href":"https:\/\/www.europesays.com\/de\/wp-json\/wp\/v2\/posts\/420793\/revisions"}],"wp:featuredmedia":[{"embeddable":true,"href":"https:\/\/www.europesays.com\/de\/wp-json\/wp\/v2\/media\/420794"}],"wp:attachment":[{"href":"https:\/\/www.europesays.com\/de\/wp-json\/wp\/v2\/media?parent=420793"}],"wp:term":[{"taxonomy":"category","embeddable":true,"href":"https:\/\/www.europesays.com\/de\/wp-json\/wp\/v2\/categories?post=420793"},{"taxonomy":"post_tag","embeddable":true,"href":"https:\/\/www.europesays.com\/de\/wp-json\/wp\/v2\/tags?post=420793"}],"curies":[{"name":"wp","href":"https:\/\/api.w.org\/{rel}","templated":true}]}}