{"id":420881,"date":"2025-09-14T01:17:20","date_gmt":"2025-09-14T01:17:20","guid":{"rendered":"https:\/\/www.europesays.com\/de\/420881\/"},"modified":"2025-09-14T01:17:20","modified_gmt":"2025-09-14T01:17:20","slug":"dank-doppelpacker-fisnik-asllani-tsg-hoffenheim-fertigt-union-berlin-ab","status":"publish","type":"post","link":"https:\/\/www.europesays.com\/de\/420881\/","title":{"rendered":"Dank Doppelpacker Fisnik Asllani: TSG Hoffenheim fertigt Union Berlin ab"},"content":{"rendered":"<p>Die TSG Hoffenheim hat Union Berlin am 3. Spieltag der Bundesliga mit 4:2 besiegt.<\/p>\n<p>Die TSG Hoffenheim hat sich mit einem Erfolg aus der L\u00e4nderspielpause zur\u00fcckgemeldet und den n\u00e4chsten Ausw\u00e4rtssieg gefeiert. Die Mannschaft von Trainer Christian Ilzer setzte sich bei Union Berlin auch dank Doppelpacker Fisnik Asllani, der aus der K\u00f6penicker Jugend stammt, mit 4:2 (2:0) durch. Die Kraichgauer sind damit saison\u00fcbergreifend seit vier Bundesligaspielen in fremden Stadien ungeschlagen.<\/p>\n<p><\/p>\n","protected":false},"excerpt":{"rendered":"Die TSG Hoffenheim hat Union Berlin am 3. Spieltag der Bundesliga mit 4:2 besiegt. Die TSG Hoffenheim hat&hellip;\n","protected":false},"author":2,"featured_media":420882,"comment_status":"","ping_status":"","sticky":false,"template":"","format":"standard","meta":{"footnotes":""},"categories":[1825],"tags":[296,299,29,347,30,8844,4604,7258,110494],"class_list":{"0":"post-420881","1":"post","2":"type-post","3":"status-publish","4":"format-standard","5":"has-post-thumbnail","7":"category-berlin","8":"tag-berlin","9":"tag-bundesliga","10":"tag-deutschland","11":"tag-fussball","12":"tag-germany","13":"tag-hoffenheim","14":"tag-soccer","15":"tag-union-berlin","16":"tag-union-berlin-vs-hoffenheim"},"share_on_mastodon":{"url":"https:\/\/pubeurope.com\/@de\/115200016071606036","error":""},"_links":{"self":[{"href":"https:\/\/www.europesays.com\/de\/wp-json\/wp\/v2\/posts\/420881","targetHints":{"allow":["GET"]}}],"collection":[{"href":"https:\/\/www.europesays.com\/de\/wp-json\/wp\/v2\/posts"}],"about":[{"href":"https:\/\/www.europesays.com\/de\/wp-json\/wp\/v2\/types\/post"}],"author":[{"embeddable":true,"href":"https:\/\/www.europesays.com\/de\/wp-json\/wp\/v2\/users\/2"}],"replies":[{"embeddable":true,"href":"https:\/\/www.europesays.com\/de\/wp-json\/wp\/v2\/comments?post=420881"}],"version-history":[{"count":0,"href":"https:\/\/www.europesays.com\/de\/wp-json\/wp\/v2\/posts\/420881\/revisions"}],"wp:featuredmedia":[{"embeddable":true,"href":"https:\/\/www.europesays.com\/de\/wp-json\/wp\/v2\/media\/420882"}],"wp:attachment":[{"href":"https:\/\/www.europesays.com\/de\/wp-json\/wp\/v2\/media?parent=420881"}],"wp:term":[{"taxonomy":"category","embeddable":true,"href":"https:\/\/www.europesays.com\/de\/wp-json\/wp\/v2\/categories?post=420881"},{"taxonomy":"post_tag","embeddable":true,"href":"https:\/\/www.europesays.com\/de\/wp-json\/wp\/v2\/tags?post=420881"}],"curies":[{"name":"wp","href":"https:\/\/api.w.org\/{rel}","templated":true}]}}