{"id":421030,"date":"2025-09-14T02:47:12","date_gmt":"2025-09-14T02:47:12","guid":{"rendered":"https:\/\/www.europesays.com\/de\/421030\/"},"modified":"2025-09-14T02:47:12","modified_gmt":"2025-09-14T02:47:12","slug":"sandhausen-eine-anzeige-in-der-rnz-fuehrte-zu-diesem-buch-rhein-neckar-nachrichten-und-aktuelles-aus-der-region","status":"publish","type":"post","link":"https:\/\/www.europesays.com\/de\/421030\/","title":{"rendered":"Sandhausen: Eine Anzeige in der RNZ f\u00fchrte zu diesem Buch &#8211; Rhein-Neckar &#8211; Nachrichten und Aktuelles aus der Region"},"content":{"rendered":"<p>Traute Altenbockum ver\u00f6ffentlicht ihre Memoiren &#8222;Vertrieben ins Gl\u00fcck &#8211; Meine Lebensreise&#8220;. Marliese Wieland machte dies m\u00f6glich.<\/p>\n<p>Dossenheim. (dw) Mit einer Anzeige in der RNZ suchte Traute Altenbockum 2023 jemanden, der nach ihren Schilderungen ihre Lebensgeschichte aufschreibt. Nun ist ihr Buch &#8222;Vertrieben ins Gl\u00fcck \u2013 Meine Lebensreise&#8220; erschienen. Die heute 87-J\u00e4hrige hatte es ihrem Mann Heinz versprochen, ihre facettenreichen Erlebnisse verschriftlicht zu bewahren. <\/p>\n<p>Flucht und Vertreibung, wie sie auch<\/p>\n<p>                    Weiterlesen mit <img loading=\"lazy\" decoding=\"async\" src=\"https:\/\/www.rnz.de\/pu_rnz_2021\/assets\/img\/rnz-plus.svg\" alt=\"Plus\" class=\"ms-1\" width=\"52\" height=\"20\"\/><\/p>\n<ul class=\"nfy-custom-list list-unstyled nfy-check-list\">\n<li class=\"lh-lg\">\n                                 Alle Artikel lesen mit RNZ+\n                            <\/li>\n<li class=\"lh-lg\">\n                                 Exklusives Trauerportal mit RNZ+\n                            <\/li>\n<li class=\"lh-lg\">\n                                 Weniger Werbung mit RNZ+\n                            <\/li>\n<\/ul>\n","protected":false},"excerpt":{"rendered":"Traute Altenbockum ver\u00f6ffentlicht ihre Memoiren &#8222;Vertrieben ins Gl\u00fcck &#8211; Meine Lebensreise&#8220;. Marliese Wieland machte dies m\u00f6glich. Dossenheim. (dw)&hellip;\n","protected":false},"author":2,"featured_media":421031,"comment_status":"","ping_status":"","sticky":false,"template":"","format":"standard","meta":{"footnotes":""},"categories":[1774],"tags":[1784,1785,29,214,30,215],"class_list":{"0":"post-421030","1":"post","2":"type-post","3":"status-publish","4":"format-standard","5":"has-post-thumbnail","7":"category-buecher","8":"tag-books","9":"tag-buecher","10":"tag-deutschland","11":"tag-entertainment","12":"tag-germany","13":"tag-unterhaltung"},"share_on_mastodon":{"url":"https:\/\/pubeurope.com\/@de\/115200370138197650","error":""},"_links":{"self":[{"href":"https:\/\/www.europesays.com\/de\/wp-json\/wp\/v2\/posts\/421030","targetHints":{"allow":["GET"]}}],"collection":[{"href":"https:\/\/www.europesays.com\/de\/wp-json\/wp\/v2\/posts"}],"about":[{"href":"https:\/\/www.europesays.com\/de\/wp-json\/wp\/v2\/types\/post"}],"author":[{"embeddable":true,"href":"https:\/\/www.europesays.com\/de\/wp-json\/wp\/v2\/users\/2"}],"replies":[{"embeddable":true,"href":"https:\/\/www.europesays.com\/de\/wp-json\/wp\/v2\/comments?post=421030"}],"version-history":[{"count":0,"href":"https:\/\/www.europesays.com\/de\/wp-json\/wp\/v2\/posts\/421030\/revisions"}],"wp:featuredmedia":[{"embeddable":true,"href":"https:\/\/www.europesays.com\/de\/wp-json\/wp\/v2\/media\/421031"}],"wp:attachment":[{"href":"https:\/\/www.europesays.com\/de\/wp-json\/wp\/v2\/media?parent=421030"}],"wp:term":[{"taxonomy":"category","embeddable":true,"href":"https:\/\/www.europesays.com\/de\/wp-json\/wp\/v2\/categories?post=421030"},{"taxonomy":"post_tag","embeddable":true,"href":"https:\/\/www.europesays.com\/de\/wp-json\/wp\/v2\/tags?post=421030"}],"curies":[{"name":"wp","href":"https:\/\/api.w.org\/{rel}","templated":true}]}}