{"id":421132,"date":"2025-09-14T03:43:13","date_gmt":"2025-09-14T03:43:13","guid":{"rendered":"https:\/\/www.europesays.com\/de\/421132\/"},"modified":"2025-09-14T03:43:13","modified_gmt":"2025-09-14T03:43:13","slug":"konzert-in-dortmund-alle-infos","status":"publish","type":"post","link":"https:\/\/www.europesays.com\/de\/421132\/","title":{"rendered":"Konzert in Dortmund \u2013 alle Infos"},"content":{"rendered":"<p>\t\tDer \u201eGraf\u201c kommt in die Westfalenhallen Dortmund<br \/>\n\t\t\t\t\tUnheilig gehen auf Comeback-Tour<\/p>\n<p>    <a href=\"https:\/\/www.ruhrnachrichten.de\/wp-content\/uploads\/2025\/09\/11\/14\/630_0900_5019593_54635493-1648x824.jpg\" target=\"_blank\" rel=\"noopener\"><\/p>\n<p>            <img loading=\"lazy\" decoding=\"async\" src=\"https:\/\/www.europesays.com\/de\/wp-content\/uploads\/2025\/09\/630_0900_5019592_54635493-640x428.jpg\" width=\"640\" height=\"428\"  alt=\"Der Graf von Unheilig singt.\"\/><\/p>\n<p>    <\/a><br \/>\n    Der \u201eGraf\u201c kommt mit seiner Band Unheilig Ende 2026 auch in die Dortmunder Westfalenhallen (Archivbild). \u00a9 picture alliance \/ dpa<\/p>\n<p class=\"article__teaser-text\">Unheilig feiern ihr Comeback \u2013 und kommen auch ins Ruhrgebiet, unter anderem auch nach Dortmund. Alle Infos zu Tickets, Terminen und Anreise auf einen Blick.<\/p>\n<p>1 Min Lesezeit<\/p>\n<p>Nach fast einem Jahrzehnt Pause kehrt Unheilig zur\u00fcck. \u201eDer Graf\u201c und seine Bandkollegen gehen ab Ende 2025 wieder auf Tour \u2013 auch Termine f\u00fcr 2026 und 2027, inklusive Songs eines angek\u00fcndigten neuen Albums, sind bereits geplant. F\u00fcr Dortmunder Fans sticht vor allem ein Datum ins Auge: Am 28. Dezember 2026 tritt Unheilig in den <a href=\"https:\/\/www.ruhrnachrichten.de\/dortmund\/dortmund-gratulanten-100-jahren-westfalenhalle-feier-festakt-promis-groenemeyer-konzert-w1073328-2001792681\/\" data-imported=\"1\" title=\"Viele Gratulanten zu 100 Jahren Westfalenhalle: Feier mit Festakt, Promis und Gr\u00f6nemeyer-Konzert\" target=\"_blank\" rel=\"noopener\">Westfalenhallen<\/a> auf.<\/p>\n<p>Tickets und Preise<\/p>\n<p><strong>Vorverkauf:<\/strong> l\u00e4uft bereits \u00fcber g\u00e4ngige Plattformen wie Eventim.<\/p>\n<p><strong>Preisspanne:<\/strong> ca. 58 bis 128 Euro, abh\u00e4ngig von Sitz- oder Stehplatz.<\/p>\n<p><strong>Tipp:<\/strong> Wer nicht ein Jahr auf das Konzert in <a target=\"_blank\" href=\"https:\/\/www.ruhrnachrichten.de\/dortmund\/\" data-imported=\"1\" rel=\"noopener\">Dortmund<\/a> warten will, kann auch auf die Konzerte in Oberhausen oder K\u00f6ln ausweichen \u2013 hier spielt Unheilig bereits Ende Dezember 2025.<\/p>\n<p><strong>Tourplan in der Region<\/strong><\/p>\n<ul strstyle=\"disc\">\n<li><strong>22.\u201323. Dezember 2025:<\/strong> K\u00f6ln, Palladium<\/li>\n<li><strong>Ende Dezember 2025<\/strong>: Oberhausen, Turbinenhalle<\/li>\n<li><strong>28. Dezember 2026:<\/strong> Dortmund, Westfalenhalle<\/li>\n<\/ul>\n<p>Anreise zum Unheilig-Konzert in Dortmund<\/p>\n<p>Die Westfalenhalle liegt direkt an der B1 und ist mit \u00d6PNV \u00fcber die U-Bahn-Haltestelle \u201eWestfalenhallen\u201c erreichbar.<\/p>\n<p><strong>Parken:<\/strong> Mehrere Parkpl\u00e4tze sind ausgeschildert, eine fr\u00fchzeitige Anreise wird empfohlen.<\/p>\n<p><strong>Unterkunft:<\/strong> Rund um die B1 gibt es zahlreiche Hotels, unter Umst\u00e4nden mit Konzert-Specials.<\/p>\n<p>\t\t<a href=\"https:\/\/www.ruhrnachrichten.de\/dortmund\/wo-dortmund-als-konzertstadt-steht-warum-kommen-die-superstars-nicht-nach-dortmund-w1059022-2001746272\/\" rel=\"nofollow noopener\" aria-hidden=\"true\" tabindex=\"-1\" title=\"Bei Tourplanern h\u00f6chstens dritte Wahl Warum Dortmund trotzdem eine gefragte Konzert-Stadt ist\" aria-label=\"Bei Tourplanern h\u00f6chstens dritte Wahl Warum Dortmund trotzdem eine gefragte Konzert-Stadt ist\" target=\"_blank\"><\/p>\n<p>                <img decoding=\"async\" src=\"https:\/\/www.europesays.com\/de\/wp-content\/uploads\/2025\/09\/630_0900_4900209_7577591-160x160.jpg\"  width=\"160\" height=\"160\" alt=\"Der S\u00e4nger Marius M\u00fcller-Westernhagen bei einem Konzert in der Dortmunder Westfalenhalle im Jahr 2005.\" loading=\"lazy\"\/><\/p>\n<p>\t\t<\/a><\/p>\n<p>\t\t<a href=\"https:\/\/www.ruhrnachrichten.de\/dortmund\/neue-show-phoenix-des-lumieres-weltstar-malerei-dortmund-immersiv-kunst-claude-monet-w1075482-2001801017\/\" rel=\"nofollow noopener\" aria-hidden=\"true\" tabindex=\"-1\" title=\"Neue Show bei Phoenix des Lumi\u00e8res Kunsthalle zeigt bald Werke eines Weltstars der Malerei\" aria-label=\"Neue Show bei Phoenix des Lumi\u00e8res Kunsthalle zeigt bald Werke eines Weltstars der Malerei\" target=\"_blank\"><\/p>\n<p>                <img decoding=\"async\" src=\"https:\/\/www.europesays.com\/de\/wp-content\/uploads\/2025\/09\/630_0900_5015567_Monet_Bildnachweis_C_Falko_Wuebbecke-160x160.jpg\"  width=\"160\" height=\"160\" alt=\"Die Werke des franz\u00f6sischen Impressionisten Claude Monet sind ab Ende September bei Phoenix des Lumi\u00e8res in Dortmund in digitaler Form zu sehen.\" loading=\"lazy\"\/><\/p>\n<p>\t\t<\/a><\/p>\n<p>\t\t<a href=\"https:\/\/www.ruhrnachrichten.de\/dortmund\/oh-wie-ist-das-schoen-15-000-feiern-herbert-groenemeyer-und-100-jahre-westfalenhalle-dortmund-w1072804-2001792050\/\" rel=\"nofollow noopener\" aria-hidden=\"true\" tabindex=\"-1\" title=\"Schon vor Beginn gibt\u2019s minutenlangen Beifall 15.000 feiern Gr\u00f6nemeyer in der Westfalenhalle\" aria-label=\"Schon vor Beginn gibt\u2019s minutenlangen Beifall 15.000 feiern Gr\u00f6nemeyer in der Westfalenhalle\" target=\"_blank\"><\/p>\n<p>                <img decoding=\"async\" src=\"https:\/\/www.europesays.com\/de\/wp-content\/uploads\/2025\/09\/630_0900_4997532_20250902_do_Konzert_Groenemeyer_Foto_Sc-160x160.jpg\"  width=\"160\" height=\"160\" alt=\"Herbert Gr\u00f6nemyer auf der B\u00fchne in der Westfalenhalle.\" loading=\"lazy\"\/><\/p>\n<p>\t\t<\/a><\/p>\n<p>\t\t<a href=\"https:\/\/www.ruhrnachrichten.de\/dortmund\/liveshow-westfalenhalle-dortmund-giovanni-zarrella-show-hinter-den-kulissen-video-w1069277-2001777775\/\" rel=\"nofollow noopener\" aria-hidden=\"true\" tabindex=\"-1\" title=\"Liveshow in der Westfalenhalle Hinter den Kulissen bei der Giovanni Zarrella Show\" aria-label=\"Liveshow in der Westfalenhalle Hinter den Kulissen bei der Giovanni Zarrella Show\" target=\"_blank\"><\/p>\n<p>                <img decoding=\"async\" src=\"https:\/\/www.europesays.com\/de\/wp-content\/uploads\/2025\/09\/630_0900_4967860_ImportDpaPicFile4149_jpg-160x160.jpg\"  width=\"160\" height=\"160\" alt=\"Giovanni Zarella singt.\" loading=\"lazy\"\/><\/p>\n<p>\t\t<\/a><\/p>\n","protected":false},"excerpt":{"rendered":"Der \u201eGraf\u201c kommt in die Westfalenhallen Dortmund Unheilig gehen auf Comeback-Tour Der \u201eGraf\u201c kommt mit seiner Band Unheilig&hellip;\n","protected":false},"author":2,"featured_media":421133,"comment_status":"","ping_status":"","sticky":false,"template":"","format":"standard","meta":{"footnotes":""},"categories":[1833],"tags":[3364,29,217,30,1209,55727,6185],"class_list":{"0":"post-421132","1":"post","2":"type-post","3":"status-publish","4":"format-standard","5":"has-post-thumbnail","7":"category-dortmund","8":"tag-de","9":"tag-deutschland","10":"tag-dortmund","11":"tag-germany","12":"tag-nordrhein-westfalen","13":"tag-unheilig","14":"tag-veranstaltungen-kultur"},"share_on_mastodon":{"url":"https:\/\/pubeurope.com\/@de\/115200591135249151","error":""},"_links":{"self":[{"href":"https:\/\/www.europesays.com\/de\/wp-json\/wp\/v2\/posts\/421132","targetHints":{"allow":["GET"]}}],"collection":[{"href":"https:\/\/www.europesays.com\/de\/wp-json\/wp\/v2\/posts"}],"about":[{"href":"https:\/\/www.europesays.com\/de\/wp-json\/wp\/v2\/types\/post"}],"author":[{"embeddable":true,"href":"https:\/\/www.europesays.com\/de\/wp-json\/wp\/v2\/users\/2"}],"replies":[{"embeddable":true,"href":"https:\/\/www.europesays.com\/de\/wp-json\/wp\/v2\/comments?post=421132"}],"version-history":[{"count":0,"href":"https:\/\/www.europesays.com\/de\/wp-json\/wp\/v2\/posts\/421132\/revisions"}],"wp:featuredmedia":[{"embeddable":true,"href":"https:\/\/www.europesays.com\/de\/wp-json\/wp\/v2\/media\/421133"}],"wp:attachment":[{"href":"https:\/\/www.europesays.com\/de\/wp-json\/wp\/v2\/media?parent=421132"}],"wp:term":[{"taxonomy":"category","embeddable":true,"href":"https:\/\/www.europesays.com\/de\/wp-json\/wp\/v2\/categories?post=421132"},{"taxonomy":"post_tag","embeddable":true,"href":"https:\/\/www.europesays.com\/de\/wp-json\/wp\/v2\/tags?post=421132"}],"curies":[{"name":"wp","href":"https:\/\/api.w.org\/{rel}","templated":true}]}}