{"id":421161,"date":"2025-09-14T03:59:11","date_gmt":"2025-09-14T03:59:11","guid":{"rendered":"https:\/\/www.europesays.com\/de\/421161\/"},"modified":"2025-09-14T03:59:11","modified_gmt":"2025-09-14T03:59:11","slug":"berlin-brandenburg-mitmachfest-will-lust-auf-demokratie-machen","status":"publish","type":"post","link":"https:\/\/www.europesays.com\/de\/421161\/","title":{"rendered":"Berlin &#038; Brandenburg: Mitmachfest will Lust auf Demokratie machen"},"content":{"rendered":"<p>                    Berlin &amp; Brandenburg<br \/>\n                Mitmachfest will Lust auf Demokratie machen<\/p>\n<p>\t\t\t\t              14.09.2025, 05:04 Uhr<\/p>\n<p><strong>Jede Demokratie lebt vom Engagement ihrer B\u00fcrger. Welche M\u00f6glichkeiten gibt es daf\u00fcr in Berlin? Ein Mitmachfest will Ideen daf\u00fcr geben und Lust darauf machen.<\/strong><\/p>\n<p>Berlin (dpa\/bb) &#8211; Zu einem Mitmachfest rund ums Thema Demokratie laden zahlreiche Vereine und Organisationen ab dem sp\u00e4ten Vormittag ein. Es wird von der Senatsverwaltung f\u00fcr Kultur und Gesellschaftlichen Zusammenhalt gef\u00f6rdert und von der Stiftung Zukunft Berlin organisiert.\u00a0<\/p>\n<p>Zu der Veranstaltung vor der Amerika-Gedenkbibliothek in Berlin-Kreuzberg werden nach deren Angaben ab 11 Uhr rund 3.000 Besucherinnen und Besucher erwartet. An etlichen St\u00e4nden informieren rund 50 Organisationen \u00fcber ihre Arbeit und \u00fcber M\u00f6glichkeiten, sich in Berlin zu engagieren.\u00a0<\/p>\n<p>Darunter sind unter anderem die Landeszentrale f\u00fcr politische Bildung, die Landesfreiwilligenagentur, \u00c4rzte ohne Grenzen, Omas for Future, das Landesnetzwerk B\u00fcrgerengagement, der Chorverband Berlin oder der Landesmusikrat. Anlass ist der Internationale Tag der Demokratie am Montag (15. September).<\/p>\n<p>Mobiles B\u00fcrgeramt vor Ort<\/p>\n<p>Bis 17 Uhr haben Besucherinnen und Besucher au\u00dferdem die M\u00f6glichkeit, zum Beispiel T-Shirts zu bedrucken, Podcasts aufzunehmen oder Quizfragen rund um das Thema Demokratie zu beantworten. Beim Mitmachfest steht auch ein mobiles B\u00fcrgeramt zur Verf\u00fcgung &#8211; f\u00fcr alle, die Fragen an die Berliner Verwaltung oder ein konkretes Anliegen haben.\u00a0<\/p>\n<p>Das Ziel der Veranstaltung sei, Demokratie erlebbar, verst\u00e4ndlich und zug\u00e4nglich zu machen, sagte der Staatssekret\u00e4r f\u00fcr Gesellschaftlichen Zusammenhalt, Oliver Friederici (CDU).<\/p>\n","protected":false},"excerpt":{"rendered":"Berlin &amp; Brandenburg Mitmachfest will Lust auf Demokratie machen 14.09.2025, 05:04 Uhr Jede Demokratie lebt vom Engagement ihrer&hellip;\n","protected":false},"author":2,"featured_media":421162,"comment_status":"","ping_status":"","sticky":false,"template":"","format":"standard","meta":{"footnotes":""},"categories":[1816],"tags":[1960,1958,1959,1957,296,1956,1890,146,29,30,30980,110585],"class_list":{"0":"post-421161","1":"post","2":"type-post","3":"status-publish","4":"format-standard","5":"has-post-thumbnail","7":"category-brandenburg","8":"tag-aktuelle-nachrichten-aus-berlin-und-brandenburg","9":"tag-aktuelle-nachrichten-aus-brandenburg","10":"tag-aktuelle-news-aus-berlin-und-brandenburg","11":"tag-aktuelle-news-aus-brandenburg","12":"tag-berlin","13":"tag-berlin-und-brandenburg","14":"tag-brandenburg","15":"tag-demokratie","16":"tag-deutschland","17":"tag-germany","18":"tag-lust","19":"tag-mitmachfest"},"share_on_mastodon":{"url":"https:\/\/pubeurope.com\/@de\/115200653115627897","error":""},"_links":{"self":[{"href":"https:\/\/www.europesays.com\/de\/wp-json\/wp\/v2\/posts\/421161","targetHints":{"allow":["GET"]}}],"collection":[{"href":"https:\/\/www.europesays.com\/de\/wp-json\/wp\/v2\/posts"}],"about":[{"href":"https:\/\/www.europesays.com\/de\/wp-json\/wp\/v2\/types\/post"}],"author":[{"embeddable":true,"href":"https:\/\/www.europesays.com\/de\/wp-json\/wp\/v2\/users\/2"}],"replies":[{"embeddable":true,"href":"https:\/\/www.europesays.com\/de\/wp-json\/wp\/v2\/comments?post=421161"}],"version-history":[{"count":0,"href":"https:\/\/www.europesays.com\/de\/wp-json\/wp\/v2\/posts\/421161\/revisions"}],"wp:featuredmedia":[{"embeddable":true,"href":"https:\/\/www.europesays.com\/de\/wp-json\/wp\/v2\/media\/421162"}],"wp:attachment":[{"href":"https:\/\/www.europesays.com\/de\/wp-json\/wp\/v2\/media?parent=421161"}],"wp:term":[{"taxonomy":"category","embeddable":true,"href":"https:\/\/www.europesays.com\/de\/wp-json\/wp\/v2\/categories?post=421161"},{"taxonomy":"post_tag","embeddable":true,"href":"https:\/\/www.europesays.com\/de\/wp-json\/wp\/v2\/tags?post=421161"}],"curies":[{"name":"wp","href":"https:\/\/api.w.org\/{rel}","templated":true}]}}