{"id":421170,"date":"2025-09-14T04:04:13","date_gmt":"2025-09-14T04:04:13","guid":{"rendered":"https:\/\/www.europesays.com\/de\/421170\/"},"modified":"2025-09-14T04:04:13","modified_gmt":"2025-09-14T04:04:13","slug":"bahnverkehr-verspaetungen-auf-bahnstrecke-hannover-berlin-vandalismus-wirtschaft","status":"publish","type":"post","link":"https:\/\/www.europesays.com\/de\/421170\/","title":{"rendered":"Bahnverkehr &#8211; Versp\u00e4tungen auf Bahnstrecke Hannover-Berlin &#8211; \u201eVandalismus\u201c &#8211; Wirtschaft"},"content":{"rendered":"<p data-manual=\"teaserText\" data-schema-org-speakable=\"true\">Auf der Bahnstrecke zwischen Hannover und Berlin gibt es weiter Verz\u00f6gerungen. Grund ist der Brand eines Sicherungskastens &#8211; aber was ist die Ursache f\u00fcr das Feuer?<\/p>\n<p data-manual=\"paragraph\" data-schema-org-speakable=\"true\" class=\"css-xboolz\">Lehrte\/<a href=\"https:\/\/www.sueddeutsche.de\/thema\/Berlin\" rel=\"nofollow noopener\" target=\"_blank\">Berlin<\/a> (dpa) &#8211; Auf der Strecke zwischen Hannover und Berlin m\u00fcssen Bahnfahrer weiter mit Versp\u00e4tungen rechnen. Grund sind die Auswirkungen eines Brandes in einem Sicherungskasten eines Stellwerks in der Region Hannover vom fr\u00fchen Samstag. \u201eEs wird alles versucht, damit die Kunden so wenige Einschr\u00e4nkungen wie m\u00f6glich haben\u201c, sagte eine Bahnsprecherin am Samstagabend. Bis in den Sonntag hinein sei aber mit Verz\u00f6gerungen und Umleitungen auf der hoch frequentierten Strecke zwischen Hannover und Berlin zu rechnen. Reisende sollten sich \u00fcber m\u00f6gliche Versp\u00e4tungen informieren.\u00a0<\/p>\n<p>Brandursache unklar &#8211; Bahn spricht von \u201eVandalismus\u201c<\/p>\n<p data-manual=\"paragraph\" data-schema-org-speakable=\"true\" class=\"css-xboolz\">Die Ursache des Brandes ist bislang unklar. Die Bahn sprach auf ihrer Internetseite am sp\u00e4ten Samstagabend von \u201eVandalismussch\u00e4den\u201c. Die Polizei hingegen erkl\u00e4rte in der Nacht zum Sonntag auf Anfrage, es gebe bislang keine Erkenntnisse zur Brandursache. Es werde weiter untersucht, ob ein technischer Defekt der Grund f\u00fcr das Feuer gewesen sei oder Brandstiftung. Ermittler h\u00e4tten das Ger\u00e4t abgebaut und mitgenommen. Mit einem Ergebnis der Untersuchungen rechnet die Polizei in den kommenden Tagen.<\/p>\n<p data-manual=\"paragraph\" data-schema-org-speakable=\"true\" class=\"css-xboolz\">Im Fernverkehr zwischen Hannover und Berlin sind viele Z\u00fcge betroffen. Die ICE- und IC-Z\u00fcge von Hannover in Richtung Berlin w\u00fcrden umgeleitet und versp\u00e4teten sich um etwa 25 Minuten, hie\u00df es in der Mitteilung der Bahn. \u201eZ\u00fcge von Berlin in Richtung Hannover verkehren gr\u00f6\u00dftenteils auf dem regul\u00e4ren Laufweg und versp\u00e4ten sich nur gering.\u201c Einige Z\u00fcge in beiden Richtungen m\u00fcssten entfallen. Die IC-Z\u00fcge zwischen Hannover und Magdeburg w\u00fcrden teilweise umgeleitet und versp\u00e4teten sich dadurch um etwa 25 Minuten.\u00a0<\/p>\n<p>Vorf\u00e4lle in Nordrhein-Westfalen im Sommer<\/p>\n<p data-manual=\"paragraph\" data-schema-org-speakable=\"true\" class=\"css-xboolz\">Wiederholt hatte es Zwischenf\u00e4lle an Bahnstrecken gegeben &#8211; mit zum Teil erheblichen Auswirkungen: In Nordrhein-Westfalen wurden Ende Juli zwei Brands\u00e4tze auf der Bahnstrecke D\u00fcsseldorf-Duisburg gez\u00fcndet. Dabei wurden Kabel f\u00fcr die Steuerung von Weichen und Signalen zerst\u00f6rt. Damals war der Fern- und Regionalverkehr erheblich gest\u00f6rt. Ende August rief auch ein Feuer an einem Gleisbereich bei Wuppertal-Oberbarmen den Staatsschutz auf den Plan. Es konnte schnell gel\u00f6scht werden.<\/p>\n<p data-manual=\"paragraph\" data-schema-org-speakable=\"true\" class=\"css-xboolz\">\u00a9 dpa-infocom, dpa:250913-930-34735\/2<\/p>\n","protected":false},"excerpt":{"rendered":"Auf der Bahnstrecke zwischen Hannover und Berlin gibt es weiter Verz\u00f6gerungen. Grund ist der Brand eines Sicherungskastens &#8211;&hellip;\n","protected":false},"author":2,"featured_media":421171,"comment_status":"","ping_status":"","sticky":false,"template":"","format":"standard","meta":{"footnotes":""},"categories":[1825],"tags":[1739,296,2030,29,987,30,3794,1411,4338,149,601,55],"class_list":{"0":"post-421170","1":"post","2":"type-post","3":"status-publish","4":"format-standard","5":"has-post-thumbnail","7":"category-berlin","8":"tag-bahn","9":"tag-berlin","10":"tag-deutsche-bahn","11":"tag-deutschland","12":"tag-feuer","13":"tag-germany","14":"tag-lehrte","15":"tag-niedersachsen","16":"tag-notfall","17":"tag-sueddeutsche-zeitung","18":"tag-verkehr","19":"tag-wirtschaft"},"share_on_mastodon":{"url":"https:\/\/pubeurope.com\/@de\/115200672792468775","error":""},"_links":{"self":[{"href":"https:\/\/www.europesays.com\/de\/wp-json\/wp\/v2\/posts\/421170","targetHints":{"allow":["GET"]}}],"collection":[{"href":"https:\/\/www.europesays.com\/de\/wp-json\/wp\/v2\/posts"}],"about":[{"href":"https:\/\/www.europesays.com\/de\/wp-json\/wp\/v2\/types\/post"}],"author":[{"embeddable":true,"href":"https:\/\/www.europesays.com\/de\/wp-json\/wp\/v2\/users\/2"}],"replies":[{"embeddable":true,"href":"https:\/\/www.europesays.com\/de\/wp-json\/wp\/v2\/comments?post=421170"}],"version-history":[{"count":0,"href":"https:\/\/www.europesays.com\/de\/wp-json\/wp\/v2\/posts\/421170\/revisions"}],"wp:featuredmedia":[{"embeddable":true,"href":"https:\/\/www.europesays.com\/de\/wp-json\/wp\/v2\/media\/421171"}],"wp:attachment":[{"href":"https:\/\/www.europesays.com\/de\/wp-json\/wp\/v2\/media?parent=421170"}],"wp:term":[{"taxonomy":"category","embeddable":true,"href":"https:\/\/www.europesays.com\/de\/wp-json\/wp\/v2\/categories?post=421170"},{"taxonomy":"post_tag","embeddable":true,"href":"https:\/\/www.europesays.com\/de\/wp-json\/wp\/v2\/tags?post=421170"}],"curies":[{"name":"wp","href":"https:\/\/api.w.org\/{rel}","templated":true}]}}