{"id":421188,"date":"2025-09-14T04:14:13","date_gmt":"2025-09-14T04:14:13","guid":{"rendered":"https:\/\/www.europesays.com\/de\/421188\/"},"modified":"2025-09-14T04:14:13","modified_gmt":"2025-09-14T04:14:13","slug":"breaking-news-ehemaliger-wwe-united-states-champion-verlaesst-world-wrestling-entertainment","status":"publish","type":"post","link":"https:\/\/www.europesays.com\/de\/421188\/","title":{"rendered":"*BREAKING NEWS* Ehemaliger WWE United States Champion verl\u00e4sst World Wrestling Entertainment"},"content":{"rendered":"<p> <img width=\"640\" height=\"360\" src=\"data:image\/svg+xml,%3Csvg%20xmlns=\" http:=\"\" class=\"attachment-medium size-medium wp-post-image\" alt=\"\" decoding=\"async\" fetchpriority=\"high\" data-lazy- data-lazy- data-lazy-src=\"https:\/\/www.europesays.com\/de\/wp-content\/uploads\/2025\/09\/Breaking-news-beitrag-wwe-640x360.jpg\"\/><\/p>\n<p class=\"caption\">\u00a9 WWE<\/p>\n<p> <img decoding=\"async\" src=\"https:\/\/www.europesays.com\/de\/wp-content\/uploads\/2025\/09\/9cf9baf22765458eaceab550b8d699a5.gif\" width=\"https:\/\/www.wrestling-infos.de\/1\" height=\"https:\/\/www.wrestling-infos.de\/1\" alt=\"\" class=\"wpvgw-marker-image\" loading=\"eager\" data-no-lazy=\"https:\/\/www.wrestling-infos.de\/1\" referrerpolicy=\"no-referrer-when-downgrade\" style=\"display:none;\"\/><\/p>\n<p><strong>Andrade El \u00cddol<\/strong>o hat die <strong>WWE <\/strong>vermutlich erneut <strong>verlassen<\/strong>. Am 13. September 2025 wurde er auf der offiziellen Website in den <strong>Alumni-Bereich verschoben<\/strong>, was \u00fcblicherweise das Ende einer aktiven Zusammenarbeit bedeutet. Damit endet sein zweiter Run bei der Liga, den er erst im Januar 2024 beim WWE \u201eRoyal Rumble\u201c begonnen hatte. Sein letztes Match bestritt Andrade im Sommer 2025 bei \u201eSummerSlam\u201c, wo er zusammen mit Rey Fenix in einem TLC-Match um die WWE Tag Team Championships gegen die Wyatt Sicks verlor. <strong>\u00dcber die Gr\u00fcnde seines Abgangs ist bislang nichts bekannt. Die Meldung brachte FightFul zuerst in den Umlauf.<\/strong><\/p>\n<p>Andrade, mit b\u00fcrgerlichem Namen Manuel Alfonso Andrade Oropeza, wurde am 3. November 1989 im mexikanischen G\u00f3mez Palacio, Durango, geboren. Er entstammt einer Wrestlingfamilie: Sein Vater ist als Brillante aktiv, sein Gro\u00dfvater wrestelte als El Moro, und mehrere Onkel sowie Cousins waren oder sind ebenfalls im Ring t\u00e4tig. Diese famili\u00e4ren Wurzeln pr\u00e4gten ihn stark, sodass er bereits im Alter von 13 Jahren selbst deb\u00fctierte. In seinen ersten Jahren trat er unter Namen wie Brillante Jr., Guerrero Azteca oder Rey Azteca an. Den entscheidenden Karriereschritt machte er jedoch, als er 2007 beim Consejo Mundial de Lucha Libre (CMLL) unterschrieb. Dort entwickelte er das Gimmick La Sombra, das ihn in Mexiko zum Star machte.<\/p>\n<p>Bei CMLL gewann er eine Reihe von Titeln, darunter die Mexican National Trios Championship, die CMLL World Tag Team Championship und mehrfach die NWA World Historic Welterweight Championship. Ein H\u00f6hepunkt war der Gewinn des CMLL Universal Championship, einer prestigetr\u00e4chtigen Troph\u00e4e, die nur amtierende Titeltr\u00e4ger austragen. La Sombra war auch an bedeutenden \u201eLucha de Apuestas\u201c-Matches beteiligt, bei denen Masken oder Haare auf dem Spiel stehen \u2013 eines der wichtigsten Elemente der mexikanischen Wrestling-Kultur. Parallel dazu etablierte er sich in New Japan Pro-Wrestling (NJPW), wo er durch die Zusammenarbeit von CMLL und NJPW regelm\u00e4\u00dfig antrat. 2013 gelang ihm ein Meilenstein: Er besiegte Shinsuke Nakamura und gewann als erster Mexikaner \u00fcberhaupt den IWGP Intercontinental Championship.<\/p>\n<p>2015 folgte der Wechsel zur WWE. Zun\u00e4chst in NXT eingesetzt, trat er dort als Andrade \u201eCien\u201c Almas auf. Anfangs noch ohne klare Richtung, fand er an der Seite von Managerin Zelina Vega seine Rolle und gewann im November 2017 den NXT Championship. Mit Titelverteidigungen gegen Johnny Gargano und andere etablierte Stars erarbeitete er sich den Ruf eines technisch versierten, charismatischen Performers. 2018 stieg er ins Main Roster auf, sein Name wurde dabei auf \u201eAndrade\u201c verk\u00fcrzt. Er trat regelm\u00e4\u00dfig bei SmackDown und Raw auf und konnte Anfang 2020 den United States Championship gewinnen. In dieser Phase f\u00fchrte er auch Fehden gegen etablierte Namen wie Rey Mysterio oder Finn B\u00e1lor.<\/p>\n<p>Im M\u00e4rz 2021 bat Andrade um seine Entlassung und verlie\u00df die WWE. Nur wenige Monate sp\u00e4ter deb\u00fctierte er bei All Elite Wrestling, wo er als Andrade El \u00cddolo auftrat. Dort schloss er sich der Gruppierung La Facci\u00f3n Ingobernable an, einer Anspielung auf die Ingobernables, deren Mitbegr\u00fcnder er bereits in Mexiko gewesen war. In AEW traf er auf Gegner wie PAC, Miro oder Darby Allin, konnte jedoch trotz mehrerer Fehden und Matches keine konstant prominente Rolle einnehmen. Verletzungen und kreative Pausen bremsten seine Karriere dort zus\u00e4tzlich. Ende 2023 lief sein Vertrag bei AEW aus.<\/p>\n<p>Der Royal Rumble 2024 markierte seine \u00fcberraschende R\u00fcckkehr zur WWE. In seinem zweiten Run gewann Andrade den neu eingef\u00fchrten WWE Speed Championship, ein Titel, der im Rahmen kurzer Matches auf der Social-Media-Plattformen X (vormals Twitter) verteidigt wurde. Zudem bildete er zuletzt ein Team mit Rey Fenix, welches im Sommer 2025 in einem TLC-Match bei SummerSlam um die Tag Team Championships antrat. Es blieb jedoch bei vereinzelten Erfolgen, gr\u00f6\u00dfere Storylines oder Titelgewinne blieben aus.<\/p>\n<p>Mit der erneuten Verschiebung in den Alumni-Bereich auf wwe.com endet nun auch diese zweite Phase seiner WWE-Karriere.<\/p>\n<p><a href=\"https:\/\/board.wrestling-infos.de\/threads\/breaking-news-ehemaliger-wwe-united-states-championship-verl%C3%A4sst-world-wrestling-entertainment.69344\/\" target=\"_blank\" rel=\"noopener\">Diskutiert hier mit vielen anderen Fans \u00fcber \u201eAndrade\u201c!<\/a><\/p>\n","protected":false},"excerpt":{"rendered":"\u00a9 WWE Andrade El \u00cddolo hat die WWE vermutlich erneut verlassen. Am 13. September 2025 wurde er auf&hellip;\n","protected":false},"author":2,"featured_media":421189,"comment_status":"","ping_status":"","sticky":false,"template":"","format":"standard","meta":{"footnotes":""},"categories":[155],"tags":[893,894,29,214,30,215,892,890,891],"class_list":{"0":"post-421188","1":"post","2":"type-post","3":"status-publish","4":"format-standard","5":"has-post-thumbnail","7":"category-unterhaltung","8":"tag-aew","9":"tag-all-elite-wrestling","10":"tag-deutschland","11":"tag-entertainment","12":"tag-germany","13":"tag-unterhaltung","14":"tag-world-wrestling-entertainment","15":"tag-wrestling","16":"tag-wwe"},"share_on_mastodon":{"url":"https:\/\/pubeurope.com\/@de\/115200712100076185","error":""},"_links":{"self":[{"href":"https:\/\/www.europesays.com\/de\/wp-json\/wp\/v2\/posts\/421188","targetHints":{"allow":["GET"]}}],"collection":[{"href":"https:\/\/www.europesays.com\/de\/wp-json\/wp\/v2\/posts"}],"about":[{"href":"https:\/\/www.europesays.com\/de\/wp-json\/wp\/v2\/types\/post"}],"author":[{"embeddable":true,"href":"https:\/\/www.europesays.com\/de\/wp-json\/wp\/v2\/users\/2"}],"replies":[{"embeddable":true,"href":"https:\/\/www.europesays.com\/de\/wp-json\/wp\/v2\/comments?post=421188"}],"version-history":[{"count":0,"href":"https:\/\/www.europesays.com\/de\/wp-json\/wp\/v2\/posts\/421188\/revisions"}],"wp:featuredmedia":[{"embeddable":true,"href":"https:\/\/www.europesays.com\/de\/wp-json\/wp\/v2\/media\/421189"}],"wp:attachment":[{"href":"https:\/\/www.europesays.com\/de\/wp-json\/wp\/v2\/media?parent=421188"}],"wp:term":[{"taxonomy":"category","embeddable":true,"href":"https:\/\/www.europesays.com\/de\/wp-json\/wp\/v2\/categories?post=421188"},{"taxonomy":"post_tag","embeddable":true,"href":"https:\/\/www.europesays.com\/de\/wp-json\/wp\/v2\/tags?post=421188"}],"curies":[{"name":"wp","href":"https:\/\/api.w.org\/{rel}","templated":true}]}}