{"id":421218,"date":"2025-09-14T04:32:18","date_gmt":"2025-09-14T04:32:18","guid":{"rendered":"https:\/\/www.europesays.com\/de\/421218\/"},"modified":"2025-09-14T04:32:18","modified_gmt":"2025-09-14T04:32:18","slug":"sendenhorst-albersloh-einbruch-in-einfamilienhaus-radio-waf","status":"publish","type":"post","link":"https:\/\/www.europesays.com\/de\/421218\/","title":{"rendered":"Sendenhorst-Albersloh. Einbruch in Einfamilienhaus &#8211; Radio WAF"},"content":{"rendered":"<p>Unbekannte T\u00e4ter sind zwischen Donnerstag (11.09.2025, 18.00 Uhr) und Freitag (12.09.2025, 10.00 Uhr) in ein Einfamilienhaus in Albersloh eingebrochen.<\/p>\n<p>Die unbekannten T\u00e4ter gelangten in das Geb\u00e4ude in der Bauerschaft Sunger und stahlen dort Besteck, K\u00fcchenger\u00e4te und Bargeld.<\/p>\n<p>Wer hat dort verd\u00e4chtige Personen oder Fahrzeuge beobachtet? Wer kann Angaben zu dem Einbruch machen? Hinweise nimmt die Polizei in Ahlen, Telefon 02382\/965-0 oder per E-Mail: poststelle.warendorf@polizei.nrw.de entgegen.<\/p>\n<p>R\u00fcckfragen zur Pressemitteilung bitte an:<\/p>\n<p>Polizei Warendorf Pressestelle Telefon: 02581\/600-230 Fax: 02581\/600-129 E-Mail: pressestelle.warendorf@polizei.nrw.de <a href=\"https:\/\/warendorf.polizei.nrw\/\" target=\"_blank\" rel=\"noreferrer noopener\">warendorf.polizei.nrw<\/a><\/p>\n<p>Au\u00dferhalb der B\u00fcrozeiten: Polizei Warendorf Leitstelle Tel.: 02581\/600-230 Fax: 02581\/600-249 Email: poststelle.warendorf@polizei.nrw.de <a href=\"https:\/\/warendorf.polizei.nrw\/\" target=\"_blank\" rel=\"noreferrer noopener\">warendorf.polizei.nrw<\/a><\/p>\n<p> Original-Content von: Polizei Warendorf, \u00fcbermittelt durch news aktuell<\/p>\n","protected":false},"excerpt":{"rendered":"Unbekannte T\u00e4ter sind zwischen Donnerstag (11.09.2025, 18.00 Uhr) und Freitag (12.09.2025, 10.00 Uhr) in ein Einfamilienhaus in Albersloh&hellip;\n","protected":false},"author":2,"featured_media":392469,"comment_status":"","ping_status":"","sticky":false,"template":"","format":"standard","meta":{"footnotes":""},"categories":[1843],"tags":[3364,29,30,8970,1209,12925],"class_list":{"0":"post-421218","1":"post","2":"type-post","3":"status-publish","4":"format-standard","5":"has-post-thumbnail","7":"category-muenster","8":"tag-de","9":"tag-deutschland","10":"tag-germany","11":"tag-muenster","12":"tag-nordrhein-westfalen","13":"tag-polizeimeldungen"},"share_on_mastodon":{"url":"https:\/\/pubeurope.com\/@de\/115200782758713097","error":""},"_links":{"self":[{"href":"https:\/\/www.europesays.com\/de\/wp-json\/wp\/v2\/posts\/421218","targetHints":{"allow":["GET"]}}],"collection":[{"href":"https:\/\/www.europesays.com\/de\/wp-json\/wp\/v2\/posts"}],"about":[{"href":"https:\/\/www.europesays.com\/de\/wp-json\/wp\/v2\/types\/post"}],"author":[{"embeddable":true,"href":"https:\/\/www.europesays.com\/de\/wp-json\/wp\/v2\/users\/2"}],"replies":[{"embeddable":true,"href":"https:\/\/www.europesays.com\/de\/wp-json\/wp\/v2\/comments?post=421218"}],"version-history":[{"count":0,"href":"https:\/\/www.europesays.com\/de\/wp-json\/wp\/v2\/posts\/421218\/revisions"}],"wp:featuredmedia":[{"embeddable":true,"href":"https:\/\/www.europesays.com\/de\/wp-json\/wp\/v2\/media\/392469"}],"wp:attachment":[{"href":"https:\/\/www.europesays.com\/de\/wp-json\/wp\/v2\/media?parent=421218"}],"wp:term":[{"taxonomy":"category","embeddable":true,"href":"https:\/\/www.europesays.com\/de\/wp-json\/wp\/v2\/categories?post=421218"},{"taxonomy":"post_tag","embeddable":true,"href":"https:\/\/www.europesays.com\/de\/wp-json\/wp\/v2\/tags?post=421218"}],"curies":[{"name":"wp","href":"https:\/\/api.w.org\/{rel}","templated":true}]}}