{"id":421227,"date":"2025-09-14T04:38:26","date_gmt":"2025-09-14T04:38:26","guid":{"rendered":"https:\/\/www.europesays.com\/de\/421227\/"},"modified":"2025-09-14T04:38:26","modified_gmt":"2025-09-14T04:38:26","slug":"alt-und-neu-im-wuppertaler-brauhaus-oliver-dohmen","status":"publish","type":"post","link":"https:\/\/www.europesays.com\/de\/421227\/","title":{"rendered":"Alt und neu im Wuppertaler Brauhaus: Oliver Dohmen"},"content":{"rendered":"<p class=\"small date article__date\">Ver\u00f6ffentlicht:\u00a0Samstag, 13.09.2025 12:21<\/p>\n<p>Oliver Dohmen ist seit April 2025 neuer Chef im Wuppertaler Brauhaus und \u00fcbernimmt damit das Brauhaus langsam von Richard Hubinger, der das Brauhaus seit rund 20 Jahren gepr\u00e4gt und erfolgreich gef\u00fchrt hat. Oliver hat schon immer in der Gastro-Branche gearbeitet und zuvor zum Beispiel schon das bekannte Brauhaus an den Landungsbr\u00fccken in Hamburg gef\u00fchrt. Er lebt noch in Bad Honnef und zieht f\u00fcr den Job nach Wuppertal um. Das Wuppertaler Brauhaus kennt er aber schon lange: sein Vater kommt aus Wuppertal und mit ihm war er als Jugendlicher schon hier. Besonders gut gefallen Dohmen die gro\u00dfen Partys im Brauhaus, wie die Karnevalsparty. Sowas sollte es \u00f6fter bei uns geben, sagt er im Interview. Was seine Pl\u00e4ne f\u00fcr das Wuppertaler Brauhaus sind, was er daran sch\u00e4tzt und wie er in Wuppertal angekommen ist, h\u00f6rt ihr bei uns im Interview.<\/p>\n<p><img decoding=\"async\" alt=\"\" src=\"https:\/\/www.europesays.com\/de\/wp-content\/uploads\/2025\/09\/dohmen.jpg&#038;crop=0x0x4032x2520&#038;resize=1280x800&#038;dt=202509131227100.jpeg\" data-size=\"1280x800\"\/>\u00a9 Radio Wuppertal<\/p>\n","protected":false},"excerpt":{"rendered":"Ver\u00f6ffentlicht:\u00a0Samstag, 13.09.2025 12:21 Oliver Dohmen ist seit April 2025 neuer Chef im Wuppertaler Brauhaus und \u00fcbernimmt damit das&hellip;\n","protected":false},"author":2,"featured_media":421228,"comment_status":"","ping_status":"","sticky":false,"template":"","format":"standard","meta":{"footnotes":""},"categories":[1840],"tags":[50023,3364,29,30,1209,4418],"class_list":{"0":"post-421227","1":"post","2":"type-post","3":"status-publish","4":"format-standard","5":"has-post-thumbnail","7":"category-wuppertal","8":"tag-elba-talk","9":"tag-de","10":"tag-deutschland","11":"tag-germany","12":"tag-nordrhein-westfalen","13":"tag-wuppertal"},"share_on_mastodon":{"url":"https:\/\/pubeurope.com\/@de\/115200806359713135","error":""},"_links":{"self":[{"href":"https:\/\/www.europesays.com\/de\/wp-json\/wp\/v2\/posts\/421227","targetHints":{"allow":["GET"]}}],"collection":[{"href":"https:\/\/www.europesays.com\/de\/wp-json\/wp\/v2\/posts"}],"about":[{"href":"https:\/\/www.europesays.com\/de\/wp-json\/wp\/v2\/types\/post"}],"author":[{"embeddable":true,"href":"https:\/\/www.europesays.com\/de\/wp-json\/wp\/v2\/users\/2"}],"replies":[{"embeddable":true,"href":"https:\/\/www.europesays.com\/de\/wp-json\/wp\/v2\/comments?post=421227"}],"version-history":[{"count":0,"href":"https:\/\/www.europesays.com\/de\/wp-json\/wp\/v2\/posts\/421227\/revisions"}],"wp:featuredmedia":[{"embeddable":true,"href":"https:\/\/www.europesays.com\/de\/wp-json\/wp\/v2\/media\/421228"}],"wp:attachment":[{"href":"https:\/\/www.europesays.com\/de\/wp-json\/wp\/v2\/media?parent=421227"}],"wp:term":[{"taxonomy":"category","embeddable":true,"href":"https:\/\/www.europesays.com\/de\/wp-json\/wp\/v2\/categories?post=421227"},{"taxonomy":"post_tag","embeddable":true,"href":"https:\/\/www.europesays.com\/de\/wp-json\/wp\/v2\/tags?post=421227"}],"curies":[{"name":"wp","href":"https:\/\/api.w.org\/{rel}","templated":true}]}}