{"id":421359,"date":"2025-09-14T05:56:12","date_gmt":"2025-09-14T05:56:12","guid":{"rendered":"https:\/\/www.europesays.com\/de\/421359\/"},"modified":"2025-09-14T05:56:12","modified_gmt":"2025-09-14T05:56:12","slug":"toelzer-knabenchor-kommt-fuer-benefizkonzert-ins-baringer-muenster","status":"publish","type":"post","link":"https:\/\/www.europesays.com\/de\/421359\/","title":{"rendered":"T\u00f6lzer Knabenchor kommt f\u00fcr Benefizkonzert ins Baringer M\u00fcnster"},"content":{"rendered":"<p class=\"em_text\"><strong>Der T\u00f6lzer Knabenchor kommt im Oktober f\u00fcr ein Benefizkonzert ins Baringer M\u00fcnster. Alle Infos zum Auftritt der bekannten Formation im Neuburger Stadtteil. <\/strong><\/p>\n<p>\u201eDer Klang und die Akustik im M\u00fcnster ist einfach super\u201c, schw\u00e4rmte Neuburgs Kulturreferentin Gabriele Kaps bei der Pressekonferenz zum n\u00e4chsten Konzert des Freundeskreises Kultur im Baringer M\u00fcnster. \u201eUnd das vor der atemberaubenden  Rokoko-Kulisse.\u201c Die Rede ist vom Auftritt des T\u00f6lzer Knabenchors am Samstag, 4. Oktober, im M\u00fcnster Hl. Kreuz in Bergen.<\/p>\n<p>    Freundeskreis hat  Orgelsanierung im Blick<\/p>\n<p class=\"em_text\">Es ist das 33. Konzert im Baringer M\u00fcnster seit der Vereinsgr\u00fcndung 2021, wie es bei der Pressekonferenz hie\u00df. Schon letztes Jahr sei Vorsitzendem Edgar Mayer die Idee gekommen, den Knabenchor nach Neuburg zu holen. Die T\u00f6lzer suchen n\u00e4mlich an seiner Schule in Garching immer Nachwuchs, er ist dort Rektor und spielt sonntags in Bergen die Orgel.  \u201eDie Jungen bekommen eine tolle Ausbildung, arbeiten mit Stimmbildnern zusammen\u201c, wei\u00df Mayer. <\/p>\n<p>Mit dem namensgebenden Bad T\u00f6lz hat der Knabenchor heute zwar nichts mehr zu tun \u2013 sie proben inzwischen im ZDF-Geb\u00e4ude in Unterf\u00f6hring \u2013 doch der Name ist Programm: Erst 2024 wurde der Chor zusammen mit drei anderen  zum immateriellen Kulturerbe Bayerns erhoben. Rund 120 Jungen singen im T\u00f6lzer Knabenchor, der 1956 von Gerhard Schmidt-Gaden gegr\u00fcndet wurde. <\/p>\n<p>    Elfj\u00e4hriger Ingolst\u00e4dter singt mit<\/p>\n<p class=\"em_text\">Heute wird er von Christian Fliegner geleitet.  Mehr als 150 Konzerte gibt der Chor jedes Jahr in Deutschland, Europa und weltweit. \u201eWie jedes Jahr sind Solisten des T\u00f6lzer Knabenchors an den f\u00fchrenden Opernh\u00e4usern Deutschlands und Europas zu Gast\u201c, geht aus Infos bei der Pressekonferenz hervor. Wie beispielsweise f\u00fcr die Knabenpartien in der Zauberfl\u00f6te oder in Macbeth, erg\u00e4nzte Mayer. <a href=\"https:\/\/www.donaukurier.de\/17747042\" target=\"_blank\" rel=\"noopener\">Der elfj\u00e4hrige Benedikt Siewert aus Ingolstadt z\u00e4hlt ebenfalls dazu.<\/a> Letztes Jahr im September durfte er als Erster Knabe in Mozarts Zauberfl\u00f6te in der Deutschen Oper Berlin auftreten. <\/p>\n<p>\u201eDas Konzert wird nicht nur vokal, sondern auch von zwei Instrumenten begleitet\u201c, sagte Mayer. Der Belgier Guido Segers spielt die Trompete, Johannes Berger aus Rosenheim  sitzt an der Orgel. Musikalisch wird sich alles im Rahmen der Klassik bewegen. \u201eWer Volksmusik erwartet, ist hier falsch. Wir sind in einem Gotteshaus\u201c, so Mayer. <\/p>\n<p>Letztlich verfolgen die Konzerte vom Freundeskreis auch immer das Ziel, Geld f\u00fcr die Orgelsanierung im M\u00fcnster zusammeln. \u201eMittlerweile haben wir einen finanziellen Grundstock zusammen\u201c, zeigte sich Mayer stolz. Ziel der Vereinsgr\u00fcndung sei es zudem gewesen, Leben ins M\u00fcnster zu bringen, so Mayer. <\/p>\n<p>    Konzert nur durch Sponsoren m\u00f6glich<\/p>\n<p class=\"em_text\">Das Besondere: Der Auftritt ist ein Benefizkonzert. \u201eAls Edgar mir die Idee erz\u00e4hlt hat, hab ich erst mal geschluckt\u201c, sagte Kaps. \u201eUnter normalen Umst\u00e4nden k\u00f6nnten wir uns den T\u00f6lzer Chor f\u00fcr so ein Konzert nicht leisten.\u201c Schnell war klar, es soll ein Benefizkonzert werden, dass in die Region 10 ausstrahlt, so Kaps weiter. Der Erl\u00f6s des Abends geht also an die Lebenshilfe Bayern Mitte. Zu den Sponsoren z\u00e4hlen eine Neuburger Bank und der Neuburger Lionsclub sowie anonyme Spender. <\/p>\n<p>Einen st\u00e4dtischen Zuschuss gibt es obendrauf. Denn die Schirmherrschaft hat OB Bernhard Gmehling inne. \u201eIch hab sofort ja gesagt\u201c, erkl\u00e4rte Gmehling. \u201eDer T\u00f6lzer Knabenchor ist mir seit Jugendtagen ein Begriff. Vor 40 Jahren hab ich mit meinen Eltern den Knabenchor schon im Fernsehen gesehen.\u201c  Da d\u00fcrfe man stolz sein, wenn ein so bekannter Chor in den sch\u00f6nsten Ortsteil Neuburgs kommt, so der OB weiter. <\/p>\n<p>    Tickets f\u00fcr den T\u00f6lzer Knabenchor<\/p>\n<p class=\"em_text\">Die Tickets f\u00fcr das Konzert am 4. Oktober kosten 30 Euro f\u00fcr alle ab 16 Jahren, 25 Euro f\u00fcr Kinder und Jugendliche. Erh\u00e4ltlich sind diese beim Klosterbr\u00e4u in Bergen unter Telefon  (08431) 67 750 oder online unter www.okticket.de. Rund 300 Pl\u00e4tze gibt es laut dem Freundeskreis in Hl. Kreuz. Auf bis zu 400 Pl\u00e4tze k\u00f6nnte man durch St\u00fchle und Bierb\u00e4nke aufstocken, \u201eaber dann is schon gscheid eng\u201c. Parkpl\u00e4tze gibt es begrenzt vor Ort, die Bev\u00f6lkerung wird laut Mayer wieder die H\u00f6fe f\u00fcr die Autos \u00f6ffnen. Beginn ist um 16 Uhr, Einlass ab 15 Uhr. <\/p>\n","protected":false},"excerpt":{"rendered":"Der T\u00f6lzer Knabenchor kommt im Oktober f\u00fcr ein Benefizkonzert ins Baringer M\u00fcnster. Alle Infos zum Auftritt der bekannten&hellip;\n","protected":false},"author":2,"featured_media":421360,"comment_status":"","ping_status":"","sticky":false,"template":"","format":"standard","meta":{"footnotes":""},"categories":[1843],"tags":[3364,29,30,8970,1209,5670],"class_list":{"0":"post-421359","1":"post","2":"type-post","3":"status-publish","4":"format-standard","5":"has-post-thumbnail","7":"category-muenster","8":"tag-de","9":"tag-deutschland","10":"tag-germany","11":"tag-muenster","12":"tag-nordrhein-westfalen","13":"tag-online-kultur"},"share_on_mastodon":{"url":"https:\/\/pubeurope.com\/@de\/115201113127412674","error":""},"_links":{"self":[{"href":"https:\/\/www.europesays.com\/de\/wp-json\/wp\/v2\/posts\/421359","targetHints":{"allow":["GET"]}}],"collection":[{"href":"https:\/\/www.europesays.com\/de\/wp-json\/wp\/v2\/posts"}],"about":[{"href":"https:\/\/www.europesays.com\/de\/wp-json\/wp\/v2\/types\/post"}],"author":[{"embeddable":true,"href":"https:\/\/www.europesays.com\/de\/wp-json\/wp\/v2\/users\/2"}],"replies":[{"embeddable":true,"href":"https:\/\/www.europesays.com\/de\/wp-json\/wp\/v2\/comments?post=421359"}],"version-history":[{"count":0,"href":"https:\/\/www.europesays.com\/de\/wp-json\/wp\/v2\/posts\/421359\/revisions"}],"wp:featuredmedia":[{"embeddable":true,"href":"https:\/\/www.europesays.com\/de\/wp-json\/wp\/v2\/media\/421360"}],"wp:attachment":[{"href":"https:\/\/www.europesays.com\/de\/wp-json\/wp\/v2\/media?parent=421359"}],"wp:term":[{"taxonomy":"category","embeddable":true,"href":"https:\/\/www.europesays.com\/de\/wp-json\/wp\/v2\/categories?post=421359"},{"taxonomy":"post_tag","embeddable":true,"href":"https:\/\/www.europesays.com\/de\/wp-json\/wp\/v2\/tags?post=421359"}],"curies":[{"name":"wp","href":"https:\/\/api.w.org\/{rel}","templated":true}]}}