{"id":421461,"date":"2025-09-14T06:52:14","date_gmt":"2025-09-14T06:52:14","guid":{"rendered":"https:\/\/www.europesays.com\/de\/421461\/"},"modified":"2025-09-14T06:52:14","modified_gmt":"2025-09-14T06:52:14","slug":"fuenf-buecher-die-im-oktober-ihre-leseliste-bereichern","status":"publish","type":"post","link":"https:\/\/www.europesays.com\/de\/421461\/","title":{"rendered":"F\u00fcnf B\u00fccher, die im Oktober Ihre Leseliste bereichern"},"content":{"rendered":"<ol class=\"id-DonaldBreadcrumb lp_west_breadcrumb id-DonaldBreadcrumb--default\" data-k5a-pos=\"west_breadcrumb\">\n<li class=\"id-Breadcrumb-item\"><a href=\"https:\/\/www.24books.de\/\" class=\"id-Breadcrumb-link\" data-id-ec=\"{\" shn=\"\" textlink=\"\" data-k5a-pos=\"1_24booksDe\" target=\"_blank\" rel=\"noopener\">24books.de<\/a><\/li>\n<li class=\"id-Breadcrumb-item\"><a href=\"https:\/\/www.24books.de\/aktuelles\/\" class=\"id-Breadcrumb-link\" data-id-ec=\"{\" shn=\"\" textlink=\"\" data-k5a-pos=\"2_aktuelles\" target=\"_blank\" rel=\"noopener\">Aktuelles<\/a><\/li>\n<\/ol>\n<p class=\"id-Story-timestamp id-Story-timestamp--default\">Stand: 14.09.2025, 04:40 Uhr<\/p>\n<p class=\"id-Story-authors id-Story-authors--default\">Von: <a class=\"id-Story-authors-link lp_west_author\" href=\"https:\/\/www.24books.de\/autor\/sven-trautwein-swqk4bhb3.html\" title=\"Zur Autorenseite von Sven Trautwein\" data-id-ec=\"{\" shn=\"\" author-link=\"\" trautwein=\"\" data-k5a-pos=\"west_author\" target=\"_blank\" rel=\"noopener\">Sven Trautwein<\/a><\/p>\n<p class=\"id-Story-interactionBar id-Story-interactionBar--default\">DruckenTeilen<\/p>\n<p class=\"id-StoryElement-leadText\">Neue B\u00fccher im Oktober: Zur Zeit der Frankfurter Buchmesse erscheinen spannende Psychothriller und Romane. Diese f\u00fcnf Titel sind besonders lesenswert.<\/p>\n<p class=\"id-StoryElement-paragraph\"><strong>Hinweis an unsere Leserinnen und Leser:\u00a0<\/strong>Bei einem Kauf \u00fcber die enthaltenen Links erhalten wir von Partnern eine Provision. F\u00fcr Sie \u00e4ndert sich dadurch nichts.<\/p>\n<p class=\"id-StoryElement-paragraph\">Im Oktober ist Frankfurt wieder das Zentrum der B\u00fccherwelt. Mit einigen Neuerungen geht die <a href=\"https:\/\/www.24books.de\/aktuelles\/buecherfieber-in-frankfurt-das-erwartet-sie-auf-der-buchmesse-2025-93926519.html\" class=\"id-import-Link\" data-id-ec=\"{&quot;sht&quot;:&quot;Container&quot;,&quot;shn&quot;:&quot;Story&quot;,&quot;p&quot;:{&quot;containerType&quot;:&quot;Paragraph&quot;,&quot;displayType&quot;:&quot;Paragraph InlineLink&quot;,&quot;type&quot;:&quot;INLINE_LINK&quot;,&quot;value&quot;:&quot;Frankfurter Buchmesse 2025&quot;,&quot;variant&quot;:&quot;standardLink&quot;,&quot;sponsored&quot;:false,&quot;linkHref&quot;:&quot;https:\/\/www.24books.de\/aktuelles\/buecherfieber-in-frankfurt-das-erwartet-sie-auf-der-buchmesse-2025-93926519.html&quot;,&quot;storyElementPosition&quot;:10,&quot;storyElementCount&quot;:46}}\" target=\"_blank\" rel=\"noopener\">Frankfurter Buchmesse 2025<\/a> an den Start. Erfahrungsgem\u00e4\u00df bringen wieder Bestsellerautoren, darunter <a href=\"https:\/\/www.24books.de\/thriller\/bestseller-autor-sebastian-fitzek-meister-psycho-thriller-92163112.html\" class=\"id-import-Link\" data-id-ec=\"{&quot;sht&quot;:&quot;Container&quot;,&quot;shn&quot;:&quot;Story&quot;,&quot;p&quot;:{&quot;containerType&quot;:&quot;Paragraph&quot;,&quot;displayType&quot;:&quot;Paragraph InlineLink&quot;,&quot;type&quot;:&quot;INLINE_LINK&quot;,&quot;value&quot;:&quot;Sebastian Fitzek&quot;,&quot;variant&quot;:&quot;standardLink&quot;,&quot;sponsored&quot;:false,&quot;linkHref&quot;:&quot;https:\/\/www.24books.de\/thriller\/bestseller-autor-sebastian-fitzek-meister-psycho-thriller-92163112.html&quot;,&quot;storyElementPosition&quot;:10,&quot;storyElementCount&quot;:46}}\" target=\"_blank\" rel=\"noopener\">Sebastian Fitzek<\/a> oder <a href=\"https:\/\/www.24books.de\/krimi\/adler-olsen-exklusives-interview-zu-department-q-bestseller-bolther-holm-jussi-93768688.html\" class=\"id-import-Link\" data-id-ec=\"{&quot;sht&quot;:&quot;Container&quot;,&quot;shn&quot;:&quot;Story&quot;,&quot;p&quot;:{&quot;containerType&quot;:&quot;Paragraph&quot;,&quot;displayType&quot;:&quot;Paragraph InlineLink&quot;,&quot;type&quot;:&quot;INLINE_LINK&quot;,&quot;value&quot;:&quot;Jussi Adler-Olsen, hier im Interview mit 24books.de&quot;,&quot;variant&quot;:&quot;standardLink&quot;,&quot;sponsored&quot;:false,&quot;linkHref&quot;:&quot;https:\/\/www.24books.de\/krimi\/adler-olsen-exklusives-interview-zu-department-q-bestseller-bolther-holm-jussi-93768688.html&quot;,&quot;storyElementPosition&quot;:10,&quot;storyElementCount&quot;:46}}\" target=\"_blank\" rel=\"noopener\">Jussi Adler-Olsen, hier im Interview mit 24books.de<\/a>, ihre neuen Titel heraus. Aber auch weitere Neuerscheinungen sorgen f\u00fcr spannende Unterhaltung. Welche f\u00fcnf B\u00fccher im Oktober auf Ihre Leseliste geh\u00f6ren, lesen Sie hier.<\/p>\n<p><img decoding=\"async\" class=\"id-RatioPlaceholder-element wv_story_el_image\" src=\"https:\/\/www.europesays.com\/de\/wp-content\/uploads\/2025\/09\/39674408-buchtipps-herbst-oktober-neuerscheinungen-2QLkDKSakCfe.jpg\" loading=\"lazy\"   height=\"619\" width=\"1100\" alt=\"Aufgeschlagenes Buch vor einem Regal (Symbolbild)\"\/>Lesetipps zum Herbst: Im Oktober erscheinen packende B\u00fccher von Psychothrillern bis Romanen. Diese f\u00fcnf sind besonders empfehlenswert (Symbolbild). \u00a9\u00a0 via www.imago-images.deSebastian Fitzek \u201eDer Nachbar\u201c<\/p>\n<p class=\"id-StoryElement-paragraph\"><a href=\"https:\/\/www.24books.de\/thriller\/sebastian-fitzek-im-interview-homeoffice-ist-nichts-fuer-mich-zr-93370783.html\" class=\"id-import-Link\" data-id-ec=\"{&quot;sht&quot;:&quot;Container&quot;,&quot;shn&quot;:&quot;Story&quot;,&quot;p&quot;:{&quot;containerType&quot;:&quot;Paragraph&quot;,&quot;displayType&quot;:&quot;Paragraph InlineLink&quot;,&quot;type&quot;:&quot;INLINE_LINK&quot;,&quot;value&quot;:&quot;Sebastian Fitzek, hier im Interview mit 24books.de&quot;,&quot;variant&quot;:&quot;standardLink&quot;,&quot;sponsored&quot;:false,&quot;linkHref&quot;:&quot;https:\/\/www.24books.de\/thriller\/sebastian-fitzek-im-interview-homeoffice-ist-nichts-fuer-mich-zr-93370783.html&quot;,&quot;storyElementPosition&quot;:14,&quot;storyElementCount&quot;:46}}\" target=\"_blank\" rel=\"noopener\">Sebastian Fitzek, hier im Interview mit 24books.de<\/a>, gelingt mit Cliffhangern und raffinierten Wendungen Jahr f\u00fcr Jahr ein Bestseller und sorgt f\u00fcr schlaflose N\u00e4chte. So wird es auch mit \u201eDer Nachbar\u201c sein, der rund um die Frankfurter Buchmesse erscheint. Dass viel Ungemach in der n\u00e4chsten Umgebung auf jemanden wartet, d\u00fcrfte f\u00fcr G\u00e4nsehautmomente sorgen. Auch <a href=\"https:\/\/www.24books.de\/thriller\/vom-sicheren-heim-zum-albtraum-arno-strobels-psychothriller-welcome-home-93902685.html\" class=\"id-import-Link\" data-id-ec=\"{&quot;sht&quot;:&quot;Container&quot;,&quot;shn&quot;:&quot;Story&quot;,&quot;p&quot;:{&quot;containerType&quot;:&quot;Paragraph&quot;,&quot;displayType&quot;:&quot;Paragraph InlineLink&quot;,&quot;type&quot;:&quot;INLINE_LINK&quot;,&quot;value&quot;:&quot;Krimi-Kollege Arno Strobel&quot;,&quot;variant&quot;:&quot;standardLink&quot;,&quot;sponsored&quot;:false,&quot;linkHref&quot;:&quot;https:\/\/www.24books.de\/thriller\/vom-sicheren-heim-zum-albtraum-arno-strobels-psychothriller-welcome-home-93902685.html&quot;,&quot;storyElementPosition&quot;:14,&quot;storyElementCount&quot;:46}}\" target=\"_blank\" rel=\"noopener\">Krimi-Kollege Arno Strobel<\/a> sollten Sie sich nicht entgehen lassen.<\/p>\n<blockquote class=\"id-StoryElement-blockquote\">\n<p class=\"id-StoryElement-blockquote-text\">Die Strafverteidigerin Sarah Wolff leidet an Monophobie, der Angst vor Einsamkeit. Was sie nicht wei\u00df: Nachdem sie mit ihrer Tochter an den Stadtrand Berlins gezogen ist, hat sie einen unsichtbaren Nachbarn, der sie keine Sekunde lang allein lassen wird &#8230;<\/p>\n<\/blockquote>\n<p>Sebastian Fitzek \u201eDer Nachbar\u201c<\/p>\n<p class=\"id-StoryElement-factBox-paragraph\">\u25ba\u00a02025 Droemer, ISBN-13 9783426281758<\/p>\n<p class=\"id-StoryElement-factBox-paragraph\">\u25ba\u00a0Preis: vorbestellbar, gebunden 25 \u20ac, 368 Seiten<\/p>\n<p class=\"id-StoryElement-factBox-paragraph\"><a href=\"https:\/\/www.awin1.com\/cread.php?awinmid=14158&amp;awinaffid=491369&amp;clickref=93928507&amp;ued=https%3A%2F%2Fwww.thalia.de%2Fshop%2Fhome%2Fartikeldetails%2FA1074901001\" rel=\"sponsored nofollow noopener\" target=\"_blank\" class=\"id-import-Link id-pageApi-Link--externalDomain\" data-id-ec=\"{&quot;sht&quot;:&quot;Container&quot;,&quot;shn&quot;:&quot;Story&quot;,&quot;p&quot;:{&quot;containerType&quot;:&quot;FactBox&quot;,&quot;displayType&quot;:&quot;FactBox InlineLink&quot;,&quot;type&quot;:&quot;INLINE_LINK&quot;,&quot;value&quot;:&quot;Bei Thalia bestellen&quot;,&quot;variant&quot;:&quot;standardLink&quot;,&quot;sponsored&quot;:true,&quot;linkHref&quot;:&quot;https:\/\/www.awin1.com\/cread.php?awinmid=14158&amp;awinaffid=491369&amp;clickref=93928507&amp;ued=https%3A%2F%2Fwww.thalia.de%2Fshop%2Fhome%2Fartikeldetails%2FA1074901001&quot;,&quot;storyElementPosition&quot;:17,&quot;storyElementCount&quot;:46}}\"><strong>Bei Thalia bestellen<\/strong><\/a><\/p>\n<p>Rita Falk \u201eApfelstrudel-Alibi\u201c<\/p>\n<p class=\"id-StoryElement-paragraph\">Rita Falk ist zur\u00fcck: Eberhofer-<a href=\"https:\/\/www.24books.de\/krimi\/\" class=\"id-import-Link\" title=\"Krimis\" data-id-ec=\"{&quot;sht&quot;:&quot;Container&quot;,&quot;shn&quot;:&quot;Story&quot;,&quot;p&quot;:{&quot;containerType&quot;:&quot;Paragraph&quot;,&quot;displayType&quot;:&quot;Paragraph InlineLink&quot;,&quot;type&quot;:&quot;INLINE_LINK&quot;,&quot;value&quot;:&quot;Krimis&quot;,&quot;variant&quot;:&quot;standardLink&quot;,&quot;sponsored&quot;:false,&quot;linkHref&quot;:&quot;https:\/\/www.24books.de\/krimi\/&quot;,&quot;storyElementPosition&quot;:19,&quot;storyElementCount&quot;:46}}\" target=\"_blank\" rel=\"noopener\">Krimis<\/a> bestechen durch ihren einzigartigen bayerischen Charme. Die Geschichten sind in dem erfundenen Ort Niederkaltenkirchen angesiedelt und handeln von dem oft m\u00fcrrischen, aber dennoch sympathischen Dorfpolizisten Franz Eberhofer. Besonders hervorzuheben ist die gelungene Mischung aus Spannung und Humor, die die <a href=\"https:\/\/www.24books.de\/romane\/\" class=\"id-import-Link\" title=\"Romane\" data-id-ec=\"{&quot;sht&quot;:&quot;Container&quot;,&quot;shn&quot;:&quot;Story&quot;,&quot;p&quot;:{&quot;containerType&quot;:&quot;Paragraph&quot;,&quot;displayType&quot;:&quot;Paragraph InlineLink&quot;,&quot;type&quot;:&quot;INLINE_LINK&quot;,&quot;value&quot;:&quot;Romane&quot;,&quot;variant&quot;:&quot;standardLink&quot;,&quot;sponsored&quot;:false,&quot;linkHref&quot;:&quot;https:\/\/www.24books.de\/romane\/&quot;,&quot;storyElementPosition&quot;:19,&quot;storyElementCount&quot;:46}}\" target=\"_blank\" rel=\"noopener\">Romane<\/a> auszeichnet. Die authentische Darstellung bayerischer D\u00f6rfer tr\u00e4gt ebenfalls zum besonderen Flair bei. Diese Krimis, die oft als Cosy-Krimis bezeichnet werden, bieten einen Wohlf\u00fchlfaktor und sind bekannt f\u00fcr ihre skurrilen Charaktere, witzigen Dialoge und das ausgepr\u00e4gte Lokalkolorit. Nun erscheint der dreizehnte Band.<\/p>\n<blockquote class=\"id-StoryElement-blockquote\">\n<p class=\"id-StoryElement-blockquote-text\">Als ob der Eberhofer Franz nicht schon \u00c4rger genug h\u00e4tt: Nein, jetzt muss die Susi-Maus sich auch noch als frischgebackene B\u00fcrgermeisterin wichtigmachen. Dabei hat er ganz andere Sorgen, als seiner vielbesch\u00e4ftigten Frau alles hinterherzutragen. Noch dazu, wo er n\u00e4mlich einen Mordfall hat, einen waschechten. Zumindest glaubt das der Richter Moratschek, dessen geliebte Patentochter Letitia bestimmt nicht von ganz allein in S\u00fcdtirol vom Berg gest\u00fcrzt ist. \u201aKein Bier, kein Leberk\u00e4s und zweimal die Woche drei\u00dfig Kilometer weit laufen &#8230; Dass ich nicht lach! Eher kraxelt ein Pinguin auf die Zugspitz. Und jetzt bewegen Sie Ihren dienstlichen Arsch gef\u00e4lligst nach Landshut rein, verstanden? Sie haben einen neuen Fall, Eberhofer!\u2018<\/p>\n<\/blockquote>\n<p>Rita Falk \u201eApfelstrudel-Alibi\u201c<\/p>\n<p class=\"id-StoryElement-factBox-paragraph\">\u25ba\u00a02025 dtv, ISBN-13 978-3-423-26445-7<\/p>\n<p class=\"id-StoryElement-factBox-paragraph\">\u25ba\u00a0Preis: vorbestellbar, Taschenbuch 18 \u20ac, 336 Seiten<\/p>\n<p class=\"id-StoryElement-factBox-paragraph\"><a href=\"https:\/\/www.awin1.com\/cread.php?awinmid=14158&amp;awinaffid=491369&amp;clickref=93928507&amp;ued=https%3A%2F%2Fwww.thalia.de%2Fshop%2Fhome%2Fartikeldetails%2FA1076194340\" rel=\"sponsored nofollow noopener\" target=\"_blank\" class=\"id-import-Link id-pageApi-Link--externalDomain\" data-id-ec=\"{&quot;sht&quot;:&quot;Container&quot;,&quot;shn&quot;:&quot;Story&quot;,&quot;p&quot;:{&quot;containerType&quot;:&quot;FactBox&quot;,&quot;displayType&quot;:&quot;FactBox InlineLink&quot;,&quot;type&quot;:&quot;INLINE_LINK&quot;,&quot;value&quot;:&quot;Bei Thalia bestellen&quot;,&quot;variant&quot;:&quot;standardLink&quot;,&quot;sponsored&quot;:true,&quot;linkHref&quot;:&quot;https:\/\/www.awin1.com\/cread.php?awinmid=14158&amp;awinaffid=491369&amp;clickref=93928507&amp;ued=https%3A%2F%2Fwww.thalia.de%2Fshop%2Fhome%2Fartikeldetails%2FA1076194340&quot;,&quot;storyElementPosition&quot;:22,&quot;storyElementCount&quot;:46}}\"><strong>Bei Thalia bestellen<\/strong><\/a><\/p>\n<p>Jussi Adler-Olsen, Stine Bolther und Line Holm \u201eTote Seelen singen nicht\u201c<\/p>\n<p class=\"id-StoryElement-paragraph\">Der elfte Band um das \u201eSonderdezernat Q\u201c erscheint im Oktober, nachdem ein Reihenende mit <a href=\"https:\/\/www.24books.de\/krimi\/daenemark-carl-moerck-verraten-jussi-adler-olsen-zehnter-band-sonderdezernat-reihe-thriller-92816877.html\" class=\"id-import-Link\" data-id-ec=\"{&quot;sht&quot;:&quot;Container&quot;,&quot;shn&quot;:&quot;Story&quot;,&quot;p&quot;:{&quot;containerType&quot;:&quot;Paragraph&quot;,&quot;displayType&quot;:&quot;Paragraph InlineLink&quot;,&quot;type&quot;:&quot;INLINE_LINK&quot;,&quot;value&quot;:&quot;Band 10, &#x201E;Verraten&#x201C;&quot;,&quot;variant&quot;:&quot;standardLink&quot;,&quot;sponsored&quot;:false,&quot;linkHref&quot;:&quot;https:\/\/www.24books.de\/krimi\/daenemark-carl-moerck-verraten-jussi-adler-olsen-zehnter-band-sonderdezernat-reihe-thriller-92816877.html&quot;,&quot;storyElementPosition&quot;:24,&quot;storyElementCount&quot;:46}}\" target=\"_blank\" rel=\"noopener\">Band 10, \u201eVerraten\u201c<\/a>, angek\u00fcndigt war. Die Werke von <a href=\"https:\/\/www.24books.de\/thriller\/bekanntester-thriller-autor-jussi-adler-olsen-im-portraet-92397161.html\" class=\"id-import-Link\" data-id-ec=\"{&quot;sht&quot;:&quot;Container&quot;,&quot;shn&quot;:&quot;Story&quot;,&quot;p&quot;:{&quot;containerType&quot;:&quot;Paragraph&quot;,&quot;displayType&quot;:&quot;Paragraph InlineLink&quot;,&quot;type&quot;:&quot;INLINE_LINK&quot;,&quot;value&quot;:&quot;Jussi Adler-Olsen&quot;,&quot;variant&quot;:&quot;standardLink&quot;,&quot;sponsored&quot;:false,&quot;linkHref&quot;:&quot;https:\/\/www.24books.de\/thriller\/bekanntester-thriller-autor-jussi-adler-olsen-im-portraet-92397161.html&quot;,&quot;storyElementPosition&quot;:24,&quot;storyElementCount&quot;:46}}\" target=\"_blank\" rel=\"noopener\">Jussi Adler-Olsen<\/a> sind bekannt f\u00fcr ihre gr\u00fcndliche Recherche, den skandinavischen Stil und die psychologische Tiefe. Seine Krimireihe um das Sonderdezernat Q kombiniert d\u00fcstere Themen mit gesellschaftlicher Kritik und starken Ermittlerfiguren.<\/p>\n<p>10 Krimis f\u00fcr den Herbst<img decoding=\"async\" class=\"id-RatioPlaceholder-element wv_story_el_image\" src=\"https:\/\/www.europesays.com\/de\/wp-content\/uploads\/2025\/09\/39675866-krimitipps-herbst-aktuelle-tipps-pdf-download-2rCmPlwdwmfe.jpg\" loading=\"lazy\"   height=\"619\" width=\"1100\" alt=\"10 Krimitipps f&#xFC;r den Herbst: Entdecken Sie in unserem PDF aktuelle Tipps f&#xFC;r spannende Momente. Jetzt herunterladen (Montage).\"\/>10 Krimitipps f\u00fcr den Herbst: Entdecken Sie in unserem PDF aktuelle Tipps f\u00fcr spannende Momente. Jetzt herunterladen (Montage). \u00a9\u00a0Pond5 Images\/Imago (Montage)<\/p>\n<p class=\"id-StoryElement-factBox-paragraph\">Hier finden Sie unsere Krimi-Tipps f\u00fcr den Herbst. <a href=\"https:\/\/www.24books.de\/sub\/elibrary\/product\/8a28c8c89935dd250199382a21f7534e\" target=\"_blank\" class=\"id-import-Link\" data-id-ec=\"{&quot;sht&quot;:&quot;Container&quot;,&quot;shn&quot;:&quot;Story&quot;,&quot;p&quot;:{&quot;containerType&quot;:&quot;FactBox&quot;,&quot;displayType&quot;:&quot;FactBox InlineLink&quot;,&quot;type&quot;:&quot;INLINE_LINK&quot;,&quot;value&quot;:&quot;Laden Sie sich HIER unser kostenloses PDF herunter.&quot;,&quot;variant&quot;:&quot;standardLink&quot;,&quot;sponsored&quot;:false,&quot;linkHref&quot;:&quot;https:\/\/www.24books.de\/sub\/elibrary\/product\/8a28c8c89935dd250199382a21f7534e&quot;,&quot;storyElementPosition&quot;:26,&quot;storyElementCount&quot;:46}}\" rel=\"noopener\">Laden Sie sich HIER unser kostenloses PDF herunter.<\/a><\/p>\n<p class=\"id-StoryElement-paragraph\">Die Romane sind im <a href=\"https:\/\/www.24books.de\/krimi\/nordic-noir-duestere-krimis-und-thriller-aus-skandinavien-buchtipp-olsen-larsson-92185003.html\" class=\"id-import-Link\" data-id-ec=\"{&quot;sht&quot;:&quot;Container&quot;,&quot;shn&quot;:&quot;Story&quot;,&quot;p&quot;:{&quot;containerType&quot;:&quot;Paragraph&quot;,&quot;displayType&quot;:&quot;Paragraph InlineLink&quot;,&quot;type&quot;:&quot;INLINE_LINK&quot;,&quot;value&quot;:&quot;Nordic Noir-Stil&quot;,&quot;variant&quot;:&quot;standardLink&quot;,&quot;sponsored&quot;:false,&quot;linkHref&quot;:&quot;https:\/\/www.24books.de\/krimi\/nordic-noir-duestere-krimis-und-thriller-aus-skandinavien-buchtipp-olsen-larsson-92185003.html&quot;,&quot;storyElementPosition&quot;:27,&quot;storyElementCount&quot;:46}}\" target=\"_blank\" rel=\"noopener\">Nordic Noir-Stil<\/a> gehalten und zeichnen sich durch Tiefgang, Atmosph\u00e4re und einen Hauch von schwarzem Humor aus. Adler-Olsen versteht es, vielschichtige Ermittlungen zu gestalten und Spannung aufzubauen, w\u00e4hrend er geschickt die Perspektiven wechselt. Seine Krimis werden als die d\u00fcsterste Krimireihe Skandinaviens angesehen. Alle <a href=\"https:\/\/www.24books.de\/thriller\/jussi-adler-olsen-alle-thriller-in-der-richtigen-reihenfolge-lesetipp-buchtipp-zr-93570149.html\" class=\"id-import-Link\" data-id-ec=\"{&quot;sht&quot;:&quot;Container&quot;,&quot;shn&quot;:&quot;Story&quot;,&quot;p&quot;:{&quot;containerType&quot;:&quot;Paragraph&quot;,&quot;displayType&quot;:&quot;Paragraph InlineLink&quot;,&quot;type&quot;:&quot;INLINE_LINK&quot;,&quot;value&quot;:&quot;B&#xE4;nde in der richtigen Reihenfolge&quot;,&quot;variant&quot;:&quot;standardLink&quot;,&quot;sponsored&quot;:false,&quot;linkHref&quot;:&quot;https:\/\/www.24books.de\/thriller\/jussi-adler-olsen-alle-thriller-in-der-richtigen-reihenfolge-lesetipp-buchtipp-zr-93570149.html&quot;,&quot;storyElementPosition&quot;:27,&quot;storyElementCount&quot;:46}}\" target=\"_blank\" rel=\"noopener\">B\u00e4nde in der richtigen Reihenfolge<\/a> hier.<\/p>\n<blockquote class=\"id-StoryElement-blockquote\">\n<p class=\"id-StoryElement-blockquote-text\">Carl M\u00f8rck ist raus! Nachdem er ein Jahr lang unschuldig im Gef\u00e4ngnis verbracht hatte, quittiert er den Dienst im Sonderdezernat Q. Als Nachfolgerin taucht die toughe, geheimnisvolle Franz\u00f6sin Helena Henry aus Lyon im Keller der Kopenhagener Polizei auf und legt die F\u00fc\u00dfe auf Carls Tisch. Rose hasst die neue Kollegin vom ersten Augenblick an, Assad ist einigerma\u00dfen verwirrt von dieser faszinierenden Frau. Dass Helena ein dunkles Geheimnis mit sich herumtr\u00e4gt, macht es nicht leichter, ihr als neuer Kollegin zu trauen. Doch eine grausame Mordserie l\u00e4sst keinen Raum f\u00fcr solche \u00dcberlegungen. <\/p>\n<\/blockquote>\n<p>Jussi Adler-Olsen, Stine Bolther und Line Holm \u201eTote Seelen singen nicht\u201c<\/p>\n<p class=\"id-StoryElement-factBox-paragraph\">\u25ba\u00a0\u00dcbersetzt von Friederike Buchinger<\/p>\n<p class=\"id-StoryElement-factBox-paragraph\">\u25ba\u00a02025 Penguin, ISBN-13 9783328603450<\/p>\n<p class=\"id-StoryElement-factBox-paragraph\">\u25ba\u00a0Preis: vorbestellbar, Hardcover 28 \u20ac, 560 Seiten<\/p>\n<p class=\"id-StoryElement-factBox-paragraph\"><a href=\"https:\/\/www.awin1.com\/cread.php?awinmid=14158&amp;awinaffid=491369&amp;clickref=93928507&amp;ued=https%3A%2F%2Fwww.thalia.de%2Fshop%2Fhome%2Fartikeldetails%2FA1074342796\" rel=\"sponsored nofollow noopener\" target=\"_blank\" class=\"id-import-Link id-pageApi-Link--externalDomain\" data-id-ec=\"{&quot;sht&quot;:&quot;Container&quot;,&quot;shn&quot;:&quot;Story&quot;,&quot;p&quot;:{&quot;containerType&quot;:&quot;FactBox&quot;,&quot;displayType&quot;:&quot;FactBox InlineLink&quot;,&quot;type&quot;:&quot;INLINE_LINK&quot;,&quot;value&quot;:&quot;Bei Thalia bestellen&quot;,&quot;variant&quot;:&quot;standardLink&quot;,&quot;sponsored&quot;:true,&quot;linkHref&quot;:&quot;https:\/\/www.awin1.com\/cread.php?awinmid=14158&amp;awinaffid=491369&amp;clickref=93928507&amp;ued=https%3A%2F%2Fwww.thalia.de%2Fshop%2Fhome%2Fartikeldetails%2FA1074342796&quot;,&quot;storyElementPosition&quot;:30,&quot;storyElementCount&quot;:46}}\"><strong>Bei Thalia bestellen<\/strong><\/a><\/p>\n<p>Viveca Sten \u201eL\u00fcgennebel\u201c<\/p>\n<p class=\"id-StoryElement-paragraph\">Die Krimireihe von Viveca Sten um die Ermittlerin Hanna Ahlander fasziniert durch ihr einzigartiges Setting am Polarkreis in \u00c5re. Die endlosen W\u00e4lder und die klirrende K\u00e4lte Nordschwedens schaffen eine unverwechselbare Atmosph\u00e4re. Hanna, die Hauptfigur, arbeitet als sympathische Ermittlerin aus Stockholm, die von pers\u00f6nlichen Krisen gezeichnet ist und nach beruflichen R\u00fcckschl\u00e4gen einen Neuanfang wagt.<\/p>\n<p class=\"id-StoryElement-paragraph\">\u00dcbrigens: Bleiben Sie auf dem Laufenden zu Buchtipps und Neuigkeiten aus der Buchwelt mit unserem Newsletter.\u00a0<a href=\"https:\/\/www.24books.de\/sso\/register\/?redirect_uri=https%3A%2F%2Faccounts.user.id%2Faccount%2Fnewsletter%2Fsubscribe%2FSKU-00000349&amp;source=mt_newsletter-textlink_web\" class=\"id-import-Link\" data-id-ec=\"{&quot;sht&quot;:&quot;Container&quot;,&quot;shn&quot;:&quot;Story&quot;,&quot;p&quot;:{&quot;containerType&quot;:&quot;Paragraph&quot;,&quot;displayType&quot;:&quot;Paragraph InlineLink&quot;,&quot;type&quot;:&quot;INLINE_LINK&quot;,&quot;value&quot;:&quot;Jetzt nach einer kurzen Registrierung bei unserem Medien-Login&#xA0;USER.ID&#xA0;anmelden.&quot;,&quot;variant&quot;:&quot;standardLink&quot;,&quot;sponsored&quot;:false,&quot;linkHref&quot;:&quot;https:\/\/www.24books.de\/sso\/register\/?redirect_uri=https%3A%2F%2Faccounts.user.id%2Faccount%2Fnewsletter%2Fsubscribe%2FSKU-00000349&amp;source=mt_newsletter-textlink_web&quot;,&quot;storyElementPosition&quot;:34,&quot;storyElementCount&quot;:46}}\" target=\"_blank\" rel=\"noopener\">Jetzt nach einer kurzen Registrierung bei unserem Medien-Login\u00a0USER.ID\u00a0anmelden.<\/a><\/p>\n<p class=\"id-StoryElement-paragraph\">Viveca Sten \u00fcberzeugt mit einem lebendigen und lockeren Schreibstil, der geschickt falsche F\u00e4hrten mit unerwarteten Wendungen kombiniert. Die Autorin schreibt mit einer angenehmen Leichtigkeit, die es schwer macht, die B\u00fccher aus der Hand zu legen. Ihre Krimis wirken weniger d\u00fcster als typische skandinavische Thriller, bieten jedoch eine hohe Spannung und emotionale Tiefe. Authentische Charaktere und detaillierte Beschreibungen der Schaupl\u00e4tze tragen zur Faszination bei. Nun liegt der vierte Band der Hanna-Ahlander-Reihe vor.<\/p>\n<blockquote class=\"id-StoryElement-blockquote\">\n<p class=\"id-StoryElement-blockquote-text\">Eine klirrend kalte Januarwoche im schwedischen Bergdorf \u00c5re: Sechs Studenten verbringen die Skiferien in einem abgelegenen Ferienhaus. Sie feiern ausgelassen, spielen \u201eWahrheit oder Pflicht\u201c und lassen sich auf immer riskantere Abfahrtsman\u00f6ver ein. Eines Morgens liegt eine junge Frau aus der Gruppe tot im eisigen Schnee. War es ein Unfall oder kaltbl\u00fctiger Mord? Mit jeder ungekl\u00e4rten Frage steigt die Spannung unter den Freunden. Alle spielen sich gegeneinander aus, niemand kann glaubhaft darlegen, was in jener verh\u00e4ngnisvollen Nacht geschah.<\/p>\n<\/blockquote>\n<p>Viveca Sten \u201eL\u00fcgennebel\u201c<\/p>\n<p class=\"id-StoryElement-factBox-paragraph\">\u25ba\u00a0\u00dcbersetzt von Dagmar Lendt<\/p>\n<p class=\"id-StoryElement-factBox-paragraph\">\u25ba\u00a02025 dtv, ISBN-13 978-3-423-28495-0<\/p>\n<p class=\"id-StoryElement-factBox-paragraph\">\u25ba\u00a0Preis: vorbestellbar, Hardcover 22 \u20ac, 528 Seiten<\/p>\n<p class=\"id-StoryElement-factBox-paragraph\"><a href=\"https:\/\/www.awin1.com\/cread.php?awinmid=14158&amp;awinaffid=491369&amp;clickref=93928507&amp;ued=https%3A%2F%2Fwww.thalia.de%2Fshop%2Fhome%2Fartikeldetails%2FA1074843874\" rel=\"sponsored nofollow noopener\" target=\"_blank\" class=\"id-import-Link id-pageApi-Link--externalDomain\" data-id-ec=\"{&quot;sht&quot;:&quot;Container&quot;,&quot;shn&quot;:&quot;Story&quot;,&quot;p&quot;:{&quot;containerType&quot;:&quot;FactBox&quot;,&quot;displayType&quot;:&quot;FactBox InlineLink&quot;,&quot;type&quot;:&quot;INLINE_LINK&quot;,&quot;value&quot;:&quot;Bei Thalia bestellen&quot;,&quot;variant&quot;:&quot;standardLink&quot;,&quot;sponsored&quot;:true,&quot;linkHref&quot;:&quot;https:\/\/www.awin1.com\/cread.php?awinmid=14158&amp;awinaffid=491369&amp;clickref=93928507&amp;ued=https%3A%2F%2Fwww.thalia.de%2Fshop%2Fhome%2Fartikeldetails%2FA1074843874&quot;,&quot;storyElementPosition&quot;:38,&quot;storyElementCount&quot;:46}}\"><strong>Bei Thalia bestellen<\/strong><\/a><\/p>\n<p>Stephan Sch\u00e4fer \u201eJetzt gerade ist alles gut\u201c<\/p>\n<p class=\"id-StoryElement-paragraph\">Ein kleiner Schnitt am Finger bringt den Erz\u00e4hler nur wenige Stunden sp\u00e4ter an einen Infusionsschlauch. Er \u00fcbersteht die Sepsis, doch die lebensbedrohliche Lage wirft eine neue Frage auf: Warum verschieben wir unser Leben st\u00e4ndig, obwohl sich alles in einem Augenblick \u00e4ndern kann? Nach seiner Entlassung aus dem Krankenhaus beginnt er, wertvolle Momente zu sammeln. In den Bereichen Liebe, Familie, Freundschaft und Natur sucht er nach dem, was wirklich z\u00e4hlt. Dabei erkennt er, dass die bewegendsten Geschichten oft in unerwarteten Momenten stecken, selbst in scheinbar unbedeutenden Details. Eine Aufforderung, das Leben wieder bewusster zu erleben.<\/p>\n<p class=\"id-StoryElement-paragraph\">Stephan Sch\u00e4fer beschreibt in seinem <a href=\"https:\/\/www.24books.de\/buch\/\" class=\"id-import-Link\" title=\"Buch\" data-id-ec=\"{&quot;sht&quot;:&quot;Container&quot;,&quot;shn&quot;:&quot;Story&quot;,&quot;p&quot;:{&quot;containerType&quot;:&quot;Paragraph&quot;,&quot;displayType&quot;:&quot;Paragraph InlineLink&quot;,&quot;type&quot;:&quot;INLINE_LINK&quot;,&quot;value&quot;:&quot;Buch&quot;,&quot;variant&quot;:&quot;standardLink&quot;,&quot;sponsored&quot;:false,&quot;linkHref&quot;:&quot;https:\/\/www.24books.de\/buch\/&quot;,&quot;storyElementPosition&quot;:42,&quot;storyElementCount&quot;:46}}\" target=\"_blank\" rel=\"noopener\">Buch<\/a>, dass der Augenblick alles ver\u00e4ndern kann und welche Momente wirklich z\u00e4hlen. Es ist ein Buch, das Trost und Ermutigung bietet und das Wesen des Lebens beleuchtet. Mit \u201e25 letzte Sommer\u201c gelang ihm ein <a href=\"https:\/\/www.24books.de\/film\/bestseller-25-letzte-sommer-von-stephan-schaefer-kommt-ins-kino-93515890.html\" class=\"id-import-Link\" data-id-ec=\"{&quot;sht&quot;:&quot;Container&quot;,&quot;shn&quot;:&quot;Story&quot;,&quot;p&quot;:{&quot;containerType&quot;:&quot;Paragraph&quot;,&quot;displayType&quot;:&quot;Paragraph InlineLink&quot;,&quot;type&quot;:&quot;INLINE_LINK&quot;,&quot;value&quot;:&quot;Bestsellererfolg, der auch verfilmt wurde&quot;,&quot;variant&quot;:&quot;standardLink&quot;,&quot;sponsored&quot;:false,&quot;linkHref&quot;:&quot;https:\/\/www.24books.de\/film\/bestseller-25-letzte-sommer-von-stephan-schaefer-kommt-ins-kino-93515890.html&quot;,&quot;storyElementPosition&quot;:42,&quot;storyElementCount&quot;:46}}\" target=\"_blank\" rel=\"noopener\">Bestsellererfolg, der auch verfilmt wurde<\/a>.<\/p>\n<blockquote class=\"id-StoryElement-blockquote\">\n<p class=\"id-StoryElement-blockquote-text\">Ein kleiner Schnitt am Finger, schon wenige Stunden sp\u00e4ter h\u00e4ngt das Leben des Erz\u00e4hlers an einem durchsichtigen Schlauch. Er besiegt die Sepsis, aber die existenzielle Bedrohung bringt eine neue Frage in sein Leben: Wenn sich von einer Sekunde auf die andere alles ver\u00e4ndern kann \u2013 wieso nehmen wir so selbstverst\u00e4ndlich hin, dass wir unser Leben st\u00e4ndig auf sp\u00e4ter vertagen? <\/p>\n<\/blockquote>\n<p>Stephan Sch\u00e4fer \u201eJetzt gerade ist alles gut\u201c<\/p>\n<p class=\"id-StoryElement-factBox-paragraph\">\u25ba\u00a02025 Park X Ullstein, ISBN-13 978-3-988-16018-8<\/p>\n<p class=\"id-StoryElement-factBox-paragraph\">\u25ba\u00a0Preis: vorbestellbar, Hardcover 22\u20ac, 176 Seiten<\/p>\n<p class=\"id-StoryElement-factBox-paragraph\"><a href=\"https:\/\/www.awin1.com\/cread.php?awinmid=14158&amp;awinaffid=491369&amp;clickref=93928507&amp;ued=https%3A%2F%2Fwww.thalia.de%2Fshop%2Fhome%2Fartikeldetails%2FA1074910736\" rel=\"sponsored nofollow noopener\" target=\"_blank\" class=\"id-import-Link id-pageApi-Link--externalDomain\" data-id-ec=\"{&quot;sht&quot;:&quot;Container&quot;,&quot;shn&quot;:&quot;Story&quot;,&quot;p&quot;:{&quot;containerType&quot;:&quot;FactBox&quot;,&quot;displayType&quot;:&quot;FactBox InlineLink&quot;,&quot;type&quot;:&quot;INLINE_LINK&quot;,&quot;value&quot;:&quot;Bei Thalia bestellen&quot;,&quot;variant&quot;:&quot;standardLink&quot;,&quot;sponsored&quot;:true,&quot;linkHref&quot;:&quot;https:\/\/www.awin1.com\/cread.php?awinmid=14158&amp;awinaffid=491369&amp;clickref=93928507&amp;ued=https%3A%2F%2Fwww.thalia.de%2Fshop%2Fhome%2Fartikeldetails%2FA1074910736&quot;,&quot;storyElementPosition&quot;:44,&quot;storyElementCount&quot;:46}}\"><strong>Bei Thalia bestellen<\/strong><\/a><\/p>\n<p class=\"id-StoryElement-paragraph\">Wie Bestsellerautoren, darunter Arne Dahl, Nele Neuhaus oder <a href=\"https:\/\/www.24books.de\/romane\/alexa-hennig-von-lange-diskutiert-ueber-das-romanschreiben-und-seine-beziehung-zum-glueck-zr-93269795.html\" class=\"id-import-Link\" data-id-ec=\"{&quot;sht&quot;:&quot;Container&quot;,&quot;shn&quot;:&quot;Story&quot;,&quot;p&quot;:{&quot;containerType&quot;:&quot;Paragraph&quot;,&quot;displayType&quot;:&quot;Paragraph InlineLink&quot;,&quot;type&quot;:&quot;INLINE_LINK&quot;,&quot;value&quot;:&quot;Alexa Henning von Lange&quot;,&quot;variant&quot;:&quot;standardLink&quot;,&quot;sponsored&quot;:false,&quot;linkHref&quot;:&quot;https:\/\/www.24books.de\/romane\/alexa-hennig-von-lange-diskutiert-ueber-das-romanschreiben-und-seine-beziehung-zum-glueck-zr-93269795.html&quot;,&quot;storyElementPosition&quot;:46,&quot;storyElementCount&quot;:46}}\" target=\"_blank\" rel=\"noopener\">Alexa Henning von Lange<\/a> ihre Geschichte zu Papier bringen, <a href=\"https:\/\/www.24books.de\/aktuelles\/von-arne-dahl-bis-sebastian-fitzek-einblicke-in-die-welt-der-bestsellerautoren-zr-93476144.html\" class=\"id-import-Link\" data-id-ec=\"{&quot;sht&quot;:&quot;Container&quot;,&quot;shn&quot;:&quot;Story&quot;,&quot;p&quot;:{&quot;containerType&quot;:&quot;Paragraph&quot;,&quot;displayType&quot;:&quot;Paragraph InlineLink&quot;,&quot;type&quot;:&quot;INLINE_LINK&quot;,&quot;value&quot;:&quot;lesen Sie in den Interviews&quot;,&quot;variant&quot;:&quot;standardLink&quot;,&quot;sponsored&quot;:false,&quot;linkHref&quot;:&quot;https:\/\/www.24books.de\/aktuelles\/von-arne-dahl-bis-sebastian-fitzek-einblicke-in-die-welt-der-bestsellerautoren-zr-93476144.html&quot;,&quot;storyElementPosition&quot;:46,&quot;storyElementCount&quot;:46}}\" target=\"_blank\" rel=\"noopener\">lesen Sie in den Interviews<\/a>. Auch diese <a href=\"https:\/\/www.24books.de\/krimi\/krimi-buchtipps-fuer-den-herbst-von-jussi-adler-olsen-bis-richard-osman-die-besten-93866770.html\" class=\"id-import-Link\" data-id-ec=\"{&quot;sht&quot;:&quot;Container&quot;,&quot;shn&quot;:&quot;Story&quot;,&quot;p&quot;:{&quot;containerType&quot;:&quot;Paragraph&quot;,&quot;displayType&quot;:&quot;Paragraph InlineLink&quot;,&quot;type&quot;:&quot;INLINE_LINK&quot;,&quot;value&quot;:&quot;Krimis sollten Sie im Herbst lesen&quot;,&quot;variant&quot;:&quot;standardLink&quot;,&quot;sponsored&quot;:false,&quot;linkHref&quot;:&quot;https:\/\/www.24books.de\/krimi\/krimi-buchtipps-fuer-den-herbst-von-jussi-adler-olsen-bis-richard-osman-die-besten-93866770.html&quot;,&quot;storyElementPosition&quot;:46,&quot;storyElementCount&quot;:46}}\" target=\"_blank\" rel=\"noopener\">Krimis sollten Sie im Herbst lesen<\/a>.<\/p>\n","protected":false},"excerpt":{"rendered":"24books.de Aktuelles Stand: 14.09.2025, 04:40 Uhr Von: Sven Trautwein DruckenTeilen Neue B\u00fccher im Oktober: Zur Zeit der Frankfurter&hellip;\n","protected":false},"author":2,"featured_media":421462,"comment_status":"","ping_status":"","sticky":false,"template":"","format":"standard","meta":{"footnotes":""},"categories":[1774],"tags":[1784,1785,29,214,30,215],"class_list":{"0":"post-421461","1":"post","2":"type-post","3":"status-publish","4":"format-standard","5":"has-post-thumbnail","7":"category-buecher","8":"tag-books","9":"tag-buecher","10":"tag-deutschland","11":"tag-entertainment","12":"tag-germany","13":"tag-unterhaltung"},"share_on_mastodon":{"url":"https:\/\/pubeurope.com\/@de\/115201333597592997","error":""},"_links":{"self":[{"href":"https:\/\/www.europesays.com\/de\/wp-json\/wp\/v2\/posts\/421461","targetHints":{"allow":["GET"]}}],"collection":[{"href":"https:\/\/www.europesays.com\/de\/wp-json\/wp\/v2\/posts"}],"about":[{"href":"https:\/\/www.europesays.com\/de\/wp-json\/wp\/v2\/types\/post"}],"author":[{"embeddable":true,"href":"https:\/\/www.europesays.com\/de\/wp-json\/wp\/v2\/users\/2"}],"replies":[{"embeddable":true,"href":"https:\/\/www.europesays.com\/de\/wp-json\/wp\/v2\/comments?post=421461"}],"version-history":[{"count":0,"href":"https:\/\/www.europesays.com\/de\/wp-json\/wp\/v2\/posts\/421461\/revisions"}],"wp:featuredmedia":[{"embeddable":true,"href":"https:\/\/www.europesays.com\/de\/wp-json\/wp\/v2\/media\/421462"}],"wp:attachment":[{"href":"https:\/\/www.europesays.com\/de\/wp-json\/wp\/v2\/media?parent=421461"}],"wp:term":[{"taxonomy":"category","embeddable":true,"href":"https:\/\/www.europesays.com\/de\/wp-json\/wp\/v2\/categories?post=421461"},{"taxonomy":"post_tag","embeddable":true,"href":"https:\/\/www.europesays.com\/de\/wp-json\/wp\/v2\/tags?post=421461"}],"curies":[{"name":"wp","href":"https:\/\/api.w.org\/{rel}","templated":true}]}}