{"id":421530,"date":"2025-09-14T07:32:16","date_gmt":"2025-09-14T07:32:16","guid":{"rendered":"https:\/\/www.europesays.com\/de\/421530\/"},"modified":"2025-09-14T07:32:16","modified_gmt":"2025-09-14T07:32:16","slug":"nach-ice-kontrolle-chicago-fordert-aufklaerung-von-tod-eines-migranten","status":"publish","type":"post","link":"https:\/\/www.europesays.com\/de\/421530\/","title":{"rendered":"Nach ICE-Kontrolle: Chicago fordert Aufkl\u00e4rung von Tod eines Migranten"},"content":{"rendered":"<p class=\"metatextline\">Stand: 14.09.2025 07:59 Uhr<\/p>\n<p class=\"textabsatz columns twelve  m-ten  m-offset-one l-eight l-offset-two\">\n        <strong>Bei einer Kontrolle der Einwanderungsbeh\u00f6rde ICE in Chicago wird ein Mann erschossen. Nun fordert die Stadtverwaltung Aufkl\u00e4rung. Die Stimmung in der Stadt bleibt aufgeheizt. <\/strong>\n    <\/p>\n<p class=\"textabsatz m-ten m-offset-one l-eight l-offset-two columns twelve\">Nach dem Tod eines Migranten bei einer Kontrolle durch die Einwanderungsbeh\u00f6rde ICE in der US-Metropole Chicago fordert die Stadtspitze eine Aufkl\u00e4rung des Vorfalls. Der demokratische B\u00fcrgermeister Brandon Johnson schrieb auf der Plattform X von einem &#8222;Chaos&#8220;, das sich in der Stadt zugetragen habe, und von einer &#8222;vermeidbaren Trag\u00f6die&#8220;.<\/p>\n<p class=\"textabsatz m-ten m-offset-one l-eight l-offset-two columns twelve\">&#8222;Wir stehen solidarisch hinter unserer Einwanderergemeinschaft &#8211; insbesondere unserer mexikanischen Gemeinschaft in Chicago &#8211; und fordern eine vollst\u00e4ndige Aufkl\u00e4rung und eine transparente Untersuchung der Umst\u00e4nde&#8220;, die zum Tod gef\u00fchrt h\u00e4tten, so Johnson.<\/p>\n<p>    Trump droht mit Entsendung der Nationalgarde<\/p>\n<p class=\"textabsatz m-ten m-offset-one l-eight l-offset-two columns twelve\">Der 38-j\u00e4hrige Mexikaner war am Freitag in Chicago im US-Staat Illinois erschossen worden. Das US-Heimatschutzministerium, das US-Pr\u00e4sident Donald Trumps versch\u00e4rfte Migrationspolitik umsetzt, stellte den Hergang so dar: Der illegale Einwanderer habe sich gegen seine Festnahme bei einer Verkehrskontrolle im Raum Chicago gewehrt und dabei mit seinem Wagen einen ICE-Beamten mitgeschleift. Der Beamte, der selbst verletzt wurde, habe &#8222;aus Angst um sein eigenes Leben&#8220; geschossen.<\/p>\n<p class=\"textabsatz m-ten m-offset-one l-eight l-offset-two columns twelve\">Nach den Vorfall protestierten Menschen in der Stadt erneut gegen das Vorgehen der Einwanderungsbeh\u00f6rde. Dabei ist die Stimmung in Chicago ohnehin angespannt. Trump hatte mit dem Gedanken gespielt, <a href=\"https:\/\/www.tagesschau.de\/ausland\/amerika\/usa-chicago-nationalgarde-100.html\" title=\"Washington Post: Einsatz der Nationalgarde in Chicago schon im September\" target=\"_blank\" rel=\"noopener\">die Nationalgarde in die Millionenstadt zu schicken<\/a>, um angeblich ausufernde Kriminalit\u00e4t einzud\u00e4mmen &#8211; so wie er es in Washington bereits angeordnet hatte.<\/p>\n<p class=\"textabsatz m-ten m-offset-one l-eight l-offset-two columns twelve\">Die Stadt und der demokratisch regierte Bundesstaat Illinois wehrten sich aber massiv gegen den US-Pr\u00e4sidenten und Milit\u00e4r auf den Stra\u00dfen. Trump k\u00fcndigte am Freitag dann einen Einsatz der Nationalgarde in einer anderen Stadt an: Memphis in Tennessee.<\/p>\n<p class=\"textabsatz m-ten m-offset-one l-eight l-offset-two columns twelve\">Zugleich hatte es in den vergangenen Tagen aber verst\u00e4rkte Kontrollen durch ICE in vielen St\u00e4dten gegeben, darunter Chicago. Gegen das Vorgehen wird immer wieder auf den Stra\u00dfen protestiert.<\/p>\n<p>    Kriminalit\u00e4tszahlen r\u00fcckl\u00e4ufig<\/p>\n<p class=\"textabsatz m-ten m-offset-one l-eight l-offset-two columns twelve\">Statistiken der Stadt zeigen R\u00fcckg\u00e4nge bei der Kriminalit\u00e4t. Chicago sieht die Gewalt selbst als Problem an und hat in den vergangenen Jahren Aktionspl\u00e4ne aufgestellt. Der B\u00fcrgermeister z\u00e4hlte j\u00fcngst auf, dass seit Jahresbeginn im Vergleich zum Vorjahreszeitraum Morde um gut 30 Prozent zur\u00fcckgegangen seien. \u00c4hnlich sei es bei Raub\u00fcberf\u00e4llen. Vorf\u00e4lle, bei denen Sch\u00fcsse fielen, seien sogar um gut 37 Prozent gesunken.<\/p>\n","protected":false},"excerpt":{"rendered":"Stand: 14.09.2025 07:59 Uhr Bei einer Kontrolle der Einwanderungsbeh\u00f6rde ICE in Chicago wird ein Mann erschossen. Nun fordert&hellip;\n","protected":false},"author":2,"featured_media":421531,"comment_status":"","ping_status":"","sticky":false,"template":"","format":"standard","meta":{"footnotes":""},"categories":[5],"tags":[331,332,4540,3364,29,30,13,110639,14,15,12,64],"class_list":{"0":"post-421530","1":"post","2":"type-post","3":"status-publish","4":"format-standard","5":"has-post-thumbnail","7":"category-nachrichten","8":"tag-aktuelle-nachrichten","9":"tag-aktuelle-news","10":"tag-chicago","11":"tag-de","12":"tag-deutschland","13":"tag-germany","14":"tag-headlines","15":"tag-ice-kontrolle","16":"tag-nachrichten","17":"tag-news","18":"tag-schlagzeilen","19":"tag-usa"},"share_on_mastodon":{"url":"https:\/\/pubeurope.com\/@de\/115201490669635910","error":""},"_links":{"self":[{"href":"https:\/\/www.europesays.com\/de\/wp-json\/wp\/v2\/posts\/421530","targetHints":{"allow":["GET"]}}],"collection":[{"href":"https:\/\/www.europesays.com\/de\/wp-json\/wp\/v2\/posts"}],"about":[{"href":"https:\/\/www.europesays.com\/de\/wp-json\/wp\/v2\/types\/post"}],"author":[{"embeddable":true,"href":"https:\/\/www.europesays.com\/de\/wp-json\/wp\/v2\/users\/2"}],"replies":[{"embeddable":true,"href":"https:\/\/www.europesays.com\/de\/wp-json\/wp\/v2\/comments?post=421530"}],"version-history":[{"count":0,"href":"https:\/\/www.europesays.com\/de\/wp-json\/wp\/v2\/posts\/421530\/revisions"}],"wp:featuredmedia":[{"embeddable":true,"href":"https:\/\/www.europesays.com\/de\/wp-json\/wp\/v2\/media\/421531"}],"wp:attachment":[{"href":"https:\/\/www.europesays.com\/de\/wp-json\/wp\/v2\/media?parent=421530"}],"wp:term":[{"taxonomy":"category","embeddable":true,"href":"https:\/\/www.europesays.com\/de\/wp-json\/wp\/v2\/categories?post=421530"},{"taxonomy":"post_tag","embeddable":true,"href":"https:\/\/www.europesays.com\/de\/wp-json\/wp\/v2\/tags?post=421530"}],"curies":[{"name":"wp","href":"https:\/\/api.w.org\/{rel}","templated":true}]}}