{"id":421536,"date":"2025-09-14T07:35:10","date_gmt":"2025-09-14T07:35:10","guid":{"rendered":"https:\/\/www.europesays.com\/de\/421536\/"},"modified":"2025-09-14T07:35:10","modified_gmt":"2025-09-14T07:35:10","slug":"heute-ist-kommunalwahl-in-bonn-und-dem-rhein-sieg-kreis","status":"publish","type":"post","link":"https:\/\/www.europesays.com\/de\/421536\/","title":{"rendered":"Heute ist Kommunalwahl in Bonn und dem Rhein-Sieg-Kreis"},"content":{"rendered":"<p class=\"small date article__date\">Ver\u00f6ffentlicht:\u00a0Sonntag, 14.09.2025 08:27<\/p>\n<p>Die Kommunalwahl 2025 in Bonn und im Rhein-Sieg-Kreis hat begonnen. Fast 250.000 Menschen sind in der Bundesstadt, knapp 490.000 im Rhein-Sieg-Kreis aufgerufen, heute noch bis 18 Uhr ihre Stimme abzugeben.\u00a0\ufeff<\/p>\n<p><img decoding=\"async\" alt=\"\" src=\"https:\/\/www.europesays.com\/de\/wp-content\/uploads\/2025\/09\/federal-election-2718933_1920.jpg&#038;crop=0x40x1920x1200&#038;resize=1280x800&#038;dt=202205091248000.jpeg\" data-size=\"1280x800\"\/><\/p>\n<p>In den 20 St\u00e4dten und Gemeinden im RBRS-Land werden die Stadt- und Gemeinder\u00e4te neu besetzt und die B\u00fcrgermeister oder B\u00fcrgermeisterinnen neu gew\u00e4hlt. Mit gro\u00dfer Spannung wird in Bonn das Duell zwischen Amtsinhaberin Katja D\u00f6rner von den Gr\u00fcnen und ihrem aussichtsreichsten Herausforderer Guido D\u00e9us von der CDU erwartet.<\/p>\n<p>Stichwahl in zwei Wochen<\/p>\n<p>Es wird davon ausgegangen, dass beide \u00fcbern\u00e4chsten Sonntag in die Stichwahl gehen. Das ist immer dann der Fall, wenn heute kein Kandidat die absolute Mehrheit auf sich vereinen kann. Die Gr\u00fcnen in Bonn scheinen schon jetzt fest von einer Stichwahl auszugehen. Es sind schon die ersten Plakate f\u00fcr Katja D\u00f6rner am 28. September in Bonn geklebt.<\/p>\n<p>Radio Bonn\/Rhein-Sieg sendet eine Sondersendung<\/p>\n<p>Radio Bonn Rhein-Sieg ist heute Abend vor Ort in den Rath\u00e4usern, f\u00e4ngt dort die Stimmung ein und pr\u00e4sentiert alle Ergebnisse in einer &#8222;Sondersendung Wahl&#8220; ab 18 Uhr mit Sven Jaworek.\u00a0<\/p>\n","protected":false},"excerpt":{"rendered":"Ver\u00f6ffentlicht:\u00a0Sonntag, 14.09.2025 08:27 Die Kommunalwahl 2025 in Bonn und im Rhein-Sieg-Kreis hat begonnen. Fast 250.000 Menschen sind in&hellip;\n","protected":false},"author":2,"featured_media":416896,"comment_status":"","ping_status":"","sticky":false,"template":"","format":"standard","meta":{"footnotes":""},"categories":[1842],"tags":[1741,3364,29,30,10917,1209,13619],"class_list":{"0":"post-421536","1":"post","2":"type-post","3":"status-publish","4":"format-standard","5":"has-post-thumbnail","7":"category-bonn","8":"tag-bonn","9":"tag-de","10":"tag-deutschland","11":"tag-germany","12":"tag-kommunalwahl","13":"tag-nordrhein-westfalen","14":"tag-rhein-sieg-kreis"},"share_on_mastodon":{"url":"https:\/\/pubeurope.com\/@de\/115201502749927789","error":""},"_links":{"self":[{"href":"https:\/\/www.europesays.com\/de\/wp-json\/wp\/v2\/posts\/421536","targetHints":{"allow":["GET"]}}],"collection":[{"href":"https:\/\/www.europesays.com\/de\/wp-json\/wp\/v2\/posts"}],"about":[{"href":"https:\/\/www.europesays.com\/de\/wp-json\/wp\/v2\/types\/post"}],"author":[{"embeddable":true,"href":"https:\/\/www.europesays.com\/de\/wp-json\/wp\/v2\/users\/2"}],"replies":[{"embeddable":true,"href":"https:\/\/www.europesays.com\/de\/wp-json\/wp\/v2\/comments?post=421536"}],"version-history":[{"count":0,"href":"https:\/\/www.europesays.com\/de\/wp-json\/wp\/v2\/posts\/421536\/revisions"}],"wp:featuredmedia":[{"embeddable":true,"href":"https:\/\/www.europesays.com\/de\/wp-json\/wp\/v2\/media\/416896"}],"wp:attachment":[{"href":"https:\/\/www.europesays.com\/de\/wp-json\/wp\/v2\/media?parent=421536"}],"wp:term":[{"taxonomy":"category","embeddable":true,"href":"https:\/\/www.europesays.com\/de\/wp-json\/wp\/v2\/categories?post=421536"},{"taxonomy":"post_tag","embeddable":true,"href":"https:\/\/www.europesays.com\/de\/wp-json\/wp\/v2\/tags?post=421536"}],"curies":[{"name":"wp","href":"https:\/\/api.w.org\/{rel}","templated":true}]}}