{"id":421568,"date":"2025-09-14T07:52:16","date_gmt":"2025-09-14T07:52:16","guid":{"rendered":"https:\/\/www.europesays.com\/de\/421568\/"},"modified":"2025-09-14T07:52:16","modified_gmt":"2025-09-14T07:52:16","slug":"so-wurde-die-premiere-gefeiert-alle-fotos","status":"publish","type":"post","link":"https:\/\/www.europesays.com\/de\/421568\/","title":{"rendered":"So wurde die Premiere gefeiert \u2013 alle Fotos!"},"content":{"rendered":"<p><a href=\"https:\/\/www.tonight.de\/events\/duesseldorf-oktoberfest-party-mit-mickie-krause-programm-alle-infos-preise-termine_393422.html\" target=\"_blank\" rel=\"noopener\">Oktoberfest in D\u00fcsseldorf<\/a>? Ja, richtig gelesen! Dieses Jahr stehen die Wochenenden im September ganz im Zeichen des bayrischen Kultfests. Gefeiert wird auch auf dem Sch\u00fctzenplatz in Eller stilecht in blau-wei\u00df mit Wei\u00dfwurst, Brezn und vollen Ma\u00dfkr\u00fcgen Bier &#8211; am Donnerstag musikalisch untermalt von Partyk\u00f6nigin Frenzy, die auf der B\u00fchne wirklich alles gab. Wir zeigen die sch\u00f6nsten Momente vom 11. September 2025.<\/p>\n<p><strong>Zum Weitergucken<\/strong>: <a href=\"https:\/\/www.tonight.de\/fotogalerie\/gaudialarm-mit-mickie-krause-auf-dem-oktoberfest-in-duesseldorf-alle-schnappschuesse-12-september-2025\" target=\"_blank\" rel=\"noopener\">Die Foto-Highlights vom D\u00fcsseldorfer Oktoberfest 2025 mit Mickie Krause am 12. September 2025<\/a>.<\/p>\n<p>Ihr seid mit einem Foto nicht zufrieden? Schreibt uns einfach eine Mail an <a href=\"https:\/\/www.tonight.de\/fotogalerie\/mailto:tonightnews@rp-digital.de\" target=\"_blank\" rel=\"noopener\">tonightnews@rp-digital.de<\/a> &#8211; wir k\u00fcmmern uns darum!<\/p>\n","protected":false},"excerpt":{"rendered":"Oktoberfest in D\u00fcsseldorf? Ja, richtig gelesen! Dieses Jahr stehen die Wochenenden im September ganz im Zeichen des bayrischen&hellip;\n","protected":false},"author":2,"featured_media":421569,"comment_status":"","ping_status":"","sticky":false,"template":"","format":"standard","meta":{"footnotes":""},"categories":[1831],"tags":[10189,3364,29,3892,3405,30,1209],"class_list":{"0":"post-421568","1":"post","2":"type-post","3":"status-publish","4":"format-standard","5":"has-post-thumbnail","7":"category-duesseldorf","8":"tag-adv_default","9":"tag-de","10":"tag-deutschland","11":"tag-duesseldorftonight","12":"tag-duesseldorf","13":"tag-germany","14":"tag-nordrhein-westfalen"},"share_on_mastodon":{"url":"https:\/\/pubeurope.com\/@de\/115201569427191451","error":""},"_links":{"self":[{"href":"https:\/\/www.europesays.com\/de\/wp-json\/wp\/v2\/posts\/421568","targetHints":{"allow":["GET"]}}],"collection":[{"href":"https:\/\/www.europesays.com\/de\/wp-json\/wp\/v2\/posts"}],"about":[{"href":"https:\/\/www.europesays.com\/de\/wp-json\/wp\/v2\/types\/post"}],"author":[{"embeddable":true,"href":"https:\/\/www.europesays.com\/de\/wp-json\/wp\/v2\/users\/2"}],"replies":[{"embeddable":true,"href":"https:\/\/www.europesays.com\/de\/wp-json\/wp\/v2\/comments?post=421568"}],"version-history":[{"count":0,"href":"https:\/\/www.europesays.com\/de\/wp-json\/wp\/v2\/posts\/421568\/revisions"}],"wp:featuredmedia":[{"embeddable":true,"href":"https:\/\/www.europesays.com\/de\/wp-json\/wp\/v2\/media\/421569"}],"wp:attachment":[{"href":"https:\/\/www.europesays.com\/de\/wp-json\/wp\/v2\/media?parent=421568"}],"wp:term":[{"taxonomy":"category","embeddable":true,"href":"https:\/\/www.europesays.com\/de\/wp-json\/wp\/v2\/categories?post=421568"},{"taxonomy":"post_tag","embeddable":true,"href":"https:\/\/www.europesays.com\/de\/wp-json\/wp\/v2\/tags?post=421568"}],"curies":[{"name":"wp","href":"https:\/\/api.w.org\/{rel}","templated":true}]}}