{"id":421596,"date":"2025-09-14T08:07:12","date_gmt":"2025-09-14T08:07:12","guid":{"rendered":"https:\/\/www.europesays.com\/de\/421596\/"},"modified":"2025-09-14T08:07:12","modified_gmt":"2025-09-14T08:07:12","slug":"stillstand-bei-projekt-in-berlin-ameisenhaufen-stoppt-bau-von-2500-wohnungen","status":"publish","type":"post","link":"https:\/\/www.europesays.com\/de\/421596\/","title":{"rendered":"Stillstand bei Projekt in Berlin: Ameisenhaufen stoppt Bau von 2500 Wohnungen"},"content":{"rendered":"<p>          14.09.2025 09:53 Uhr \u2013  02:51 min<\/p>\n<p>              Stillstand bei Projekt in Berlin<br \/>\n              Ameisenhaufen stoppt Bau von 2500 Wohnungen<\/p>\n<p>\n              In Berlin-Zehlendorf sollte ein neues Quartier mit 2500 Wohnungen, Kitas und einem Sportplatz entstehen. Doch ein winziger Ameisenhaufen bringt das Gro\u00dfprojekt zum Stillstand: Die gesch\u00fctzte kahlr\u00fcckige Waldameise darf nicht umgesetzt werden. <\/p>\n","protected":false},"excerpt":{"rendered":"14.09.2025 09:53 Uhr \u2013 02:51 min Stillstand bei Projekt in Berlin Ameisenhaufen stoppt Bau von 2500 Wohnungen In&hellip;\n","protected":false},"author":2,"featured_media":421597,"comment_status":"","ping_status":"","sticky":false,"template":"","format":"standard","meta":{"footnotes":""},"categories":[1825],"tags":[7600,296,110647,29,30,14463,1886,3367],"class_list":{"0":"post-421596","1":"post","2":"type-post","3":"status-publish","4":"format-standard","5":"has-post-thumbnail","7":"category-berlin","8":"tag-bauen","9":"tag-berlin","10":"tag-bundesministerium-fuer-bauen-und-wohnen","11":"tag-deutschland","12":"tag-germany","13":"tag-insekten","14":"tag-tiere","15":"tag-tierschutz"},"share_on_mastodon":{"url":"https:\/\/pubeurope.com\/@de\/115201628482061750","error":""},"_links":{"self":[{"href":"https:\/\/www.europesays.com\/de\/wp-json\/wp\/v2\/posts\/421596","targetHints":{"allow":["GET"]}}],"collection":[{"href":"https:\/\/www.europesays.com\/de\/wp-json\/wp\/v2\/posts"}],"about":[{"href":"https:\/\/www.europesays.com\/de\/wp-json\/wp\/v2\/types\/post"}],"author":[{"embeddable":true,"href":"https:\/\/www.europesays.com\/de\/wp-json\/wp\/v2\/users\/2"}],"replies":[{"embeddable":true,"href":"https:\/\/www.europesays.com\/de\/wp-json\/wp\/v2\/comments?post=421596"}],"version-history":[{"count":0,"href":"https:\/\/www.europesays.com\/de\/wp-json\/wp\/v2\/posts\/421596\/revisions"}],"wp:featuredmedia":[{"embeddable":true,"href":"https:\/\/www.europesays.com\/de\/wp-json\/wp\/v2\/media\/421597"}],"wp:attachment":[{"href":"https:\/\/www.europesays.com\/de\/wp-json\/wp\/v2\/media?parent=421596"}],"wp:term":[{"taxonomy":"category","embeddable":true,"href":"https:\/\/www.europesays.com\/de\/wp-json\/wp\/v2\/categories?post=421596"},{"taxonomy":"post_tag","embeddable":true,"href":"https:\/\/www.europesays.com\/de\/wp-json\/wp\/v2\/tags?post=421596"}],"curies":[{"name":"wp","href":"https:\/\/api.w.org\/{rel}","templated":true}]}}