{"id":421617,"date":"2025-09-14T08:19:09","date_gmt":"2025-09-14T08:19:09","guid":{"rendered":"https:\/\/www.europesays.com\/de\/421617\/"},"modified":"2025-09-14T08:19:09","modified_gmt":"2025-09-14T08:19:09","slug":"iphone-17-air-und-pro-max-vorgestellt-alle-infos-im-ueberblick","status":"publish","type":"post","link":"https:\/\/www.europesays.com\/de\/421617\/","title":{"rendered":"iPhone 17, Air und Pro (Max) vorgestellt: Alle Infos im \u00dcberblick"},"content":{"rendered":"\n<p>Apple hat seine neue Smartphone-Generation enth\u00fcllt: das <strong>iPhone 17<\/strong>, das ultrad\u00fcnne <strong>iPhone Air<\/strong> sowie die beiden Topmodelle <strong>iPhone 17 Pro<\/strong> und <strong>iPhone 17 Pro Max<\/strong>. Alle Ger\u00e4te kommen mit iOS 26, setzen auf den neuen A19-Prozessor und bringen zahlreiche Verbesserungen bei Design, Leistung, Kamera und KI-Funktionen.<\/p>\n<p> iPhone 17: der neue Standard <\/p>\n<p>Das iPhone 17 zeigt sich \u00e4u\u00dferlich nur leicht ver\u00e4ndert, bringt aber sp\u00fcrbare Verbesserungen in nahezu allen Bereichen. Das <strong>6,3-Zoll Super Retina XDR-Display<\/strong> ist heller als je zuvor, erreicht bis zu <strong>3.000 Nits<\/strong> und unterst\u00fctzt dank <strong>ProMotion<\/strong> Bildwiederholraten von bis zu <strong>120 Hertz<\/strong>. <strong>Ceramic Shield 2<\/strong> auf der Vorderseite soll <strong>dreimal kratzfester<\/strong> sein als beim Vorg\u00e4nger.<\/p>\n<p> <img loading=\"lazy\" decoding=\"async\" height=\"683\" width=\"1024\" src=\"https:\/\/www.europesays.com\/de\/wp-content\/uploads\/2025\/09\/iphone-17-1.jpg\" alt=\"\" class=\"wp-image-581227\"  \/>Das neue iPhone 17 \u00a9 Apple<\/p>\n<p>Besonders hervorgehoben wird das neue Kamerasystem: Erstmals setzt Apple auch beim Standardmodell auf <strong>48-Megapixel-Sensoren<\/strong>. Neben der <strong>Hauptkamera mit integriertem 2-fach-Telezoom<\/strong> gibt es nun eine <strong>Ultraweitwinkelkamera<\/strong>, die Makroaufnahmen und detailreiche Weitwinkelbilder erlaubt. Auf der Vorderseite arbeitet die neue <strong>Center-Stage-Kamera mit 18 Megapixeln und quadratischem Sensor<\/strong>, die den Bildausschnitt automatisch anpasst. Dank <strong>Doppelaufnahme<\/strong> l\u00e4sst sich gleichzeitig mit Front- und R\u00fcckkamera filmen, Videos sind in <strong>4K HDR<\/strong> m\u00f6glich.<\/p>\n<p>Unter der Haube steckt der neue <strong>A19-Chip<\/strong>, gefertigt in <strong>3-nm-Technologie<\/strong>. Er liefert bis zu <strong>1,5-mal mehr CPU-Leistung<\/strong> und eine <strong>doppelt so schnelle GPU<\/strong> im Vergleich zum Vorg\u00e4nger. In Kombination mit <strong>iOS 26<\/strong> unterst\u00fctzt er die neuen <strong>Apple-Intelligence-Funktionen<\/strong>. Der Akku h\u00e4lt bis zu <strong>30 Stunden Videowiedergabe<\/strong> durch und l\u00e4dt mit einem <strong>40-Watt-USB-C-Netzteil<\/strong> in 20 Minuten auf 50 Prozent.<\/p>\n<p> <strong>Preise &amp; Verf\u00fcgbarkeit<\/strong> <\/p>\n<p>Das iPhone 17 erscheint in den Farben <strong>Lavendel, Nebelblau, Salbei, Wei\u00df und Schwarz<\/strong>. Speichergr\u00f6\u00dfen: <strong>256 GB und 512 GB<\/strong>. Preislich startet es bei <strong>949 \u20ac inkl. MwSt.<\/strong> Vorbestellungen sind ab dem <strong>12. September<\/strong> m\u00f6glich, der Marktstart erfolgt am <strong>19. September<\/strong>.<\/p>\n<p> iPhone Air: d\u00fcnner, leichter, leistungsst\u00e4rker <\/p>\n<p>Mit dem iPhone Air bringt Apple ein v\u00f6llig neues Modell. Es ist nur <strong>5,6 Millimeter d\u00fcnn<\/strong> und damit das <strong>schlankste iPhone aller Zeiten<\/strong>. Das Geh\u00e4use besteht aus <strong>Titan der Klasse 5<\/strong> mit spiegelndem Finish. <strong>Ceramic Shield 2<\/strong> sch\u00fctzt Vorder- und <strong>erstmals auch die R\u00fcckseite<\/strong>, wodurch das Air robuster sein soll als jedes fr\u00fchere iPhone.<\/p>\n<p> <img loading=\"lazy\" decoding=\"async\" height=\"683\" width=\"1024\" src=\"https:\/\/www.europesays.com\/de\/wp-content\/uploads\/2025\/09\/iphone-air.jpg\" alt=\"\" class=\"wp-image-581230\"  \/>D\u00fcnn, d\u00fcnner, iPhone Air \u00a9 Apple<\/p>\n<p>Das Display ist laut Apple ein weiteres Highlight: Das <strong>6,5-Zoll Super Retina XDR<\/strong> unterst\u00fctzt <strong>ProMotion<\/strong> bis 120 Hz und kann im Always-On-Modus auf 1 Hz herunterregeln, um Strom zu sparen. Mit einer Spitzenhelligkeit von <strong>3000 Nits<\/strong> ist es zudem das bislang hellste iPhone-Display. Das soll auch f\u00fcr gute Lesbarkeit bei direkter Sonneneinstrahlung sorgen.<\/p>\n<p>Im Inneren arbeitet der <strong>A19 Pro-Chip<\/strong>, erg\u00e4nzt durch den <strong>N1-Chip<\/strong> f\u00fcr modernste Konnektivit\u00e4t (Wi-Fi 7, Bluetooth 6, Thread) sowie den neuen <strong>C1X-Coprozessor<\/strong>, der Energieverbrauch und Multitasking optimieren soll. Trotz der ultrad\u00fcnnen Bauweise verspricht Apple eine Akkulaufzeit f\u00fcr den ganzen Tag.<\/p>\n<p>Auch bei der Kamera geht das Air keine Kompromisse ein: Die <strong>48-MP-Fusion-Hauptkamera<\/strong> bietet zus\u00e4tzliche Brennweiten und einen <strong>optischen 2-fach-Zoom<\/strong>. Die <strong>18-MP-Center-Stage-Frontkamera<\/strong> mit quadratischem Sensor erm\u00f6glicht Selfies und Videocalls mit adaptivem Framing, dazu Doppelaufnahme und Video in <strong>4K Dolby Vision<\/strong>.<\/p>\n<p>Ein weiterer Unterschied: Das iPhone Air setzt vollst\u00e4ndig auf <strong>eSIM<\/strong>. Einen Slot f\u00fcr physische SIM-Karten gibt es nicht mehr. Apple spart dadurch Platz im Geh\u00e4use und betont zus\u00e4tzliche Vorteile wie mehr Sicherheit \u2013 da eine eSIM nicht entfernt werden kann \u2013 sowie eine einfachere Verwaltung mehrerer Mobilfunktarife, etwa beim Reisen. Unterst\u00fctzt werden bereits \u00fcber 500 Mobilfunkanbieter weltweit, darunter auch alle gro\u00dfen Provider in Deutschland.<\/p>\n<p>F\u00fcr mehr Akkulaufzeit gibt es ein speziell designtes Akkupack, das per Magsafe hinten am Ger\u00e4t haftet und bis zu 40 Stunden Video-Playback erm\u00f6glichen soll.<\/p>\n<p><strong>Das zeichnet das iPhone Air aus:<\/strong><\/p>\n<ul class=\"wp-block-list\">\n<li>Nur 5,6 mm d\u00fcnn, Titan-Geh\u00e4use mit Mirror-Finish<\/li>\n<li>6,5-Zoll Super Retina XDR, 3000 Nits, Always-On-Display<\/li>\n<li>A19 Pro-Chip plus N1- und C1X-Chips<\/li>\n<li>48-MP-Hauptkamera, 18-MP-Frontkamera mit Center Stage<\/li>\n<li>Action Button und Camera Control integriert<\/li>\n<li>Farben: Space Black, Cloud White, Light Gold, Sky Blue<\/li>\n<li>Ab 256 GB Speicherkapazit\u00e4t und mit 512 GB und 1 TB optional<\/li>\n<li>eSIM-only<\/li>\n<\/ul>\n<p>Preise und Verf\u00fcgbarkeit <\/p>\n<p>Das iPhone Air wird in Space Schwarz, Wolkenwei\u00df, Lichtgold und Himmelblau erh\u00e4ltlich sein, ab 256 GB Speicherkapazit\u00e4t und mit 512 GB und 1 TB optional. Das iPhone Air ist ab\u00a0<strong>1.199 Euro<\/strong>\u00a0inkl. MwSt. oder\u00a0<strong>49,96 Euro<\/strong>\u00a0inkl. MwSt. pro Monat erh\u00e4ltlich. Vorbestellbar am dem 12. September, im Verkauf dann ab dem 19. September. Die iPhone Air MagSafe Batterie wird f\u00fcr<strong>\u00a0115 Euro<\/strong>\u00a0inkl. MwSt. erh\u00e4ltlich sein<\/p>\n<p> iPhone 17 Pro &amp; Pro Max: F\u00fcr Content-Creators und Power-User <\/p>\n<p>Die Pro-Modelle stellen das Leistungshoch der Serie dar. Apple setzt auf ein neues <strong>Unibody-Design aus Aluminium der 7000er-Serie<\/strong> mit integrierter <strong>Dampfkammer-K\u00fchlung<\/strong>, die W\u00e4rme effizient verteilt. So kann der <strong>A19 Pro-Chip<\/strong> dauerhaft hohe Leistung abrufen \u2013 laut Apple mit <strong>bis zu 40 Prozent besserer Dauerperformance<\/strong>. Gleichzeitig bleibt Platz f\u00fcr gr\u00f6\u00dfere Akkus, was die <strong>l\u00e4ngste iPhone-Akkulaufzeit bisher<\/strong> erm\u00f6glicht.<\/p>\n<p> <img loading=\"lazy\" decoding=\"async\" height=\"683\" width=\"1024\" src=\"https:\/\/www.europesays.com\/de\/wp-content\/uploads\/2025\/09\/iphone-pro-1.jpg\" alt=\"\" class=\"wp-image-581229\"  \/>Die neuen Farben des iPhone 17 Pro \u00a9 Apple<\/p>\n<p>Die Displays messen <strong>6,3 Zoll (Pro)<\/strong> und <strong>6,9 Zoll (Pro Max)<\/strong>, bieten <strong>ProMotion bis 120 Hz<\/strong>, <strong>Always-On-Funktion<\/strong> und <strong>3.000 Nits Helligkeit<\/strong>. Auch hier kommt <strong>Ceramic Shield 2<\/strong> zum Einsatz \u2013 nun auf Vorder- und R\u00fcckseite, mit bis zu <strong>vierfach h\u00f6herem Bruchschutz<\/strong>.<\/p>\n<p>Das neue Kamerasystem besteht aus <strong>drei 48-MP-Fusion-Sensoren<\/strong> (Haupt, Ultraweitwinkel und Tele). Die <strong>Telekamera mit Tetraprisma-Design<\/strong> erm\u00f6glicht einen <strong>optischen Zoom bis 8-fach (200 mm)<\/strong>. Der digitale Zoom reicht sogar bis <strong>40-fach<\/strong>. Videoseitig unterst\u00fctzt Apple jetzt <strong>4K mit 120 fps<\/strong>, <strong>ProRes RAW<\/strong>, <strong>Apple Log 2<\/strong> und <strong>Genlock<\/strong> \u2013 Features, die sich klar an Content-Creators und Profis richten.<\/p>\n<p>Auch die Frontkamera hat ein Upgrade erhalten: Eine <strong>Center Stage-Kamera<\/strong> \u2013 neu im quadratischen Format \u2013 bietet bis zu <strong>18 MP<\/strong>, ein erweitertes Sichtfeld sowie den flexiblen Wechsel zwischen Portr\u00e4t- und Landschaftsmodus, ohne das Ger\u00e4t drehen zu m\u00fcssen.<\/p>\n<p> Highlights im \u00dcberblick: <\/p>\n<ul class=\"wp-block-list\">\n<li><strong>A19 Pro-Chip<\/strong> \u2013 schnellster iPhone-SoC, 40 % bessere Dauerleistung<\/li>\n<li><strong>Neues Vapor-Chamber-K\u00fchlungssystem<\/strong> im Aluminium-Unibody<\/li>\n<li><strong>Gr\u00f6\u00dfere Batterie(s)<\/strong>: l\u00e4ngste Akkulaufzeit aller iPhones<\/li>\n<li><strong>Triple 48 MP Fusion-Kameras<\/strong> (Main, Ultra Wide, Tele) mit 8\u00d7 optischem Zoom<\/li>\n<li><strong>Center Stage Frontkamera<\/strong> (18 MP, quadratisch, adaptives Framing)<\/li>\n<li>Neue Farbvarianten: Deep Blue, Cosmic Orange, Silbe<\/li>\n<li>Nachhaltigkeit: gebaut mit 30 % recyceltem Material, darunter 100 % recyceltes Kobalt\/Beschichtung<\/li>\n<\/ul>\n<p>Preise und Verf\u00fcgbarkeit von iPhone 17 Pro und Pro Max <\/p>\n<p>Das iPhone 17 Pro wird in den Farben <strong>Tiefblau, Cosmic Orange und Silber<\/strong> verkauft. Speichergr\u00f6\u00dfen: <strong>256 GB, 512 GB, 1 TB<\/strong>. Preise ab <strong>1.299 \u20ac inkl. MwSt.<\/strong> Das iPhone 17 Pro Max gibt es ebenfalls in diesen Farben, zus\u00e4tzlich mit <strong>2 TB Speicheroption<\/strong>, ab <strong>1.449 \u20ac inkl. MwSt.<\/strong> Vorbestellung ab dem <strong>12. September<\/strong>, Marktstart ab dem <strong>19. September<\/strong>.<\/p>\n<p> Auf allen Ger\u00e4ten: iOS 26 mit neuem Design und mehr Intelligenz <\/p>\n<p>Mit <strong>iOS 26<\/strong> f\u00fchrt Apple das visuelle <strong>\u201eLiquid-Glass\u201c-Design<\/strong> ein \u2013 Elemente wirken klarer, Inhalte r\u00fccken st\u00e4rker in den Fokus. <strong>Apple Intelligence<\/strong> l\u00e4uft <strong>on-device<\/strong> und bringt u. a. <strong>Live-\u00dcbersetzung<\/strong> (Text\/Audio) in Nachrichten, FaceTime und Telefonaten, neue <strong>visuelle Intelligenz<\/strong> (Screenshots durchsuchen &amp; Inhalte kontextuell anw\u00e4hlbar) und smarte Filter f\u00fcr Anrufe\/Nachrichten. F\u00fcr Gamer:innen gibt es die <strong>Apple Games App<\/strong> als zentrale Anlaufstelle. Der neue <strong>Adaptive Stromsparmodus<\/strong> lernt das Nutzungsverhalten und streckt die Laufzeit intelligent \u2013 laut Apple sp\u00fcrbar in der Praxis.<\/p>\n","protected":false},"excerpt":{"rendered":"Apple hat seine neue Smartphone-Generation enth\u00fcllt: das iPhone 17, das ultrad\u00fcnne iPhone Air sowie die beiden Topmodelle iPhone&hellip;\n","protected":false},"author":2,"featured_media":421618,"comment_status":"","ping_status":"","sticky":false,"template":"","format":"standard","meta":{"footnotes":""},"categories":[135],"tags":[231,29,30,5553,190,189,194,191,193,192],"class_list":{"0":"post-421617","1":"post","2":"type-post","3":"status-publish","4":"format-standard","5":"has-post-thumbnail","7":"category-wissenschaft-technik","8":"tag-apple","9":"tag-deutschland","10":"tag-germany","11":"tag-iphone","12":"tag-science","13":"tag-science-technology","14":"tag-technik","15":"tag-technology","16":"tag-wissenschaft","17":"tag-wissenschaft-technik"},"share_on_mastodon":{"url":"https:\/\/pubeurope.com\/@de\/115201675470244845","error":""},"_links":{"self":[{"href":"https:\/\/www.europesays.com\/de\/wp-json\/wp\/v2\/posts\/421617","targetHints":{"allow":["GET"]}}],"collection":[{"href":"https:\/\/www.europesays.com\/de\/wp-json\/wp\/v2\/posts"}],"about":[{"href":"https:\/\/www.europesays.com\/de\/wp-json\/wp\/v2\/types\/post"}],"author":[{"embeddable":true,"href":"https:\/\/www.europesays.com\/de\/wp-json\/wp\/v2\/users\/2"}],"replies":[{"embeddable":true,"href":"https:\/\/www.europesays.com\/de\/wp-json\/wp\/v2\/comments?post=421617"}],"version-history":[{"count":0,"href":"https:\/\/www.europesays.com\/de\/wp-json\/wp\/v2\/posts\/421617\/revisions"}],"wp:featuredmedia":[{"embeddable":true,"href":"https:\/\/www.europesays.com\/de\/wp-json\/wp\/v2\/media\/421618"}],"wp:attachment":[{"href":"https:\/\/www.europesays.com\/de\/wp-json\/wp\/v2\/media?parent=421617"}],"wp:term":[{"taxonomy":"category","embeddable":true,"href":"https:\/\/www.europesays.com\/de\/wp-json\/wp\/v2\/categories?post=421617"},{"taxonomy":"post_tag","embeddable":true,"href":"https:\/\/www.europesays.com\/de\/wp-json\/wp\/v2\/tags?post=421617"}],"curies":[{"name":"wp","href":"https:\/\/api.w.org\/{rel}","templated":true}]}}