{"id":421621,"date":"2025-09-14T08:21:16","date_gmt":"2025-09-14T08:21:16","guid":{"rendered":"https:\/\/www.europesays.com\/de\/421621\/"},"modified":"2025-09-14T08:21:16","modified_gmt":"2025-09-14T08:21:16","slug":"baerbock-aeussert-sich-zu-kritik-an-instagram-video","status":"publish","type":"post","link":"https:\/\/www.europesays.com\/de\/421621\/","title":{"rendered":"Baerbock \u00e4u\u00dfert sich zu Kritik an Instagram-Video"},"content":{"rendered":"<p>&#8222;Ich habe laut auflachen m\u00fcssen&#8220; <\/p>\n<p>Baerbock spricht \u00fcber angebliche Schw\u00e4rmerei<\/p>\n<p>14.09.2025 &#8211; 08:30 UhrLesedauer: 2 Min.<\/p>\n<p><img style=\"--width:32;--height:32\" loading=\"lazy\" src=\"https:\/\/www.t-online.de\/s\/paper\/_next\/static\/media\/loading-indicator-video.1f35d8de.svg\" alt=\"Video l\u00e4dt\" title=\"Video l\u00e4dt\" class=\"block h-[calc(var(--height)_\/_16_*_1rem)] w-[calc(var(--width)_\/_16_*_1rem)] max-w-none undefined\" decoding=\"async\"\/>Player wird geladen<\/p>\n<p>Video: In New York wird Annalena Baerbock bald ein neues Amt antreten. (Quelle: t-online)<\/p>\n<p class=\"font-bold text-18 leading-17\">Nach einem Instagram-Video \u00fcber ihr Leben in New York gab es Kritik an Annalena Baerbock. Jetzt nimmt sie Stellung. Zudem erz\u00e4hlt sie eine Anekdote aus einer Kabinettssitzung.<\/p>\n<p class=\"text-18 leading-17\">In einem Interview mit der &#8222;Bild&#8220; begr\u00fcndet sie nun den Post. Sie wollte damit eine junge Zielgruppe erreichen. Nicht nur als Politikerin, sondern auch als Elternteil erlebe man aktuell, &#8222;dass wir unsere Kinder manchmal gar nicht mehr erreichen, weil sie ganz anders kommunizieren&#8220;. Aus dieser Generation habe niemand ihre Rede aus der Vollversammlung geschaut. &#8222;Junge Menschen schauen auf Social Media. Wenn man die erreichen will, dann braucht man auch Formate, um dort hinzukommen.&#8220;<\/p>\n<p class=\"text-18 leading-17\">Bei einer Debatte um die Fortf\u00fchrung der Zahlung von deutschen Steuergeldern f\u00fcr die Vereinten Nationen sei es wichtig, zu wissen, was die Institution mache. Sei das nicht der Fall, h\u00e4tten &#8222;die Vereinten Nationen wirklich ein schlechtes Standing&#8220;.<\/p>\n<p class=\"text-18 leading-17\">Sie selbst habe unterschiedliche Reaktionen auf das Video erlebt. Zudem berichtet sie vom Dreh: &#8222;Ich selbst habe beim Filmen schmunzeln m\u00fcssen, weil ein bisschen Selbstironie immer zu solchen Videos dazugeh\u00f6rt.&#8220;<\/p>\n<p>Video | Nach Kontroverse: Baerbock teilt neues Video aus New York<\/p>\n<p><img style=\"--width:32;--height:32\" loading=\"lazy\" src=\"https:\/\/www.t-online.de\/s\/paper\/_next\/static\/media\/loading-indicator-video.1f35d8de.svg\" alt=\"Video l\u00e4dt\" title=\"Video l\u00e4dt\" class=\"block h-[calc(var(--height)_\/_16_*_1rem)] w-[calc(var(--width)_\/_16_*_1rem)] max-w-none undefined\" decoding=\"async\"\/>Player wird geladenQuelle: t-online<\/p>\n<p class=\"text-18 leading-17\">Dar\u00fcber hinaus erz\u00e4hlt die ehemalige Au\u00dfenministerin in dem Interview eine Anekdote aus einer Kabinettssitzung. Ihre Pressestelle habe ihr w\u00e4hrend der Sitzung einen Screenshot von einem Artikel im Magazin &#8222;Bunte&#8220; geschickt, der am n\u00e4chsten Tag erscheinen sollte. Darin ging es um eine angebliche Schw\u00e4rmerei Baerbocks f\u00fcr den ehemaligen US-Au\u00dfenminister Tony Blinken.<\/p>\n<p class=\"text-18 leading-17\">&#8222;Ich habe laut auflachen m\u00fcssen. Und alle guckten mich nat\u00fcrlich an&#8220;, berichtet sie ihre Reaktion. Der damalige Bundeskanzler <a class=\"transition-colors duration-200 cursor-pointer text-inherit no-underline text-salemsfur md:hover:text-magenta md:hover:border-magenta md:focus:text-magenta border-current border-b border-solid break-words\" href=\"https:\/\/www.t-online.de\/themen\/olaf-scholz\/\" data-sctrack=\"BodyAnchor\" target=\"_blank\" rel=\"noopener\">Olaf Scholz<\/a> (SPD) habe gerade zu einem anderen Thema moderiert &#8222;und dachte, ist die Frau verr\u00fcckt geworden?&#8220;, berichtet Baerbock. Als sie die \u00dcberschrift vorgelesen habe, habe aber selbst der Bundeskanzler &#8222;ein bisschen ins Lachen einsteigen&#8220; m\u00fcssen.<\/p>\n","protected":false},"excerpt":{"rendered":"&#8222;Ich habe laut auflachen m\u00fcssen&#8220; Baerbock spricht \u00fcber angebliche Schw\u00e4rmerei 14.09.2025 &#8211; 08:30 UhrLesedauer: 2 Min. Player wird&hellip;\n","protected":false},"author":2,"featured_media":421622,"comment_status":"","ping_status":"","sticky":false,"template":"","format":"standard","meta":{"footnotes":""},"categories":[3],"tags":[326,1436,13,152,14,944,15,1175,12,110651,10,8,9,11,26,103,104],"class_list":{"0":"post-421621","1":"post","2":"type-post","3":"status-publish","4":"format-standard","5":"has-post-thumbnail","7":"category-welt","8":"tag-326","9":"tag-annalena-baerbock","10":"tag-headlines","11":"tag-instagram","12":"tag-nachrichten","13":"tag-new-york","14":"tag-news","15":"tag-olaf-scholz","16":"tag-schlagzeilen","17":"tag-schwaermerei","18":"tag-top-news","19":"tag-top-meldungen","20":"tag-topmeldungen","21":"tag-topnews","22":"tag-un","23":"tag-welt","24":"tag-world"},"share_on_mastodon":{"url":"https:\/\/pubeurope.com\/@de\/115201683275124242","error":""},"_links":{"self":[{"href":"https:\/\/www.europesays.com\/de\/wp-json\/wp\/v2\/posts\/421621","targetHints":{"allow":["GET"]}}],"collection":[{"href":"https:\/\/www.europesays.com\/de\/wp-json\/wp\/v2\/posts"}],"about":[{"href":"https:\/\/www.europesays.com\/de\/wp-json\/wp\/v2\/types\/post"}],"author":[{"embeddable":true,"href":"https:\/\/www.europesays.com\/de\/wp-json\/wp\/v2\/users\/2"}],"replies":[{"embeddable":true,"href":"https:\/\/www.europesays.com\/de\/wp-json\/wp\/v2\/comments?post=421621"}],"version-history":[{"count":0,"href":"https:\/\/www.europesays.com\/de\/wp-json\/wp\/v2\/posts\/421621\/revisions"}],"wp:featuredmedia":[{"embeddable":true,"href":"https:\/\/www.europesays.com\/de\/wp-json\/wp\/v2\/media\/421622"}],"wp:attachment":[{"href":"https:\/\/www.europesays.com\/de\/wp-json\/wp\/v2\/media?parent=421621"}],"wp:term":[{"taxonomy":"category","embeddable":true,"href":"https:\/\/www.europesays.com\/de\/wp-json\/wp\/v2\/categories?post=421621"},{"taxonomy":"post_tag","embeddable":true,"href":"https:\/\/www.europesays.com\/de\/wp-json\/wp\/v2\/tags?post=421621"}],"curies":[{"name":"wp","href":"https:\/\/api.w.org\/{rel}","templated":true}]}}