{"id":421631,"date":"2025-09-14T08:27:11","date_gmt":"2025-09-14T08:27:11","guid":{"rendered":"https:\/\/www.europesays.com\/de\/421631\/"},"modified":"2025-09-14T08:27:11","modified_gmt":"2025-09-14T08:27:11","slug":"chemnitzerin-holt-gold-bei-em-der-berufe-in-daenemark","status":"publish","type":"post","link":"https:\/\/www.europesays.com\/de\/421631\/","title":{"rendered":"Chemnitzerin holt Gold bei EM der Berufe in D\u00e4nemark"},"content":{"rendered":"<p class=\"bold\">\n\t\t\t\t\t\t\t\t\t\tSie ist erst 21 und schon Europameisterin: Anna Telle aus Chemnitz. Bei der EM der Berufe in D\u00e4nemark holten Teilnehmer aus Deutschland nicht nur in der Pflege Medaillen.\t\t\t\t<\/p>\n<p>\t\t\t\t\t\t\t\t\t\t\t\t\t\t\t\t\t\t\tChemnitz\/Herning.<\/p>\n<p>Die 21-j\u00e4hrige Anna Telle aus <a href=\"https:\/\/www.freiepresse.de\/thema\/ort\/chemnitz\" title=\"Nachrichten f\u00fcr den Ort: Chemnitz\" class=\"internal-article-link\" data-ct=\"ENTITY\/LOCATION\/UNKNOWN\/CHEMNITZ\" rel=\"nofollow noopener\" target=\"_blank\">Chemnitz<\/a> hat bei der Europameisterschaft der Berufe in D\u00e4nemark eine Goldmedaille errungen. Die Pflegefachfrau \u00fcberzeugte die Juroren in der Disziplin Gesundheits- und Sozialbetreuung, wie der Verein Worldskills Germany mitteilte. &#8222;Ich bin total \u00fcberw\u00e4ltigt&#8220;, sagte Telle. &#8222;F\u00fcr mich z\u00e4hlen dabei die Momente, die ich im Wettbewerb erlebt habe.&#8220; Die Chemnitzerin hatte schon bei der Weltmeisterschaft 2025 eine Exzellenzmedaille in ihrem Fach gewonnen.\u00a0<\/p>\n<p>Der Wettbewerb ist eine Leistungsschau der beruflichen Bildung. Teilnehmer aus Deutschland holten im d\u00e4nischen Herning den Angaben zufolge 7 Gold-, 6 Silber-, 3 Bronze- und 6 Exzellenzmedaillen f\u00fcr herausragende Leistung. (dpa)<\/p>\n","protected":false},"excerpt":{"rendered":"Sie ist erst 21 und schon Europameisterin: Anna Telle aus Chemnitz. Bei der EM der Berufe in D\u00e4nemark&hellip;\n","protected":false},"author":2,"featured_media":421632,"comment_status":"","ping_status":"","sticky":false,"template":"","format":"standard","meta":{"footnotes":""},"categories":[1851],"tags":[2770,3364,29,548,663,3934,30,13,14,15,859,12,7077],"class_list":{"0":"post-421631","1":"post","2":"type-post","3":"status-publish","4":"format-standard","5":"has-post-thumbnail","7":"category-chemnitz","8":"tag-chemnitz","9":"tag-de","10":"tag-deutschland","11":"tag-eu","12":"tag-europa","13":"tag-europe","14":"tag-germany","15":"tag-headlines","16":"tag-nachrichten","17":"tag-news","18":"tag-sachsen","19":"tag-schlagzeilen","20":"tag-sportwettbewerbe"},"share_on_mastodon":{"url":"https:\/\/pubeurope.com\/@de\/115201706776041111","error":""},"_links":{"self":[{"href":"https:\/\/www.europesays.com\/de\/wp-json\/wp\/v2\/posts\/421631","targetHints":{"allow":["GET"]}}],"collection":[{"href":"https:\/\/www.europesays.com\/de\/wp-json\/wp\/v2\/posts"}],"about":[{"href":"https:\/\/www.europesays.com\/de\/wp-json\/wp\/v2\/types\/post"}],"author":[{"embeddable":true,"href":"https:\/\/www.europesays.com\/de\/wp-json\/wp\/v2\/users\/2"}],"replies":[{"embeddable":true,"href":"https:\/\/www.europesays.com\/de\/wp-json\/wp\/v2\/comments?post=421631"}],"version-history":[{"count":0,"href":"https:\/\/www.europesays.com\/de\/wp-json\/wp\/v2\/posts\/421631\/revisions"}],"wp:featuredmedia":[{"embeddable":true,"href":"https:\/\/www.europesays.com\/de\/wp-json\/wp\/v2\/media\/421632"}],"wp:attachment":[{"href":"https:\/\/www.europesays.com\/de\/wp-json\/wp\/v2\/media?parent=421631"}],"wp:term":[{"taxonomy":"category","embeddable":true,"href":"https:\/\/www.europesays.com\/de\/wp-json\/wp\/v2\/categories?post=421631"},{"taxonomy":"post_tag","embeddable":true,"href":"https:\/\/www.europesays.com\/de\/wp-json\/wp\/v2\/tags?post=421631"}],"curies":[{"name":"wp","href":"https:\/\/api.w.org\/{rel}","templated":true}]}}