{"id":421657,"date":"2025-09-14T08:42:14","date_gmt":"2025-09-14T08:42:14","guid":{"rendered":"https:\/\/www.europesays.com\/de\/421657\/"},"modified":"2025-09-14T08:42:14","modified_gmt":"2025-09-14T08:42:14","slug":"erheblich-alkoholisiert-e-scooter-fahrer-16-und-pedelecfahrer-40-werden-bei-alleinunfaellen-verletzt","status":"publish","type":"post","link":"https:\/\/www.europesays.com\/de\/421657\/","title":{"rendered":"Erheblich alkoholisiert: E-Scooter-Fahrer (16) und Pedelecfahrer (40) werden bei Alleinunf\u00e4llen verletzt"},"content":{"rendered":"<p>Gleich zweimal kam es am Freitag, 12. September, in Bochum zu Alleinunf\u00e4llen unter erheblicher Alkoholeinwirkung. Zwei Menschen wurden verletzt.<\/p>\n<p>Der erste Fall ereignete sich gegen 16 Uhr auf der Lewackerstra\u00dfe in Bochum-Linden. Hier fuhr ein 40-J\u00e4hriger aus Hattingen in H\u00f6he der Hausnummer 267 von der Fahrbahn auf den Gehweg, st\u00fcrzte \u00fcber den Bordstein und erlitt leichte Verletzungen. Ein Atemalkoholtest ergab einen Wert von 2,52 Promille. Ein Arzt entnahm eine Blutprobe, der Hattinger kam ins Krankenhaus.<\/p>\n<p>Der zweite Unfall passierte um kurz nach 23 Uhr auf der Sommerfeldstra\u00dfe in Bochum-Wattenscheid. Hier war ein 16-j\u00e4hriger Bochumer mit einem E-Scooter unterwegs: Er kollidierte in H\u00f6he der Hausnummer 108 mit einem geparkten Auto. Sein Atemalkoholtest ergab einen Wert von 2,62 Promille. Auch hier entnahm ein Arzt eine Blutprobe. Er kam ebenfalls ins Krankenhaus.<\/p>\n<p>Das Verkehrskommissariat hat die Ermittlungen aufgenommen.<\/p>\n<p>R\u00fcckfragen bitte an:<\/p>\n<p>Polizei Bochum Pressestelle Jens Artschwager Telefon: 0234 909 1023 E-Mail: pressestelle.bochum@polizei.nrw.de https:\/\/bochum.polizei.nrw\/<\/p>\n<p> Original-Content von: Polizei Bochum, \u00fcbermittelt durch news aktuell<\/p>\n","protected":false},"excerpt":{"rendered":"Gleich zweimal kam es am Freitag, 12. September, in Bochum zu Alleinunf\u00e4llen unter erheblicher Alkoholeinwirkung. Zwei Menschen wurden&hellip;\n","protected":false},"author":2,"featured_media":31752,"comment_status":"","ping_status":"","sticky":false,"template":"","format":"standard","meta":{"footnotes":""},"categories":[1839],"tags":[7507,3364,29,30,1209,12925],"class_list":{"0":"post-421657","1":"post","2":"type-post","3":"status-publish","4":"format-standard","5":"has-post-thumbnail","7":"category-bochum","8":"tag-bochum","9":"tag-de","10":"tag-deutschland","11":"tag-germany","12":"tag-nordrhein-westfalen","13":"tag-polizeimeldungen"},"share_on_mastodon":{"url":"https:\/\/pubeurope.com\/@de\/115201765879743712","error":""},"_links":{"self":[{"href":"https:\/\/www.europesays.com\/de\/wp-json\/wp\/v2\/posts\/421657","targetHints":{"allow":["GET"]}}],"collection":[{"href":"https:\/\/www.europesays.com\/de\/wp-json\/wp\/v2\/posts"}],"about":[{"href":"https:\/\/www.europesays.com\/de\/wp-json\/wp\/v2\/types\/post"}],"author":[{"embeddable":true,"href":"https:\/\/www.europesays.com\/de\/wp-json\/wp\/v2\/users\/2"}],"replies":[{"embeddable":true,"href":"https:\/\/www.europesays.com\/de\/wp-json\/wp\/v2\/comments?post=421657"}],"version-history":[{"count":0,"href":"https:\/\/www.europesays.com\/de\/wp-json\/wp\/v2\/posts\/421657\/revisions"}],"wp:featuredmedia":[{"embeddable":true,"href":"https:\/\/www.europesays.com\/de\/wp-json\/wp\/v2\/media\/31752"}],"wp:attachment":[{"href":"https:\/\/www.europesays.com\/de\/wp-json\/wp\/v2\/media?parent=421657"}],"wp:term":[{"taxonomy":"category","embeddable":true,"href":"https:\/\/www.europesays.com\/de\/wp-json\/wp\/v2\/categories?post=421657"},{"taxonomy":"post_tag","embeddable":true,"href":"https:\/\/www.europesays.com\/de\/wp-json\/wp\/v2\/tags?post=421657"}],"curies":[{"name":"wp","href":"https:\/\/api.w.org\/{rel}","templated":true}]}}