{"id":421700,"date":"2025-09-14T09:08:18","date_gmt":"2025-09-14T09:08:18","guid":{"rendered":"https:\/\/www.europesays.com\/de\/421700\/"},"modified":"2025-09-14T09:08:18","modified_gmt":"2025-09-14T09:08:18","slug":"deutsche-priorisieren-essen-und-reisen-tageskarte","status":"publish","type":"post","link":"https:\/\/www.europesays.com\/de\/421700\/","title":{"rendered":"Deutsche priorisieren Essen und Reisen: Tageskarte"},"content":{"rendered":"<p>Eine aktuelle <a href=\"https:\/\/www.stiftungfuerzukunftsfragen.de\/mehr-geld-zur-verfuegung-wofuer-wuerden-wir-es-ausgeben\/\" target=\"_blank\" rel=\"nofollow noopener\">Umfrage der Stiftung f\u00fcr Zukunftsfragen<\/a> offenbart einen Wandel im Konsumverhalten der Bundesb\u00fcrger. Demnach w\u00fcrden die Deutschen zus\u00e4tzliches Geld am liebsten f\u00fcr Essen und Trinken sowie f\u00fcr Reisen und Urlaub ausgeben. Dies geht aus einer Analyse hervor, die die Priorit\u00e4ten der Konsumenten vergleicht.<\/p>\n<p>Mehr Geld f\u00fcr Genuss und Erholung<\/p>\n<p>Wenn die Deutschen mehr Geld zur Verf\u00fcgung h\u00e4tten, w\u00fcrden knapp die H\u00e4lfte (49 %) dies f\u00fcr Essen und Trinken ausgeben. Im Vergleich zu 2010 ist das ein deutlicher Anstieg von 20 Prozentpunkten (2010: 29 %). Ausgaben f\u00fcr Reisen und Urlaub stehen mit 45 Prozent fast gleichauf, ebenfalls eine Steigerung im Vergleich zu den 38 Prozent im Jahr 2010. Auch die Bedeutung von Freizeitaktivit\u00e4ten, Hobbys und Sport hat zugenommen. Hier ist der Anteil innerhalb von 15 Jahren um 13 Prozentpunkte gestiegen.<\/p>\n<p>Eine besonders starke Zunahme verzeichnet der Bereich der finanziellen Absicherung. Die Bereitschaft, Geld hierf\u00fcr auszugeben, hat sich von 9 Prozent im Jahr 2010 auf 31 Prozent mehr als verdreifacht.<\/p>\n<p>Klassische Konsumg\u00fcter verlieren an Bedeutung<\/p>\n<p>Gleichzeitig verlieren klassische Konsumfelder an Attraktivit\u00e4t. Die Umfrage zeigt, dass weniger Menschen zus\u00e4tzliches Geld f\u00fcr Wohnen, Einrichtung und Gartenpflege sowie f\u00fcr Mode und Bekleidung ausgeben w\u00fcrden. Die Bereiche Ausgehen, Kultur, Mobilit\u00e4t und digitale Medien bleiben demnach weitgehend stabil.<\/p>\n<p>Die Stiftung f\u00fcr Zukunftsfragen f\u00fchrt die ver\u00e4nderten Priorit\u00e4ten auf den Wunsch nach Alltagstauglichkeit und Lebensqualit\u00e4t zur\u00fcck. Kulinarischer Genuss stehe f\u00fcr k\u00f6rperliches Wohlbefinden und soziale N\u00e4he. Die gestiegene Bedeutung von Hobbys sei Ausdruck eines Bed\u00fcrfnisses nach Entschleunigung und individueller Entfaltung. Die zunehmende Vorsorgebereitschaft spiegele Unsicherheiten wider, die durch Faktoren wie Inflation und geopolitische Krisen entstanden sind.<\/p>\n<p>Fazit der Studie<\/p>\n<p>Die Stiftung f\u00fcr Zukunftsfragen prognostiziert, dass sich dieser Trend fortsetzen wird. Der private Konsum werde sich st\u00e4rker an pers\u00f6nlichen Werten und Bed\u00fcrfnissen orientieren. Erfahrungen, die emotional bedeutsam und langfristig stabilisierend sind, r\u00fccken in den Fokus. Materielle G\u00fcter treten demnach in den Hintergrund.<\/p>\n","protected":false},"excerpt":{"rendered":"Eine aktuelle Umfrage der Stiftung f\u00fcr Zukunftsfragen offenbart einen Wandel im Konsumverhalten der Bundesb\u00fcrger. Demnach w\u00fcrden die Deutschen&hellip;\n","protected":false},"author":2,"featured_media":421701,"comment_status":"","ping_status":"","sticky":false,"template":"","format":"standard","meta":{"footnotes":""},"categories":[1834],"tags":[3364,29,3688,4974,110662,74921,6763,30,13503,10353,27038,1209,1079,110661,4649,631],"class_list":{"0":"post-421700","1":"post","2":"type-post","3":"status-publish","4":"format-standard","5":"has-post-thumbnail","7":"category-essen","8":"tag-de","9":"tag-deutschland","10":"tag-essen","11":"tag-essen-und-trinken","12":"tag-finanzielle-absicherung","13":"tag-freizeitaktivitaeten","14":"tag-gastronomie","15":"tag-germany","16":"tag-hobbys","17":"tag-hotellerie","18":"tag-konsumverhalten","19":"tag-nordrhein-westfalen","20":"tag-reisen","21":"tag-stiftung-fuer-zukunftsfragen","22":"tag-umfrage","23":"tag-urlaub"},"share_on_mastodon":{"url":"https:\/\/pubeurope.com\/@de\/115201868304460035","error":""},"_links":{"self":[{"href":"https:\/\/www.europesays.com\/de\/wp-json\/wp\/v2\/posts\/421700","targetHints":{"allow":["GET"]}}],"collection":[{"href":"https:\/\/www.europesays.com\/de\/wp-json\/wp\/v2\/posts"}],"about":[{"href":"https:\/\/www.europesays.com\/de\/wp-json\/wp\/v2\/types\/post"}],"author":[{"embeddable":true,"href":"https:\/\/www.europesays.com\/de\/wp-json\/wp\/v2\/users\/2"}],"replies":[{"embeddable":true,"href":"https:\/\/www.europesays.com\/de\/wp-json\/wp\/v2\/comments?post=421700"}],"version-history":[{"count":0,"href":"https:\/\/www.europesays.com\/de\/wp-json\/wp\/v2\/posts\/421700\/revisions"}],"wp:featuredmedia":[{"embeddable":true,"href":"https:\/\/www.europesays.com\/de\/wp-json\/wp\/v2\/media\/421701"}],"wp:attachment":[{"href":"https:\/\/www.europesays.com\/de\/wp-json\/wp\/v2\/media?parent=421700"}],"wp:term":[{"taxonomy":"category","embeddable":true,"href":"https:\/\/www.europesays.com\/de\/wp-json\/wp\/v2\/categories?post=421700"},{"taxonomy":"post_tag","embeddable":true,"href":"https:\/\/www.europesays.com\/de\/wp-json\/wp\/v2\/tags?post=421700"}],"curies":[{"name":"wp","href":"https:\/\/api.w.org\/{rel}","templated":true}]}}