{"id":421718,"date":"2025-09-14T09:17:11","date_gmt":"2025-09-14T09:17:11","guid":{"rendered":"https:\/\/www.europesays.com\/de\/421718\/"},"modified":"2025-09-14T09:17:11","modified_gmt":"2025-09-14T09:17:11","slug":"fdp-fraktionschef-puersuen-bei-kommunalwahl-nicht-auf-der-liste","status":"publish","type":"post","link":"https:\/\/www.europesays.com\/de\/421718\/","title":{"rendered":"FDP-Fraktionschef P\u00fcrs\u00fcn bei Kommunalwahl nicht auf der Liste"},"content":{"rendered":"<p>Kommunalwahl 2026 in Frankfurt <\/p>\n<p>FDP-Fraktionschef P\u00fcrs\u00fcn von Partei abgestraft<\/p>\n<p>14.09.2025 &#8211; 10:02 UhrLesedauer: 1 Min.<\/p>\n<p><a href=\"#focus-0\" class=\"transition-colors duration-200 block text-current relative\" data-sctrack=\"FocusGalleryImage.Reference\"><img fetchpriority=\"high\" data-testid=\"Opener.Image\" style=\"--lqipURL:url('https:\/\/images.t-online.de\/2022\/12\/eXmNoEdHiJiG\/0x105:2048x1152\/fit-in\/150x0\/filters:blur(25)\/yanki-puersuen-mitglied-des-hessischen-landtags.jpg')\"   loading=\"eager\" src=\"https:\/\/www.europesays.com\/de\/wp-content\/uploads\/2025\/09\/yanki-puersuen-mitglied-des-hessischen-landtags.jpg\" alt=\"Yanki P\u00fcrs\u00fcn\" title=\"Yanki P\u00fcrs\u00fcn\" width=\"2048\" height=\"1152\" class=\"bg-[url:var(--lqipURL)] bg-cover bg-center flex h-full w-full max-w-full\" decoding=\"async\"\/><img style=\"--width:32;--height:32\" loading=\"lazy\" src=\"https:\/\/frankfurt.t-online.de\/s\/paper\/_next\/static\/media\/zoom-in.f7dae02f.svg\" alt=\"Vergr\u00f6\u00dfern des Bildes\" title=\"Vergr\u00f6\u00dfern des Bildes\" class=\"block h-[calc(var(--height)_\/_16_*_1rem)] w-[calc(var(--width)_\/_16_*_1rem)] max-w-none absolute bottom-8 right-8 rounded-4 bg-snow p-8\" decoding=\"async\"\/><\/a><\/p>\n<p>FDP-Politiker Yanki P\u00fcrs\u00fcn (Archivbild): Er ist nicht nur Mitglied der Frankfurter Stadtverordnetenversammlung, sondern auch des hessischen Landtags. (Quelle: Sebastian Gollnow\/dpa\/Archivbild\/dpa)<\/p>\n<p class=\"font-bold text-18 leading-17\">Der Fraktionsvorsitzende erh\u00e4lt f\u00fcr die kommende Kommunalwahl keinen Listenplatz. Das d\u00fcrfte mit dem Koalitions-Zerfall in Frankfurt zu tun haben.<\/p>\n<p class=\"text-18 leading-17\">Der Frankfurter FDP-Fraktionsvorsitzende Yanki P\u00fcrs\u00fcn hat bei der Aufstellung der Kandidatenliste f\u00fcr die Kommunalwahl 2026 keinen Listenplatz erhalten. Bei der Mitgliederversammlung der Frankfurter Liberalen bekam er nur 35,7 Prozent der Stimmen f\u00fcr den angestrebten achten Listenplatz, wie die &#8222;FAZ&#8220; berichtet.<\/p>\n<p class=\"text-18 leading-17\">Zur Spitzenkandidatin w\u00e4hlten die Frankfurter FDP-Mitglieder demnach die 36-j\u00e4hrige Wirtschaftsdezernentin Stephanie W\u00fcst mit 85,7 Prozent Zustimmung. Den zweiten Listenplatz erhielt die Stadtverordnete Isabel Schnitzler mit dem besten Ergebnis des Abends von 88,6 Prozent. Auf den Pl\u00e4tzen drei und vier folgen die Stadtverordneten Sebastian Papke und Ingrid H\u00e4u\u00dfler.<\/p>\n<p class=\"text-18 leading-17\">Die Abstrafung P\u00fcrs\u00fcns steht offenbar im Zusammenhang mit Kritik an seiner Amtsf\u00fchrung und der Kommunikation innerhalb der Partei. Mehrere Parteimitglieder bem\u00e4ngelten dem Bericht zufolge w\u00e4hrend der Versammlung die Zusammenarbeit zwischen Magistrat, Fraktion und Partei. <a class=\"transition-colors duration-200 cursor-pointer text-inherit no-underline text-salemsfur md:hover:text-magenta md:hover:border-magenta md:focus:text-magenta border-current border-b border-solid break-words\" href=\"https:\/\/frankfurt.t-online.de\/region\/frankfurt-am-main\/id_100808856\/frankfurt-fdp-verlaesst-koalition-nach-streit-ueber-suchthilfezentrum.html\" data-sctrack=\"BodyAnchor\" target=\"_blank\" rel=\"noopener\">Die FDP hatte kurz vor den Sommerferien<\/a> die Stadtkoalition mit Gr\u00fcnen, SPD und Volt nach der Abstimmung \u00fcber das Crack-Suchthilfezentrum verlassen.<\/p>\n","protected":false},"excerpt":{"rendered":"Kommunalwahl 2026 in Frankfurt FDP-Fraktionschef P\u00fcrs\u00fcn von Partei abgestraft 14.09.2025 &#8211; 10:02 UhrLesedauer: 1 Min. FDP-Politiker Yanki P\u00fcrs\u00fcn&hellip;\n","protected":false},"author":2,"featured_media":421719,"comment_status":"","ping_status":"","sticky":false,"template":"","format":"standard","meta":{"footnotes":""},"categories":[1829],"tags":[722,17161,29,16571,187,2050,2051,30,2052,10917,20157,7031],"class_list":{"0":"post-421718","1":"post","2":"type-post","3":"status-publish","4":"format-standard","5":"has-post-thumbnail","7":"category-frankfurt-am-main","8":"tag-722","9":"tag-17161","10":"tag-deutschland","11":"tag-faz","12":"tag-fdp","13":"tag-frankfurt","14":"tag-frankfurt-am-main","15":"tag-germany","16":"tag-hessen","17":"tag-kommunalwahl","18":"tag-listenplatz","19":"tag-yanki-puersuen"},"share_on_mastodon":{"url":"https:\/\/pubeurope.com\/@de\/115201903788704536","error":""},"_links":{"self":[{"href":"https:\/\/www.europesays.com\/de\/wp-json\/wp\/v2\/posts\/421718","targetHints":{"allow":["GET"]}}],"collection":[{"href":"https:\/\/www.europesays.com\/de\/wp-json\/wp\/v2\/posts"}],"about":[{"href":"https:\/\/www.europesays.com\/de\/wp-json\/wp\/v2\/types\/post"}],"author":[{"embeddable":true,"href":"https:\/\/www.europesays.com\/de\/wp-json\/wp\/v2\/users\/2"}],"replies":[{"embeddable":true,"href":"https:\/\/www.europesays.com\/de\/wp-json\/wp\/v2\/comments?post=421718"}],"version-history":[{"count":0,"href":"https:\/\/www.europesays.com\/de\/wp-json\/wp\/v2\/posts\/421718\/revisions"}],"wp:featuredmedia":[{"embeddable":true,"href":"https:\/\/www.europesays.com\/de\/wp-json\/wp\/v2\/media\/421719"}],"wp:attachment":[{"href":"https:\/\/www.europesays.com\/de\/wp-json\/wp\/v2\/media?parent=421718"}],"wp:term":[{"taxonomy":"category","embeddable":true,"href":"https:\/\/www.europesays.com\/de\/wp-json\/wp\/v2\/categories?post=421718"},{"taxonomy":"post_tag","embeddable":true,"href":"https:\/\/www.europesays.com\/de\/wp-json\/wp\/v2\/tags?post=421718"}],"curies":[{"name":"wp","href":"https:\/\/api.w.org\/{rel}","templated":true}]}}