{"id":421736,"date":"2025-09-14T09:28:12","date_gmt":"2025-09-14T09:28:12","guid":{"rendered":"https:\/\/www.europesays.com\/de\/421736\/"},"modified":"2025-09-14T09:28:12","modified_gmt":"2025-09-14T09:28:12","slug":"bahnverkehr-zwischen-hannover-und-berlin-bis-montag-gestoert","status":"publish","type":"post","link":"https:\/\/www.europesays.com\/de\/421736\/","title":{"rendered":"Bahnverkehr zwischen Hannover und Berlin bis Montag gest\u00f6rt"},"content":{"rendered":"<p class=\"tracking-tight font-semibold text-base\" q:key=\"O8_0\">Vandalismus und ein Autounfall sorgen f\u00fcr erhebliche St\u00f6rungen im Bahnverkehr zwischen Hannover und Berlin. Diese sollen noch bis Montag anhalten.<\/p>\n<p><img onload=\"this.style.backgroundColor = ''\" loading=\"eager\" fetchpriority=\"high\" decoding=\"sync\" height=\"450\" alt=\"Schild Schienen-Ersatzverkehr\" width=\"900\"  style=\"aspect-ratio:2;object-fit:cover;background-color:#C9BCC1\"  src=\"https:\/\/www.europesays.com\/de\/wp-content\/uploads\/2025\/09\/schild-schienen-ersatzverkehr.jpg\" class=\"rounded-xl mx-auto\" on:load=\"q-0osAhRae.js#s_pVFDuJsFGxQ\"\/>Auf der Bahnstrecke zwischen Hannover und Berlin wird es teilweise zu Schienenersatzverkehr kommen. (Symbolbild) &#8211; keystone<\/p>\n<p preventdefault:click=\"\" lang=\"de\" class=\"text-base hyphens-auto\" on:click=\"q-CRooGhw4.js#s_Dola2XqN0FU[0 1]\" q:key=\"YR_0\" q:id=\"8u\">Nach dem Brand eines Sicherungskastens in der N\u00e4he von Hannover kommt es auf der Bahnstrecke nach Berlin <a href=\"https:\/\/www.nau.ch\/news\/wirtschaft\/deutsche-bahn-macht-im-ersten-halbjahr-760-millionen-euro-verlust-67024909\" target=\"_blank\" rel=\"noopener\">weiter zu Versp\u00e4tungen<\/a>. Die <a href=\"https:\/\/www.nau.ch\/news\/bahn\" target=\"_blank\" rel=\"noopener\">Bahn<\/a> sprach von \u00abVandalismussch\u00e4den an der Strecke\u00bb. <\/p>\n<p preventdefault:click=\"\" lang=\"de\" class=\"text-base hyphens-auto\" on:click=\"q-CRooGhw4.js#s_Dola2XqN0FU[0 1]\" q:key=\"YR_0\" q:id=\"8w\">Der Bahnverkehr sei voraussichtlich bis Montag beeintr\u00e4chtigt. Z\u00fcge von Hannover Richtung Berlin mussten umgeleitet werden und versp\u00e4teten sich um rund 25 Minuten. <\/p>\n<p>Versp\u00e4tungen bisher nur gering<\/p>\n<p preventdefault:click=\"\" lang=\"de\" class=\"text-base hyphens-auto\" on:click=\"q-CRooGhw4.js#s_Dola2XqN0FU[0 1]\" q:key=\"YR_0\" q:id=\"8y\">Von Berlin Richtung Hannover fielen die <a href=\"https:\/\/www.nau.ch\/news\/schweiz\/sbb-durchsage-viel-gluck-mit-der-deutschen-bahn-67026698\" target=\"_blank\" rel=\"noopener\">Versp\u00e4tungen nur gering<\/a> aus, in beiden Richtungen fielen aber einzelne Z\u00fcge aus. Intercity-Z\u00fcge zwischen Hannover und Magdeburg werden laut <a href=\"https:\/\/www.nau.ch\/news\/bahn\" target=\"_blank\" rel=\"noopener\">Bahn<\/a> teilweise umgeleitet und versp\u00e4ten sich ebenfalls um etwa 25 Minuten.<\/p>\n<p preventdefault:click=\"\" lang=\"de\" class=\"text-base hyphens-auto\" on:click=\"q-CRooGhw4.js#s_Dola2XqN0FU[0 1]\" q:key=\"YR_0\" q:id=\"90\">Nach dem Brand am sp\u00e4ten Freitagabend gab es bereits am Samstag Versp\u00e4tungen und Zugausf\u00e4lle auf der Strecke. Die Ursache ist noch unbekannt. Ein Sprecher der <a href=\"https:\/\/www.nau.ch\/politik\/bundespolizei\" target=\"_blank\" rel=\"noopener\">Bundespolizei<\/a> sagte dem Norddeutschen Rundfunk, dass Ermittlungen eingeleitet worden seien.<\/p>\n<p>Ermittlungsarbeiten laufen<\/p>\n<p preventdefault:click=\"\" lang=\"de\" class=\"text-base hyphens-auto\" on:click=\"q-CRooGhw4.js#s_Dola2XqN0FU[0 1]\" q:key=\"YR_0\" q:id=\"92\">Die <a href=\"https:\/\/www.nau.ch\/news\/bahn\" target=\"_blank\" rel=\"noopener\">Bahn<\/a> arbeitete am Sonntag \u00abunter Hochdruck an der St\u00f6rungsbeseitigung\u00bb. Zus\u00e4tzlich verursachte ein Autounfall in Hannover St\u00f6rungen im Bahnverkehr. <\/p>\n<p preventdefault:click=\"\" lang=\"de\" class=\"text-base hyphens-auto\" on:click=\"q-CRooGhw4.js#s_Dola2XqN0FU[0 1]\" q:key=\"YR_0\" q:id=\"94\">Nach Angaben der <a href=\"https:\/\/www.nau.ch\/news\/feuerwehr\" target=\"_blank\" rel=\"noopener\">Feuerwehr<\/a> in Niedersachsens Landeshauptstadt \u00fcberschlug sich am Samstagabend ein Wagen auf einer Br\u00fccke \u00fcber die Gleise und rammte einen Betonpoller. <\/p>\n<p preventdefault:click=\"\" lang=\"de\" class=\"text-base hyphens-auto\" on:click=\"q-CRooGhw4.js#s_Dola2XqN0FU[0 1]\" q:key=\"YR_0\" q:id=\"96\">Dieser wurde auf die Bahnanlage <a href=\"https:\/\/www.nau.ch\/news\/europa\/deutsche-bahn-reservierung-fur-familien-wird-deutlich-teurer-67002367\" target=\"_blank\" rel=\"noopener\">geschleudert und besch\u00e4digte<\/a> eine Oberleitung. Ein vollbesetzter Zug, der gerade durchfuhr, sei besch\u00e4digt worden und stehengeblieben. <\/p>\n<p preventdefault:click=\"\" lang=\"de\" class=\"text-base hyphens-auto\" on:click=\"q-CRooGhw4.js#s_Dola2XqN0FU[0 1]\" q:key=\"YR_0\" q:id=\"98\">Ein dahinter fahrender Zug habe ebenfalls stoppen m\u00fcssen. Die Z\u00fcge mussten evakuiert werden. Der Autofahrer blieb unverletzt, wurde aber zur Sicherheit in ein Spital gebracht.<\/p>\n","protected":false},"excerpt":{"rendered":"Vandalismus und ein Autounfall sorgen f\u00fcr erhebliche St\u00f6rungen im Bahnverkehr zwischen Hannover und Berlin. Diese sollen noch bis&hellip;\n","protected":false},"author":2,"featured_media":421737,"comment_status":"","ping_status":"","sticky":false,"template":"","format":"standard","meta":{"footnotes":""},"categories":[1825],"tags":[4067,110702,2227,296,29,30,50474,9026],"class_list":{"0":"post-421736","1":"post","2":"type-post","3":"status-publish","4":"format-standard","5":"has-post-thumbnail","7":"category-berlin","8":"tag-ermittlungen","9":"tag-autounfall-hannover","10":"tag-bahnverkehr","11":"tag-berlin","12":"tag-deutschland","13":"tag-germany","14":"tag-stoerungen","15":"tag-vandalismus"},"share_on_mastodon":{"url":"https:\/\/pubeurope.com\/@de\/115201947439479440","error":""},"_links":{"self":[{"href":"https:\/\/www.europesays.com\/de\/wp-json\/wp\/v2\/posts\/421736","targetHints":{"allow":["GET"]}}],"collection":[{"href":"https:\/\/www.europesays.com\/de\/wp-json\/wp\/v2\/posts"}],"about":[{"href":"https:\/\/www.europesays.com\/de\/wp-json\/wp\/v2\/types\/post"}],"author":[{"embeddable":true,"href":"https:\/\/www.europesays.com\/de\/wp-json\/wp\/v2\/users\/2"}],"replies":[{"embeddable":true,"href":"https:\/\/www.europesays.com\/de\/wp-json\/wp\/v2\/comments?post=421736"}],"version-history":[{"count":0,"href":"https:\/\/www.europesays.com\/de\/wp-json\/wp\/v2\/posts\/421736\/revisions"}],"wp:featuredmedia":[{"embeddable":true,"href":"https:\/\/www.europesays.com\/de\/wp-json\/wp\/v2\/media\/421737"}],"wp:attachment":[{"href":"https:\/\/www.europesays.com\/de\/wp-json\/wp\/v2\/media?parent=421736"}],"wp:term":[{"taxonomy":"category","embeddable":true,"href":"https:\/\/www.europesays.com\/de\/wp-json\/wp\/v2\/categories?post=421736"},{"taxonomy":"post_tag","embeddable":true,"href":"https:\/\/www.europesays.com\/de\/wp-json\/wp\/v2\/tags?post=421736"}],"curies":[{"name":"wp","href":"https:\/\/api.w.org\/{rel}","templated":true}]}}