{"id":421755,"date":"2025-09-14T09:38:12","date_gmt":"2025-09-14T09:38:12","guid":{"rendered":"https:\/\/www.europesays.com\/de\/421755\/"},"modified":"2025-09-14T09:38:12","modified_gmt":"2025-09-14T09:38:12","slug":"leichtathletik-wm-schrecklich-ingebrigtsen-scheitert-und-greift-wieder-an","status":"publish","type":"post","link":"https:\/\/www.europesays.com\/de\/421755\/","title":{"rendered":"Leichtathletik-WM: &#8222;Schrecklich&#8220; &#8211; Ingebrigtsen scheitert und greift wieder an"},"content":{"rendered":"<p class=\"metatextline\">Stand: 14.09.2025 10:34 Uhr<\/p>\n<p class=\"textabsatz columns twelve  m-ten  m-offset-one l-eight l-offset-two\">\n        <strong>F\u00fcr Laufstar Jakob Ingebrigtsen war es ein Schock: W\u00e4hrend Robert Farken (Leipzig) bei der Leichtathletik-WM in Tokio \u00fcber 1500 Meter souver\u00e4n ins Halbfinale eingezogen ist, platzte der Traum des Norwegers vom WM-Gold \u00fcber diese Strecke bereits in den Vorl\u00e4ufen. <\/strong>\n    <\/p>\n<p class=\"textabsatz m-ten m-offset-one l-eight l-offset-two columns twelve\">Ingebrigtsen hat allerdings eine gute Entschuldigung: Der Olympiasieger von Tokio vor vier Jahren auf dieser Strecke wurde in dieser Saison von einer Achillessehnenverletzung geplagt und hatte 2025 noch kein Freiluftrennen bestritten.<\/p>\n<p class=\"textabsatz m-ten m-offset-one l-eight l-offset-two columns twelve\">Dass er mit f\u00fcr ihn schwachen 3:37,84 Minuten in seinem Vorlauf nur Achter wurde und damit bereits krachend in der ersten Runde scheiterte, war dennoch ein Paukenschlag &#8211; so sah er das auch selbst: &#8222;Alles ist eine Pr\u00fcfung. Ich habe versucht, mein Bestes zu geben, um ins Halbfinale zu kommen. Aber es war schrecklich.&#8220;<\/p>\n<p>    &#8222;Ich werde mich erholen und gute Tage haben&#8220;<\/p>\n<p class=\"textabsatz m-ten m-offset-one l-eight l-offset-two columns twelve\">Dennoch peilt Ingebrigtsen in Japan weiter seinen Gold-Hattrick \u00fcber 5000 Meter an. &#8222;Ich werde mich erholen und ein paar gute Tage haben, bis ich wieder antrete und es erneut versuche&#8220;, sagte der 24-J\u00e4hrige mit Blick auf die Vorl\u00e4ufe \u00fcber diese Strecke am Freitag (19.09.2025 ab 13 Uhr\/live im Ersten und im Live-Ticker bei sportschau.de).<\/p>\n<ul class=\"buttongroup buttongroup--copytext\">\n<li class=\"buttongroup__item\">\n<p>    <a class=\"btn btn--text btn--standard-secondary btn--fullwidth\" href=\"https:\/\/www.sportschau.de\/live-und-ergebnisse\/leichtathletik\/world-athletics-wm\/se99395\/ro0\/alle-ergebnisse\" target=\"_blank\" rel=\"noopener\"><br \/>\n        Ergebnisse 1500 Meter M\u00e4nner<br \/>\n        Pfeil rechts<\/p>\n<p>    <\/a>\n<\/li>\n<\/ul>\n<p>    Viel Wirbel um den Vater<\/p>\n<p class=\"textabsatz m-ten m-offset-one l-eight l-offset-two columns twelve\">Auch die schwierige famili\u00e4re Situation und der Wirbel um die Verhandlung im Sommer d\u00fcrfte an Ingebrigtsen nicht spurlos vorbeigegangen sein. Gemeinsam mit einigen seiner Geschwister war er gegen den eigenen Vater wegen Gewaltt\u00e4tigkeiten vor Gericht gezogen. Am Ende erhielt der siebenfache Familienvater Gjert Ingebrigtsen 15 Tage Gef\u00e4ngnis auf Bew\u00e4hrung und musste eine Entsch\u00e4digung in H\u00f6he von umgerechnet rund 870 Euro zahlen. Von anderen Anschuldigungen wie der Gewalt gegen Jakob Ingebrigtsen wurde er im Sommer freigesprochen.<\/p>\n<p class=\"textabsatz m-ten m-offset-one l-eight l-offset-two columns twelve\">Jakob Ingebrigtsen z\u00e4hlt zu den bekanntesten Sportlern Skandinaviens. Entsprechend gro\u00df war das Aufsehen um seinen Vater, der ihn und weitere seiner laufenden Kinder bis zum famili\u00e4ren Bruch lange Zeit trainiert hatte. Gjert Ingebrigtsen hat die Vorw\u00fcrfe, sowohl physisch als auch psychisch gewaltt\u00e4tig geworden zu sein, stets zur\u00fcckgewiesen.\u00a0<\/p>\n","protected":false},"excerpt":{"rendered":"Stand: 14.09.2025 10:34 Uhr F\u00fcr Laufstar Jakob Ingebrigtsen war es ein Schock: W\u00e4hrend Robert Farken (Leipzig) bei der&hellip;\n","protected":false},"author":2,"featured_media":421756,"comment_status":"","ping_status":"","sticky":false,"template":"","format":"standard","meta":{"footnotes":""},"categories":[136],"tags":[29,30,7591,87021,265],"class_list":{"0":"post-421755","1":"post","2":"type-post","3":"status-publish","4":"format-standard","5":"has-post-thumbnail","7":"category-sport","8":"tag-deutschland","9":"tag-germany","10":"tag-leichtathletik","11":"tag-leichtathletik-wm","12":"tag-sport"},"share_on_mastodon":{"url":"https:\/\/pubeurope.com\/@de\/115201986677679497","error":""},"_links":{"self":[{"href":"https:\/\/www.europesays.com\/de\/wp-json\/wp\/v2\/posts\/421755","targetHints":{"allow":["GET"]}}],"collection":[{"href":"https:\/\/www.europesays.com\/de\/wp-json\/wp\/v2\/posts"}],"about":[{"href":"https:\/\/www.europesays.com\/de\/wp-json\/wp\/v2\/types\/post"}],"author":[{"embeddable":true,"href":"https:\/\/www.europesays.com\/de\/wp-json\/wp\/v2\/users\/2"}],"replies":[{"embeddable":true,"href":"https:\/\/www.europesays.com\/de\/wp-json\/wp\/v2\/comments?post=421755"}],"version-history":[{"count":0,"href":"https:\/\/www.europesays.com\/de\/wp-json\/wp\/v2\/posts\/421755\/revisions"}],"wp:featuredmedia":[{"embeddable":true,"href":"https:\/\/www.europesays.com\/de\/wp-json\/wp\/v2\/media\/421756"}],"wp:attachment":[{"href":"https:\/\/www.europesays.com\/de\/wp-json\/wp\/v2\/media?parent=421755"}],"wp:term":[{"taxonomy":"category","embeddable":true,"href":"https:\/\/www.europesays.com\/de\/wp-json\/wp\/v2\/categories?post=421755"},{"taxonomy":"post_tag","embeddable":true,"href":"https:\/\/www.europesays.com\/de\/wp-json\/wp\/v2\/tags?post=421755"}],"curies":[{"name":"wp","href":"https:\/\/api.w.org\/{rel}","templated":true}]}}