{"id":421873,"date":"2025-09-14T10:45:14","date_gmt":"2025-09-14T10:45:14","guid":{"rendered":"https:\/\/www.europesays.com\/de\/421873\/"},"modified":"2025-09-14T10:45:14","modified_gmt":"2025-09-14T10:45:14","slug":"hsv-fans-feiern-trotz-05-beim-fc-bayern-notfaelle-in-muenchen","status":"publish","type":"post","link":"https:\/\/www.europesays.com\/de\/421873\/","title":{"rendered":"HSV-Fans feiern trotz 0:5 beim FC Bayern \u2013 Notf\u00e4lle in M\u00fcnchen"},"content":{"rendered":"<p class=\"\">\n                    Immerhin in einer Kategorie sah Merlin Polzin seine Farben am Samstagabend vorne. \u201eDas Duell auf den R\u00e4ngen haben unsere Fans auf jeden Fall gewonnen\u201c, befand der HSV-Trainer,\u00a0nachdem sein Team mit 0:5 beim FC Bayern untergegangen war.\u00a0Aber Hamburgs Fans, sie feierten in der Allianz Arena dennoch, sie sangen und konterten \u2013 denn von den M\u00fcnchner Ultras gab es schon nach 15 Minuten eine Portion Spott.\n            <\/p>\n<p class=\"\">\n                    \u201eZwei-te Bun-des-li-ga. Zwei-te Bun-des-li-ga. Zwei-te Bun-des-li-ga \u2013 HSV!\u201c Dieser Gesang ert\u00f6nte von der S\u00fcdtrib\u00fcne der Allianz Arena, als es durch die Tore von Serge Gnabry (3.) und Aleksandar Pavlovi\u0107 (9.) bereits 2:0 f\u00fcr die Gastgeber stand. Die Bayern-Ultras nahmen den Blitzstart ihrer Mannschaft zum Anlass, den Gegner zu verh\u00f6hnen. Woraufhin die mitgereisten HSV-Fans\u00a0\u2013\u00a0es d\u00fcrften deutlich mehr als 8000 gewesen sein\u00a0\u2013 mit \u201eSchei\u00df FC Bayern\u201c-Rufen antworteten. Es entwickelte sich ein verbaler Schlagabtausch zwischen den Trib\u00fcnenseiten.\n            <\/p>\n<p>            \u201eSchei\u00df DFB\u201c: Beide Fanszenen sind Gegner des VAR<\/p>\n<p class=\"\">\n                    Als aufseiten der G\u00e4ste \u201eSteht auf f\u00fcr den HSV\u201c angestimmt wurde, erhoben sich auch einige schwarz-wei\u00df-blaue Fans auf den Haupttrib\u00fcnen. Die Heimanh\u00e4nger reagierten ihrerseits mit \u201eSchei\u00df HSV\u201c, ehe aus der G\u00e4stekurve der Klassiker zu h\u00f6ren war: \u201eHSV! HSV! HSV!\u201c Das Kr\u00e4ftemessen der beiden gro\u00dfen Fanszenen,\u00a0die sich ablehnend gegen\u00fcberstehen, dauerte ein paar Minuten. Dann waren sich beide Seiten einig: Als der VAR das Handspiel von Aboubaka Soumahoro \u00fcberpr\u00fcfte und Schiedsrichter Tobias Stieler sogar an den Videobildschirm am Spielfeldrand schritt, sangen HSV- und Bayern-Fans im Chor: \u201eSchei\u00df DFB!\u201c Sie alle verurteilen die Technologie, pfiffen deshalb.\n            <\/p>\n<p class=\"\">\n                    Harry Kane war das relativ egal: Der Engl\u00e4nder nutzte den Strafsto\u00df, um die Bayern mit 3:0 in F\u00fchrung zu bringen \u2013 weshalb wieder der Heimanhang aufsprang und lachte. Dennoch: Die, die es mit dem HSV halten, genossen die erste M\u00fcnchen-Reise nach siebeneinhalb Jahren in vollen Z\u00fcgen. Dem (Zwischen-)Ergebnis zum Trotz. Kurz nach der Pause war aus dem G\u00e4steblock zu h\u00f6ren: \u201eOh, oh, gemeinsam gegen alle. (\u2026) Der HSV spielt wieder Bun-des-li-ga.\u201c In etwa ab der 54. Minute wurde es aber pl\u00f6tzlich still in der Arena. Und das blieb zw\u00f6lf lange Minuten so.\n            <\/p>\n<p>            Medizinische Notf\u00e4lle beim HSV-Spiel in M\u00fcnchen<\/p>\n<p class=\"\">\n                    Zun\u00e4chst war von einem medizinischen Notfall auf der Trib\u00fcne die Rede. Nach dem 5:0 durch Kane samt Torjubel (62.) pr\u00e4zisierte Stadionsprecher Stephan Lehmann aber: \u201eFalls Sie sich wundern, dass der Support in der S\u00fcdkurve eingestellt wurde: Wir haben zwei medizinische Notf\u00e4lle.\u201c Er dankte den Hamburger Fans \u201ef\u00fcr diese Situation\u201c, denn auch sie hatten ihren Support aus Respekt f\u00fcr die Personen, die behandelt wurden, zwischenzeitlich unterbrochen. \u201eWir hoffen, dass bald Besserung eintritt\u201c, sagte Lehmann, ehe es ab der 66. Minute \u00fcberall wieder lauter wurde.\n            <\/p>\n<p class=\"\">\n                    Die HSVer feierten in der Schlussphase zum Takt von \u201eSuper Hamburg ol\u00e9\u201c, die M\u00fcnchner sangen kurz vorm Ende: \u201eOh FCB, schei\u00df HSV.\u201c Die G\u00e4stefans lie\u00dfen diesen Gesang unbeantwortet. Ihnen war wichtiger: Als die Hamburger Profis nach dem Abpfiff frustriert vor die Kurve trotteten, hallten ihnen erneut aufbauende \u201eHSV, HSV, HSV\u201c-Schlachtrufe entgegen. Trainer Polzin ermutigte seine Spieler, ein paar weitere Schritte auf die Eckfahne zuzugehen, um dem eigenen Anhang, der sich zu Tausenden im Stadion-Oberrang versammelt hatte, noch etwas n\u00e4her zu sein. Den Abschluss bildete, passend zum Ort dieses Ausw\u00e4rtsspiels: \u201eVon der Elbe, bis zur Isar, immer wieder HSV.\u201c\n            <\/p>\n<p class=\"\">\n                    Der Artikel erschien zuerst auf mopo.de.\n            <\/p>\n","protected":false},"excerpt":{"rendered":"Immerhin in einer Kategorie sah Merlin Polzin seine Farben am Samstagabend vorne. \u201eDas Duell auf den R\u00e4ngen haben&hellip;\n","protected":false},"author":2,"featured_media":421874,"comment_status":"","ping_status":"","sticky":false,"template":"","format":"standard","meta":{"footnotes":""},"categories":[1827],"tags":[12143,772,29,458,347,30,692,29738,11709,1268,17141,26998,28130,36155,100998],"class_list":{"0":"post-421873","1":"post","2":"type-post","3":"status-publish","4":"format-standard","5":"has-post-thumbnail","7":"category-muenchen","8":"tag-allianz","9":"tag-bayern","10":"tag-deutschland","11":"tag-fc-bayern-muenchen","12":"tag-fussball","13":"tag-germany","14":"tag-hamburg","15":"tag-hamburger-sportverein-hsv","16":"tag-harry-kane","17":"tag-muenchen","18":"tag-serge-gnabry","19":"tag-sportergebnis","20":"tag-sportfan","21":"tag-stephan-lehmann","22":"tag-tobias-stieler"},"share_on_mastodon":{"url":"https:\/\/pubeurope.com\/@de\/115202249507649579","error":""},"_links":{"self":[{"href":"https:\/\/www.europesays.com\/de\/wp-json\/wp\/v2\/posts\/421873","targetHints":{"allow":["GET"]}}],"collection":[{"href":"https:\/\/www.europesays.com\/de\/wp-json\/wp\/v2\/posts"}],"about":[{"href":"https:\/\/www.europesays.com\/de\/wp-json\/wp\/v2\/types\/post"}],"author":[{"embeddable":true,"href":"https:\/\/www.europesays.com\/de\/wp-json\/wp\/v2\/users\/2"}],"replies":[{"embeddable":true,"href":"https:\/\/www.europesays.com\/de\/wp-json\/wp\/v2\/comments?post=421873"}],"version-history":[{"count":0,"href":"https:\/\/www.europesays.com\/de\/wp-json\/wp\/v2\/posts\/421873\/revisions"}],"wp:featuredmedia":[{"embeddable":true,"href":"https:\/\/www.europesays.com\/de\/wp-json\/wp\/v2\/media\/421874"}],"wp:attachment":[{"href":"https:\/\/www.europesays.com\/de\/wp-json\/wp\/v2\/media?parent=421873"}],"wp:term":[{"taxonomy":"category","embeddable":true,"href":"https:\/\/www.europesays.com\/de\/wp-json\/wp\/v2\/categories?post=421873"},{"taxonomy":"post_tag","embeddable":true,"href":"https:\/\/www.europesays.com\/de\/wp-json\/wp\/v2\/tags?post=421873"}],"curies":[{"name":"wp","href":"https:\/\/api.w.org\/{rel}","templated":true}]}}