{"id":421894,"date":"2025-09-14T10:56:12","date_gmt":"2025-09-14T10:56:12","guid":{"rendered":"https:\/\/www.europesays.com\/de\/421894\/"},"modified":"2025-09-14T10:56:12","modified_gmt":"2025-09-14T10:56:12","slug":"huerth-so-sollen-aus-i-doetzchen-begeisterte-buecherwuermer-werden","status":"publish","type":"post","link":"https:\/\/www.europesays.com\/de\/421894\/","title":{"rendered":"H\u00fcrth: So sollen aus i-D\u00f6tzchen begeisterte B\u00fccherw\u00fcrmer werden"},"content":{"rendered":"<p class=\"dm-paragraph my-8 dm-article-content-width\" index=\"0\" should-collapse-on-mobile=\"true\" has-padding=\"\" data-v-586984a4=\"\">\u00dcber prall gef\u00fcllte Lesetaschen d\u00fcrfen sich auch in diesem Jahr die i-D\u00f6tzchen an den <a target=\"_blank\" href=\"https:\/\/www.ksta.de\/region\/rhein-erft\/huerth\/huerth-stadt-setzt-weiter-auf-kleine-klassen-an-den-grundschulen-942064\" rel=\"noopener\">elf H\u00fcrther Grundschulen<\/a> freuen. Die Lesefreunde starteten jetzt an der Geschwister-Scholl-Schule <a target=\"_blank\" href=\"https:\/\/www.ksta.de\/region\/rhein-erft\/huerth\/huerth-schulweg-fuer-kinder-in-efferen-soll-sicherer-werden-824510\" rel=\"noopener\">in Efferen<\/a> mit der Verteilaktion. Insgesamt haben in H\u00fcrth 670 M\u00e4dchen und Jungen in diesem Jahr ihre Schulkarriere begonnen, 79 davon an der Geschwister-Scholl-Schule.<\/p>\n<p class=\"dm-paragraph my-8 dm-article-content-width\" index=\"1\" should-collapse-on-mobile=\"true\" has-padding=\"\" data-v-586984a4=\"\">\u201eWas m\u00f6gt Ihr denn gerne essen?\u201c, wollte die Vorsitzende Ulla Buse von den Erstkl\u00e4sslern wissen. Die Antworten reichten von S\u00fc\u00dfigkeiten \u00fcber Eis und Nudeln bis hin zu Gummib\u00e4rchen. Buse fragte nicht ohne Grund, denn in der diesj\u00e4hrigen Lesetasche befindet sich ein Buch rund ums Essen.<\/p>\n<p class=\"dm-paragraph my-8 dm-article-content-width\" index=\"3\" should-collapse-on-mobile=\"true\" has-padding=\"\" data-v-586984a4=\"\">\u201eMag ich! Gar nicht\u201c, ein \u201eReim- und Magenbilderbuch\u201c von Werner Holzwarth und Theresa Strozyk, erz\u00e4hlt von den Lieblingsgerichten einiger Kinder und ihres Dackels. In dem Stoffbeutel befindet sich au\u00dferdem ein Radiergummi, ein Anspitzer, ein Bleistift, <a target=\"_blank\" href=\"https:\/\/www.ksta.de\/region\/rhein-erft\/huerth\/huerth-vor-40-jahren-zog-die-stadtbuecherei-ins-buergerhaus-892893\" rel=\"noopener\">ein Leseausweis der Stadtb\u00fccherei<\/a> und ein Flyer ihres F\u00f6rdervereins, der Lesefreunde H\u00fcrth.<\/p>\n<p class=\"dm-paragraph my-8 dm-article-content-width\" index=\"4\" should-collapse-on-mobile=\"true\" has-padding=\"\" data-v-586984a4=\"\">Aus dem witzigen Bilderbuch, in dem sich zehn Kindern abwechselnd ihren Lieblingsgerichten widmen und dem, was sie gar nicht essen w\u00fcrden, lasen die gro\u00dfen Besucher den Kindern abwechselnd vor: B\u00fcrgermeister Dirk Breuer, B\u00fcchereileiterin Barbara Hoevels, Schulleiterin Martina Wienke, Stephan Tiefenthal, Regionaldirektor der Kreissparkasse K\u00f6ln, Michaela Hammermann von der GVG, Brigitta Frucht von der B\u00fcrgerstiftung, der Pr\u00e4sident des Lions-Clubs Manfred Weigand und Vorstandsmitglieder <a target=\"_blank\" href=\"https:\/\/www.ksta.de\/region\/rhein-erft\/huerth\/huerth-ehrenamtliche-vermitteln-kindern-die-freude-am-lesen-808565\" rel=\"noopener\">der Lesefreunde<\/a>.<\/p>\n<p><a href=\"https:\/\/www.ksta.de\/region\/rhein-erft\/huerth\/huerth-neue-diskussion-ueber-einen-kunstrasen-fuer-den-sv-kendenich-1105620\" class=\"dm-imagefeat__imagecontainer dm-imagefeat relative\" aria-label=\"\" tabindex=\"-1\" data-v-d81621e6=\"\" target=\"_blank\" rel=\"noopener\"><img decoding=\"async\" width=\"4000\" height=\"3012\" alt=\"Das Foto zeigt ein Schild \u201eSportanlage gesperrt. Betreten verboten\u201c am Tor zum Tennenplatz an der Buschstra\u00dfe.\" loading=\"lazy\" onerror=\"this.setAttribute('data-error', 1)\" class=\"dm-imagefeat__image w-full aspect-square sm:aspect-auto aspect-video\" style=\"aspect-ratio:1;\" data-nuxt-pic=\"\" src=\"https:\/\/www.europesays.com\/de\/wp-content\/uploads\/2025\/09\/94bf43db-c0af-42e4-b1d6-87ee0525e4e2.jpeg\"  \/><\/a><\/p>\n<p class=\"dm-paragraph my-8 dm-article-content-width\" index=\"6\" should-collapse-on-mobile=\"true\" has-padding=\"\" data-v-586984a4=\"\">Sie begleiteten ihren Vortrag mit der entsprechenden Mimik und Gestik und sorgten damit f\u00fcr Begeisterung bei den Kindern.\u00a0Die Erstleseaktion der Lesefreunde wird durch Spenden und Sponsoren finanziert. Der Stoffbeutel bietet sich f\u00fcr k\u00fcnftige B\u00fcchereibesuche an. Viele Sch\u00fclerinnen und Sch\u00fcler kennen die B\u00fccherei schon \u2013 sehr zur Freude von Leiterin Hoevels.<\/p>\n","protected":false},"excerpt":{"rendered":"\u00dcber prall gef\u00fcllte Lesetaschen d\u00fcrfen sich auch in diesem Jahr die i-D\u00f6tzchen an den elf H\u00fcrther Grundschulen freuen.&hellip;\n","protected":false},"author":2,"featured_media":421895,"comment_status":"","ping_status":"","sticky":false,"template":"","format":"standard","meta":{"footnotes":""},"categories":[1774],"tags":[1784,1785,29,214,30,215],"class_list":{"0":"post-421894","1":"post","2":"type-post","3":"status-publish","4":"format-standard","5":"has-post-thumbnail","7":"category-buecher","8":"tag-books","9":"tag-buecher","10":"tag-deutschland","11":"tag-entertainment","12":"tag-germany","13":"tag-unterhaltung"},"share_on_mastodon":{"url":"https:\/\/pubeurope.com\/@de\/115202292916744361","error":""},"_links":{"self":[{"href":"https:\/\/www.europesays.com\/de\/wp-json\/wp\/v2\/posts\/421894","targetHints":{"allow":["GET"]}}],"collection":[{"href":"https:\/\/www.europesays.com\/de\/wp-json\/wp\/v2\/posts"}],"about":[{"href":"https:\/\/www.europesays.com\/de\/wp-json\/wp\/v2\/types\/post"}],"author":[{"embeddable":true,"href":"https:\/\/www.europesays.com\/de\/wp-json\/wp\/v2\/users\/2"}],"replies":[{"embeddable":true,"href":"https:\/\/www.europesays.com\/de\/wp-json\/wp\/v2\/comments?post=421894"}],"version-history":[{"count":0,"href":"https:\/\/www.europesays.com\/de\/wp-json\/wp\/v2\/posts\/421894\/revisions"}],"wp:featuredmedia":[{"embeddable":true,"href":"https:\/\/www.europesays.com\/de\/wp-json\/wp\/v2\/media\/421895"}],"wp:attachment":[{"href":"https:\/\/www.europesays.com\/de\/wp-json\/wp\/v2\/media?parent=421894"}],"wp:term":[{"taxonomy":"category","embeddable":true,"href":"https:\/\/www.europesays.com\/de\/wp-json\/wp\/v2\/categories?post=421894"},{"taxonomy":"post_tag","embeddable":true,"href":"https:\/\/www.europesays.com\/de\/wp-json\/wp\/v2\/tags?post=421894"}],"curies":[{"name":"wp","href":"https:\/\/api.w.org\/{rel}","templated":true}]}}