{"id":421913,"date":"2025-09-14T11:06:14","date_gmt":"2025-09-14T11:06:14","guid":{"rendered":"https:\/\/www.europesays.com\/de\/421913\/"},"modified":"2025-09-14T11:06:14","modified_gmt":"2025-09-14T11:06:14","slug":"elmar-thevessen-frueherer-us-botschafter-fordert-visaentzug-fuer-zdf-journalist-thevessen","status":"publish","type":"post","link":"https:\/\/www.europesays.com\/de\/421913\/","title":{"rendered":"Elmar Theve\u00dfen: Fr\u00fcherer US-Botschafter fordert Visaentzug f\u00fcr ZDF-Journalist Theve\u00dfen"},"content":{"rendered":"<p class=\"paragraph article__item\">Der ehemalige US-Botschafter in Deutschland, Richard Grenell, hat gefordert, dem Washingtoner ZDF-B\u00fcroleiter Elmar Theve\u00dfen sein Visum f\u00fcr<br \/>\ndie <a class=\"rtr-entity\" href=\"https:\/\/www.zeit.de\/thema\/usa\" rel=\"nofollow noopener\" target=\"_blank\">USA<\/a> zu entziehen. Grenell bezeichnete Theve\u00dfen <a href=\"https:\/\/x.com\/RichardGrenell\/status\/1966909284320768279\" class=\"\" target=\"_blank\" rel=\"nofollow\">auf X als &#8222;linksradikal&#8220;<\/a> und<br \/>\nbehauptete, der Journalist rufe zu Gewalt gegen Menschen auf, mit denen er<br \/>\npolitisch nicht \u00fcbereinstimme. &#8222;F\u00fcr solche Aufwiegler ist in Amerika kein Platz.&#8220;<br \/>\nEr gebe sich als Journalist aus, schrieb Grenell weiter.\n<\/p>\n<p class=\"paragraph article__item\">Grenell, der als Trump-Vertrauter gilt, ver\u00f6ffentlichte unter seinem Beitrag ein Posting mit einem Mitschnitt aus der Sendung auslandsjournal \u2013 der Podcast. Darin sagt Theve\u00dfen unter\u00a0Bezugnahme auf den rechten Denker Carl Schmitt\u00a0\u00fcber den stellvertretenden<br \/>\nStabschef im Wei\u00dfen Haus, Stephen Miller, dieser komme in seinen \u00dcberzeugungen<br \/>\n&#8222;ein St\u00fcck weit aus der Ideologie des Dritten Reiches&#8220;. Das <a class=\"rtr-entity\" href=\"https:\/\/www.zeit.de\/thema\/zdf\" rel=\"nofollow noopener\" target=\"_blank\">ZDF<\/a> \u00e4u\u00dferte sich zun\u00e4chst nicht zu Grenells Posting.\n<\/p>\n<p class=\"paragraph article__item\">Zuvor war ZDF-Journalist Theve\u00dfen vorgeworfen worden, bei einem anderen<br \/>\nAuftritt in der Sendung Markus Lanz politische Positionen des erschossenen MAGA-Influencers Charlie Kirk falsch wiedergegeben zu haben.\n<\/p>\n<p>        Kampagne gegen Kritiker von Kirk        <\/p>\n<p class=\"paragraph article__item\">Auch anderen Kritikern des<br \/>\nerschossenen Kirk wird <a href=\"https:\/\/www.zeit.de\/politik\/ausland\/2025-09\/charlie-kirk-attentat-kritiker-kampagne\" class=\"\" target=\"_blank\" rel=\"nofollow noopener\">derzeit von Anh\u00e4ngern Trumps mit Konsequenzen gedroht<\/a>.<br \/>\nSie fordern, Kirks Kritiker abzuschieben, rechtlich zu verfolgen oder dauerhaft<br \/>\naus sozialen Netzwerken auszuschlie\u00dfen.\n<\/p>\n<p>                            \u00a9\u00a0Lea Dohle<\/p>\n<p>\n                                        Newsletter<br \/>\n                                        Was jetzt? \u2013 Der t\u00e4gliche Morgen\u00fcberblick<\/p>\n<p class=\"newsletter-signup__text\">Starten Sie mit unserem kurzen Nachrichten-Newsletter in den Tag. Erhalten Sie zudem freitags den US-Sonderletter &#8222;Was jetzt, America?&#8220; sowie das digitale Magazin ZEIT am Wochenende.<\/p>\n<p class=\"newsletter-signup__datapolicy\" hidden=\"\">\n            Mit Ihrer Registrierung nehmen Sie die <a href=\"https:\/\/datenschutz.zeit.de\/zon#Newsletter\" target=\"_blank\" rel=\"nofollow noopener\">Datenschutzerkl\u00e4rung<\/a> zur Kenntnis.\n        <\/p>\n<p>    Vielen Dank! Wir haben Ihnen eine E-Mail geschickt.<\/p>\n<p>Pr\u00fcfen Sie Ihr Postfach und best\u00e4tigen Sie das Newsletter-Abonnement.<\/p>\n<p class=\"paragraph article__item\">Unter anderem<br \/>\nverk\u00fcndete die rechte Influencerin Laura Loomer: &#8222;Bereiten Sie sich darauf<br \/>\nvor, dass Ihre gesamte berufliche Zukunft ruiniert wird, wenn Sie seinen Tod<br \/>\nfeiern.&#8220; Auf der Plattform <a href=\"https:\/\/www.zeit.de\/thema\/x\" target=\"_blank\" rel=\"nofollow noopener\">X<\/a> organisiert sie Kampagnen, um Kritiker<br \/>\nausfindig zu machen und \u00f6ffentlich blo\u00dfzustellen. Betroffen sind unter anderem<br \/>\nJournalisten, Hochschulmitarbeiter und Lehrer.\u00a0Nach einer<br \/>\nZ\u00e4hlung der Nachrichtenagentur Reuters wurden mindestens 15 Personen entlassen<br \/>\noder suspendiert, weil sie sich online zu den t\u00f6dlichen Sch\u00fcssen auf einen<br \/>\nbekennenden Anh\u00e4nger von <a href=\"https:\/\/www.zeit.de\/thema\/usa\" target=\"_blank\" rel=\"nofollow noopener\">US-Pr\u00e4sident Donald Trump<\/a> ge\u00e4u\u00dfert hatten.\u00a0\n<\/p>\n<p>            Charlie Kirk        <\/p>\n<p>Mehr zum Thema<\/p>\n<p>                <a href=\"https:\/\/www.zeit.de\/politik\/ausland\/2025-09\/usa-attentat-charlie-kirk-maga-aktivist-folgen\" data-ct-label=\"Charlie Kirk: Die rechte Verschw\u00f6rung von der Campus-Radikalisierung\" rel=\"nofollow noopener\" target=\"_blank\"><\/p>\n<p>        Z+ (abopflichtiger Inhalt);<\/p>\n<p>    Charlie Kirk:<br \/>\n                        Die rechte Verschw\u00f6rung von der Campus-Radikalisierung<\/p>\n<p>                <\/a><\/p>\n<p>                <a href=\"https:\/\/www.zeit.de\/kultur\/2025-09\/charlie-kirk-video-attentat-gewalt-soziale-medien\" data-ct-label=\"Charlie Kirk: Und wir sind live dabei\" rel=\"nofollow noopener\" target=\"_blank\"><\/p>\n<p>        Z+ (abopflichtiger Inhalt);<\/p>\n<p>    Charlie Kirk:<br \/>\n                        Und wir sind live dabei<\/p>\n<p>                <\/a><\/p>\n<p>                <a href=\"https:\/\/www.zeit.de\/politik\/deutschland\/2025-09\/spaltung-politik-radikale-rechte-strategie\" data-ct-label=\"Spaltung in der Politik: &quot;Der Wahlkreis&quot;: Polarisierung - Feuer mit Feuer bek\u00e4mpfen?\" rel=\"nofollow noopener\" target=\"_blank\"><\/p>\n<p>                        Spaltung in der Politik:<br \/>\n                        &#8222;Der Wahlkreis&#8220;: Polarisierung &#8211; Feuer mit Feuer bek\u00e4mpfen?<\/p>\n<p>                <\/a><\/p>\n","protected":false},"excerpt":{"rendered":"Der ehemalige US-Botschafter in Deutschland, Richard Grenell, hat gefordert, dem Washingtoner ZDF-B\u00fcroleiter Elmar Theve\u00dfen sein Visum f\u00fcr die&hellip;\n","protected":false},"author":2,"featured_media":421914,"comment_status":"","ping_status":"","sticky":false,"template":"","format":"standard","meta":{"footnotes":""},"categories":[2],"tags":[29,18381,30,13,5508,14,15,16,12,10,8,9,11,64,1783,4397,1448],"class_list":{"0":"post-421913","1":"post","2":"type-post","3":"status-publish","4":"format-standard","5":"has-post-thumbnail","7":"category-deutschland","8":"tag-deutschland","9":"tag-elmar-thevessen","10":"tag-germany","11":"tag-headlines","12":"tag-journalismus","13":"tag-nachrichten","14":"tag-news","15":"tag-politik","16":"tag-schlagzeilen","17":"tag-top-news","18":"tag-top-meldungen","19":"tag-topmeldungen","20":"tag-topnews","21":"tag-usa","22":"tag-visum","23":"tag-x","24":"tag-zdf"},"share_on_mastodon":{"url":"https:\/\/pubeurope.com\/@de\/115202332184587927","error":""},"_links":{"self":[{"href":"https:\/\/www.europesays.com\/de\/wp-json\/wp\/v2\/posts\/421913","targetHints":{"allow":["GET"]}}],"collection":[{"href":"https:\/\/www.europesays.com\/de\/wp-json\/wp\/v2\/posts"}],"about":[{"href":"https:\/\/www.europesays.com\/de\/wp-json\/wp\/v2\/types\/post"}],"author":[{"embeddable":true,"href":"https:\/\/www.europesays.com\/de\/wp-json\/wp\/v2\/users\/2"}],"replies":[{"embeddable":true,"href":"https:\/\/www.europesays.com\/de\/wp-json\/wp\/v2\/comments?post=421913"}],"version-history":[{"count":0,"href":"https:\/\/www.europesays.com\/de\/wp-json\/wp\/v2\/posts\/421913\/revisions"}],"wp:featuredmedia":[{"embeddable":true,"href":"https:\/\/www.europesays.com\/de\/wp-json\/wp\/v2\/media\/421914"}],"wp:attachment":[{"href":"https:\/\/www.europesays.com\/de\/wp-json\/wp\/v2\/media?parent=421913"}],"wp:term":[{"taxonomy":"category","embeddable":true,"href":"https:\/\/www.europesays.com\/de\/wp-json\/wp\/v2\/categories?post=421913"},{"taxonomy":"post_tag","embeddable":true,"href":"https:\/\/www.europesays.com\/de\/wp-json\/wp\/v2\/tags?post=421913"}],"curies":[{"name":"wp","href":"https:\/\/api.w.org\/{rel}","templated":true}]}}