{"id":421921,"date":"2025-09-14T11:12:30","date_gmt":"2025-09-14T11:12:30","guid":{"rendered":"https:\/\/www.europesays.com\/de\/421921\/"},"modified":"2025-09-14T11:12:30","modified_gmt":"2025-09-14T11:12:30","slug":"kiel-polizeieinsatz-nach-gewaltsamer-auseinandersetzung","status":"publish","type":"post","link":"https:\/\/www.europesays.com\/de\/421921\/","title":{"rendered":"Kiel: Polizeieinsatz nach gewaltsamer Auseinandersetzung"},"content":{"rendered":"<p>Mehrere Streifenwagen vor Ort<\/p>\n<p>Preetzer Stra\u00dfe in Kiel: Polizeieinsatz nach gewaltsamer Auseinandersetzung<\/p>\n<p class=\"Textstyled__Text-sc-1cqv9mi-0 cLyiiX ArticleHeadstyled__ArticleSubHeadline-sc-tdzyy5-11 fXdZot\">Einsatz f\u00fcr Polizei und Rettungsdienst am Sonntagvormittag in der Preetzer Stra\u00dfe in Kiel: In einem Mehrfamilienhaus war es zu einem gewaltsamen Streit gekommen. Die Leitstelle spricht von K\u00f6rperverletzung.  <\/p>\n<p class=\"Textstyled__Text-sc-1cqv9mi-0 cLyiiX\">Kiel. In der Spitze waren drei Streifenwagen vor Ort: Am Sonntagmorgen wurde die Polizei Kiel zu einem Einsatz in der Preetzer Stra\u00dfe im Stadtteil Gaarden gerufen. Nach Angaben der Leitstelle war es dort in einem Mehrfamilienhaus zu einer gewaltsamen Auseinandersetzung gekommen. Notarzt und Rettungsdienst wurden ebenfalls alarmiert. Laut Leitstelle geht es um K\u00f6rperverletzung.<\/p>\n<p>Weiterlesen nach der Anzeige<\/p>\n<p>Weiterlesen nach der Anzeige<\/p>\n<p class=\"Textstyled__Text-sc-1cqv9mi-0 cLyiiX\">Wie viele Personen in die Auseinandersetzung in der Preetzer Stra\u00dfe in <a href=\"https:\/\/www.kn-online.de\/lokales\/kiel\/\" target=\"_self\" rel=\"nofollow noopener\" title=\"https:\/\/www.kn-online.de\/lokales\/kiel\/\" data-vars-event-category=\"intext_link\" data-vars-event-action=\"click\" data-vars-event-label=\"https:\/\/www.kn-online.de\/lokales\/kiel\/\">Kiel <\/a>verwickelt waren und ob dabei jemand schwer verletzt wurde, ist bislang unklar. <\/p>\n<p class=\"Textstyled__Text-sc-1cqv9mi-0 cLyiiX\">Viele Angaben konnte die Leitstelle der Polizei Kiel am Sonntagmittag nicht machen: Noch befinde sich alles \u201ein Kl\u00e4rung\u201d, hie\u00df es. Der Einsatz war in der Leitstelle gegen 9.30 Uhr am Sonntagmorgen eingegangen. <\/p>\n<p class=\"Editorialstyled__Editorial-sc-5u8rgl-0 cBUuy\">KN<\/p>\n","protected":false},"excerpt":{"rendered":"Mehrere Streifenwagen vor Ort Preetzer Stra\u00dfe in Kiel: Polizeieinsatz nach gewaltsamer Auseinandersetzung Einsatz f\u00fcr Polizei und Rettungsdienst am&hellip;\n","protected":false},"author":2,"featured_media":421922,"comment_status":"","ping_status":"","sticky":false,"template":"","format":"standard","meta":{"footnotes":""},"categories":[1852],"tags":[3364,29,548,663,3934,30,13,4949,14,15,12,1971],"class_list":{"0":"post-421921","1":"post","2":"type-post","3":"status-publish","4":"format-standard","5":"has-post-thumbnail","7":"category-kiel","8":"tag-de","9":"tag-deutschland","10":"tag-eu","11":"tag-europa","12":"tag-europe","13":"tag-germany","14":"tag-headlines","15":"tag-kiel","16":"tag-nachrichten","17":"tag-news","18":"tag-schlagzeilen","19":"tag-schleswig-holstein"},"share_on_mastodon":{"url":"https:\/\/pubeurope.com\/@de\/115202355808902618","error":""},"_links":{"self":[{"href":"https:\/\/www.europesays.com\/de\/wp-json\/wp\/v2\/posts\/421921","targetHints":{"allow":["GET"]}}],"collection":[{"href":"https:\/\/www.europesays.com\/de\/wp-json\/wp\/v2\/posts"}],"about":[{"href":"https:\/\/www.europesays.com\/de\/wp-json\/wp\/v2\/types\/post"}],"author":[{"embeddable":true,"href":"https:\/\/www.europesays.com\/de\/wp-json\/wp\/v2\/users\/2"}],"replies":[{"embeddable":true,"href":"https:\/\/www.europesays.com\/de\/wp-json\/wp\/v2\/comments?post=421921"}],"version-history":[{"count":0,"href":"https:\/\/www.europesays.com\/de\/wp-json\/wp\/v2\/posts\/421921\/revisions"}],"wp:featuredmedia":[{"embeddable":true,"href":"https:\/\/www.europesays.com\/de\/wp-json\/wp\/v2\/media\/421922"}],"wp:attachment":[{"href":"https:\/\/www.europesays.com\/de\/wp-json\/wp\/v2\/media?parent=421921"}],"wp:term":[{"taxonomy":"category","embeddable":true,"href":"https:\/\/www.europesays.com\/de\/wp-json\/wp\/v2\/categories?post=421921"},{"taxonomy":"post_tag","embeddable":true,"href":"https:\/\/www.europesays.com\/de\/wp-json\/wp\/v2\/tags?post=421921"}],"curies":[{"name":"wp","href":"https:\/\/api.w.org\/{rel}","templated":true}]}}