{"id":421923,"date":"2025-09-14T11:13:11","date_gmt":"2025-09-14T11:13:11","guid":{"rendered":"https:\/\/www.europesays.com\/de\/421923\/"},"modified":"2025-09-14T11:13:11","modified_gmt":"2025-09-14T11:13:11","slug":"krankenpflegerin-aus-chemnitz-gewinnt-gold-bei-em-der-berufe-in-daenemark","status":"publish","type":"post","link":"https:\/\/www.europesays.com\/de\/421923\/","title":{"rendered":"Krankenpflegerin aus Chemnitz gewinnt Gold bei EM der Berufe in D\u00e4nemark"},"content":{"rendered":"<p class=\"text\">\nBei den &#8222;EuroSkills&#8220; wurde laut Veranstalter nicht nur das medizinische Fachwissen bewertet, sondern auch der Umgang mit den Patientinnen und Patienten. Von der Kommunikation bis zu Hygienestandards und r\u00fcckenschonendem Arbeiten werde alles gepr\u00fcft. &#8222;Wir suchen nach Exzellenz. Das hei\u00dft, nach den Besten der Besten&#8220;, erkl\u00e4rte ein Kampfrichter. Teilnehmer aus Deutschland holten im d\u00e4nischen Herning den Angaben zufolge sieben Gold-, sechs Silber-, drei Bronze- und sechs Exzellenzmedaillen f\u00fcr herausragende Leistung.<\/p>\n","protected":false},"excerpt":{"rendered":"Bei den &#8222;EuroSkills&#8220; wurde laut Veranstalter nicht nur das medizinische Fachwissen bewertet, sondern auch der Umgang mit den&hellip;\n","protected":false},"author":2,"featured_media":415242,"comment_status":"","ping_status":"","sticky":false,"template":"","format":"standard","meta":{"footnotes":""},"categories":[1851],"tags":[2770,3364,29,11403,548,663,11400,3934,70311,30,13,81,14,15,9221,859,12,4412],"class_list":{"0":"post-421923","1":"post","2":"type-post","3":"status-publish","4":"format-standard","5":"has-post-thumbnail","7":"category-chemnitz","8":"tag-chemnitz","9":"tag-de","10":"tag-deutschland","11":"tag-em","12":"tag-eu","13":"tag-europa","14":"tag-europameisterschaft","15":"tag-europe","16":"tag-euroskills","17":"tag-germany","18":"tag-headlines","19":"tag-mdr","20":"tag-nachrichten","21":"tag-news","22":"tag-pflege","23":"tag-sachsen","24":"tag-schlagzeilen","25":"tag-wettbewerb"},"share_on_mastodon":{"url":"https:\/\/pubeurope.com\/@de\/115202359768662285","error":""},"_links":{"self":[{"href":"https:\/\/www.europesays.com\/de\/wp-json\/wp\/v2\/posts\/421923","targetHints":{"allow":["GET"]}}],"collection":[{"href":"https:\/\/www.europesays.com\/de\/wp-json\/wp\/v2\/posts"}],"about":[{"href":"https:\/\/www.europesays.com\/de\/wp-json\/wp\/v2\/types\/post"}],"author":[{"embeddable":true,"href":"https:\/\/www.europesays.com\/de\/wp-json\/wp\/v2\/users\/2"}],"replies":[{"embeddable":true,"href":"https:\/\/www.europesays.com\/de\/wp-json\/wp\/v2\/comments?post=421923"}],"version-history":[{"count":0,"href":"https:\/\/www.europesays.com\/de\/wp-json\/wp\/v2\/posts\/421923\/revisions"}],"wp:featuredmedia":[{"embeddable":true,"href":"https:\/\/www.europesays.com\/de\/wp-json\/wp\/v2\/media\/415242"}],"wp:attachment":[{"href":"https:\/\/www.europesays.com\/de\/wp-json\/wp\/v2\/media?parent=421923"}],"wp:term":[{"taxonomy":"category","embeddable":true,"href":"https:\/\/www.europesays.com\/de\/wp-json\/wp\/v2\/categories?post=421923"},{"taxonomy":"post_tag","embeddable":true,"href":"https:\/\/www.europesays.com\/de\/wp-json\/wp\/v2\/tags?post=421923"}],"curies":[{"name":"wp","href":"https:\/\/api.w.org\/{rel}","templated":true}]}}