{"id":421976,"date":"2025-09-14T11:42:13","date_gmt":"2025-09-14T11:42:13","guid":{"rendered":"https:\/\/www.europesays.com\/de\/421976\/"},"modified":"2025-09-14T11:42:13","modified_gmt":"2025-09-14T11:42:13","slug":"flo-mega-und-pawel-popolski-gastieren-in-rheinberg","status":"publish","type":"post","link":"https:\/\/www.europesays.com\/de\/421976\/","title":{"rendered":"Flo Mega und Pawel Popolski gastieren in Rheinberg"},"content":{"rendered":"<p class=\"text_ohne_einzug richtext text-em-55 !leading-serif mx-6 desktop:mx-0\">Rheinberg (up) Am kommenden Wochenende gibt es mehrere M\u00f6glichkeiten, Live-Musk in <a href=\"https:\/\/rp-online.de\/thema\/rheinberg\/\" target=\"_blank\" rel=\"noopener\">Rheinberg<\/a> zu genie\u00dfen.<\/p>\n<p class=\"text_ohne_einzug richtext text-em-55 !leading-serif mx-6 desktop:mx-0\">Flo Mega: Am Samstag, 20. September, 20 Uhr, gastiert Flo Mega im Schwarzen Adler, Baerler Stra\u00dfe 96, in Vierbaum. Eintritt: 30 Euro. Flo Mega ist ein Musiker und K\u00fcnstler, der das Leben auf seine eigene, unkonventionelle Weise versteht \u2013 weit abseits des Gew\u00f6hnlichen. Seine musikalische Reise begann 1994, als er erstmals die B\u00fchne betrat und seine Wurzeln in der Subkultur fand. Flo Mega nutzte jede Gelegenheit, um seine Stimme einzubringen, ob auf Hip-Hop-Jams, Techno-Partys oder als singender MC in der Soundsystem-Kultur \u2013 hier fand er seinen unverwechselbaren Ausdruck. Seit 2006 hat er mehr als 1000 Auftritte absolviert. Sein Durchbruch gelang ihm 2011 mit dem Deb\u00fctalbum \u201eDie wirklich wahren Dinge\u201c und der Hitsingle \u201eZur\u00fcck\u201c. Mit mittlerweile f\u00fcnf ver\u00f6ffentlichten Alben zeigt Flo Mega eine stetige kreative Weiterentwicklung. Er ist ein K\u00fcnstler, der beweist, dass Musik die Kraft hat, Menschen zu verbinden und zu inspirieren.<\/p>\n<p class=\"text_ohne_einzug richtext text-em-55 !leading-serif mx-6 desktop:mx-0\">Pawel Popolski: Donnerstag, 19. September, 20 Uhr, Stadthalle Rheinberg, Eintritt: ab 35,45 Euro. In \u201ePolkaMania!\u201c geht bei Pawel Popolski wieder \u201eder Post ab durch der Decke!\u201c. Von den rasenden Rhythmen der \u201eCheavy Metal Polka\u201c (Chighway to Chell) bis zur chammercharten Electro-Polka (chit me baby one more time) spannt Pawel<\/p>\n<p class=\"text_ohne_einzug richtext text-em-55 !leading-serif mx-6 desktop:mx-0\">den musikalischen Bogen \u201efur der junge und der alte Fans&#8220;. Nach dem Motto PSPS (Pawel sucht den Polkastar) wird neben einem Schlagzeuger diesmal auch ein weibliches Gesangstalent aus dem Publikum \u201eauf da Buhne gecholt\u201c um gemeinsam mit Pawel \u201eder n\u00e4chste Polka Chit\u201c zu singen. Und nat\u00fcrlich wird mit dem gesamten Publikum wieder ordentlich ein Wodka \u201ein der Fritteuse geschnetzelt\u201c. Kartenvorverkauf: Kamp Lintfort:  Artz Reisen, Hardenbergstra\u00dfe, Telefon 02842 91390, und online unter <a href=\"http:\/\/www.reservix.de\/\" target=\"_blank\" rel=\"noopener\">www.reservix.de<\/a> oder <a href=\"http:\/\/www.eventim.de\/\" target=\"_blank\" rel=\"noopener\">www.eventim.de<\/a> und den bekannten Vorverkaufsstellen.<\/p>\n","protected":false},"excerpt":{"rendered":"Rheinberg (up) Am kommenden Wochenende gibt es mehrere M\u00f6glichkeiten, Live-Musk in Rheinberg zu genie\u00dfen. Flo Mega: Am Samstag,&hellip;\n","protected":false},"author":2,"featured_media":421977,"comment_status":"","ping_status":"","sticky":false,"template":"","format":"standard","meta":{"footnotes":""},"categories":[1838],"tags":[3364,29,3715,110741,30,50713,80,3910,810,9803,1209,4562,18524,58860,106944],"class_list":{"0":"post-421976","1":"post","2":"type-post","3":"status-publish","4":"format-standard","5":"has-post-thumbnail","7":"category-duisburg","8":"tag-de","9":"tag-deutschland","10":"tag-duisburg","11":"tag-flo-mega","12":"tag-germany","13":"tag-kreative","14":"tag-kultur","15":"tag-kuenstler","16":"tag-musik","17":"tag-musikalische","18":"tag-nordrhein-westfalen","19":"tag-reise","20":"tag-rheinberg","21":"tag-subkultur","22":"tag-wahren"},"share_on_mastodon":{"url":"https:\/\/pubeurope.com\/@de\/115202473777317369","error":""},"_links":{"self":[{"href":"https:\/\/www.europesays.com\/de\/wp-json\/wp\/v2\/posts\/421976","targetHints":{"allow":["GET"]}}],"collection":[{"href":"https:\/\/www.europesays.com\/de\/wp-json\/wp\/v2\/posts"}],"about":[{"href":"https:\/\/www.europesays.com\/de\/wp-json\/wp\/v2\/types\/post"}],"author":[{"embeddable":true,"href":"https:\/\/www.europesays.com\/de\/wp-json\/wp\/v2\/users\/2"}],"replies":[{"embeddable":true,"href":"https:\/\/www.europesays.com\/de\/wp-json\/wp\/v2\/comments?post=421976"}],"version-history":[{"count":0,"href":"https:\/\/www.europesays.com\/de\/wp-json\/wp\/v2\/posts\/421976\/revisions"}],"wp:featuredmedia":[{"embeddable":true,"href":"https:\/\/www.europesays.com\/de\/wp-json\/wp\/v2\/media\/421977"}],"wp:attachment":[{"href":"https:\/\/www.europesays.com\/de\/wp-json\/wp\/v2\/media?parent=421976"}],"wp:term":[{"taxonomy":"category","embeddable":true,"href":"https:\/\/www.europesays.com\/de\/wp-json\/wp\/v2\/categories?post=421976"},{"taxonomy":"post_tag","embeddable":true,"href":"https:\/\/www.europesays.com\/de\/wp-json\/wp\/v2\/tags?post=421976"}],"curies":[{"name":"wp","href":"https:\/\/api.w.org\/{rel}","templated":true}]}}