{"id":421984,"date":"2025-09-14T11:47:11","date_gmt":"2025-09-14T11:47:11","guid":{"rendered":"https:\/\/www.europesays.com\/de\/421984\/"},"modified":"2025-09-14T11:47:11","modified_gmt":"2025-09-14T11:47:11","slug":"verspaetungen-und-ausfaelle-bahnverkehr-zwischen-hannover-und-berlin-bleibt-gestoert-wirtschaft","status":"publish","type":"post","link":"https:\/\/www.europesays.com\/de\/421984\/","title":{"rendered":"Versp\u00e4tungen und Ausf\u00e4lle &#8211; Bahnverkehr zwischen Hannover und Berlin bleibt gest\u00f6rt &#8211; Wirtschaft"},"content":{"rendered":"<p data-manual=\"teaserText\" data-schema-org-speakable=\"true\">Nach dem Brand an einem Stellwerk geht nichts mehr wie gewohnt. Versp\u00e4tungen, Ausf\u00e4lle \u2013 und noch ist unklar, ob Vandalismus dahintersteckt. Was Bahnreisende jetzt wissen m\u00fcssen.<\/p>\n<p data-manual=\"paragraph\" data-schema-org-speakable=\"true\" class=\"css-xboolz\">Lehrte\/<a href=\"https:\/\/www.sueddeutsche.de\/thema\/Berlin\" rel=\"nofollow noopener\" target=\"_blank\">Berlin<\/a> (dpa) &#8211; Nach einem Brand an einem Stellwerk m\u00fcssen Bahnreisende zwischen Hannover und Berlin noch bis Montag mit Versp\u00e4tungen und Ausf\u00e4llen rechnen &#8211; und damit l\u00e4nger als zun\u00e4chst geplant. ICE- und IC-Z\u00fcge in Richtung Berlin werden umgeleitet und versp\u00e4ten sich dadurch um rund 25 Minuten, wie die Bahn mitteilte.\u00a0<\/p>\n<p data-manual=\"paragraph\" data-schema-org-speakable=\"true\" class=\"css-xboolz\">Z\u00fcge aus Berlin in Richtung Hannover fahren demnach \u00fcberwiegend wie gewohnt, kommen aber mit leichten Verz\u00f6gerungen an. In beiden Richtungen fallen zudem einzelne Verbindungen aus. Auch IC-Z\u00fcge zwischen Hannover und Magdeburg werden umgeleitet und versp\u00e4ten sich dadurch um rund 25 Minuten, wie die Bahn weiter mitteilte.<\/p>\n<p>War es Vandalismus?<\/p>\n<p data-manual=\"paragraph\" data-schema-org-speakable=\"true\" class=\"css-xboolz\">Am Samstag hatte ein Sicherungskasten eines Stellwerks in Lehrte in der Region Hannover gebrannt. Die <a href=\"https:\/\/www.sueddeutsche.de\/thema\/Deutsche_Bahn\" rel=\"nofollow noopener\" target=\"_blank\">Deutsche Bahn<\/a> sprach von Vandalismus. Nach Angaben der Polizei ist die Brandursache jedoch noch offen. Der Kriminaldauerdienst Hannover habe Spuren gesichert und den Kasten abgebaut, sagte eine Polizeisprecherin. Die Untersuchungen liefen. Ergebnisse werden demnach erst im Laufe des Montags erwartet.<\/p>\n<p data-manual=\"paragraph\" data-schema-org-speakable=\"true\" class=\"css-xboolz\">Neben dem Brand hatte es noch einen spektakul\u00e4ren Unfall an der Bahnstrecke gegeben. Ein Auto rammte in Hannover-Kleefeld einen Betonpoller, der auf die ICE-Strecke geschleudert wurde. Dabei ist die Oberleitung besch\u00e4digt worden. Dieser Vorfall wirkt sich nach Bahnangaben hingegen kaum noch auf den Fernverkehr aus. Z\u00fcge nutzten dort S-Bahn-Gleise, der Betrieb laufe stabil.<\/p>\n<p data-manual=\"paragraph\" data-schema-org-speakable=\"true\" class=\"css-xboolz\">\u00a9 dpa-infocom, dpa:250913-930-34735\/5<\/p>\n","protected":false},"excerpt":{"rendered":"Nach dem Brand an einem Stellwerk geht nichts mehr wie gewohnt. Versp\u00e4tungen, Ausf\u00e4lle \u2013 und noch ist unklar,&hellip;\n","protected":false},"author":2,"featured_media":421985,"comment_status":"","ping_status":"","sticky":false,"template":"","format":"standard","meta":{"footnotes":""},"categories":[1836],"tags":[1739,296,3364,2030,29,987,30,46,3794,1411,4338,149,9326,601,55],"class_list":{"0":"post-421984","1":"post","2":"type-post","3":"status-publish","4":"format-standard","5":"has-post-thumbnail","7":"category-hannover","8":"tag-bahn","9":"tag-berlin","10":"tag-de","11":"tag-deutsche-bahn","12":"tag-deutschland","13":"tag-feuer","14":"tag-germany","15":"tag-hannover","16":"tag-lehrte","17":"tag-niedersachsen","18":"tag-notfall","19":"tag-sueddeutsche-zeitung","20":"tag-updateme","21":"tag-verkehr","22":"tag-wirtschaft"},"share_on_mastodon":{"url":"https:\/\/pubeurope.com\/@de\/115202493454523834","error":""},"_links":{"self":[{"href":"https:\/\/www.europesays.com\/de\/wp-json\/wp\/v2\/posts\/421984","targetHints":{"allow":["GET"]}}],"collection":[{"href":"https:\/\/www.europesays.com\/de\/wp-json\/wp\/v2\/posts"}],"about":[{"href":"https:\/\/www.europesays.com\/de\/wp-json\/wp\/v2\/types\/post"}],"author":[{"embeddable":true,"href":"https:\/\/www.europesays.com\/de\/wp-json\/wp\/v2\/users\/2"}],"replies":[{"embeddable":true,"href":"https:\/\/www.europesays.com\/de\/wp-json\/wp\/v2\/comments?post=421984"}],"version-history":[{"count":0,"href":"https:\/\/www.europesays.com\/de\/wp-json\/wp\/v2\/posts\/421984\/revisions"}],"wp:featuredmedia":[{"embeddable":true,"href":"https:\/\/www.europesays.com\/de\/wp-json\/wp\/v2\/media\/421985"}],"wp:attachment":[{"href":"https:\/\/www.europesays.com\/de\/wp-json\/wp\/v2\/media?parent=421984"}],"wp:term":[{"taxonomy":"category","embeddable":true,"href":"https:\/\/www.europesays.com\/de\/wp-json\/wp\/v2\/categories?post=421984"},{"taxonomy":"post_tag","embeddable":true,"href":"https:\/\/www.europesays.com\/de\/wp-json\/wp\/v2\/tags?post=421984"}],"curies":[{"name":"wp","href":"https:\/\/api.w.org\/{rel}","templated":true}]}}