{"id":421988,"date":"2025-09-14T11:49:11","date_gmt":"2025-09-14T11:49:11","guid":{"rendered":"https:\/\/www.europesays.com\/de\/421988\/"},"modified":"2025-09-14T11:49:11","modified_gmt":"2025-09-14T11:49:11","slug":"150-jahre-dresdner-huette-bergfreunde-aus-der-elbe-stadt-kommen-extra-in-die-alpen","status":"publish","type":"post","link":"https:\/\/www.europesays.com\/de\/421988\/","title":{"rendered":"150 Jahre Dresdner H\u00fctte &#8211; Bergfreunde aus der Elbe-Stadt kommen extra in die Alpen"},"content":{"rendered":"<p class=\"text\">\nDie Dresdner H\u00fctte im Stubaital in \u00d6sterreich hat ihr 150-j\u00e4hriges Bestehen gefeiert. An der Jubil\u00e4umsfeier haben rund 200 G\u00e4ste teilgenommen, wie die Sektion Dresden des Deutschen Alpenvereins mitteilte. Davon seien mehr als 100 Bergfreunde aus Dresden gekommen.\n<\/p>\n<p class=\"text\">\nDas Jubil\u00e4um war den Angaben zufolge mit einem Gottesdienst begangen worden. Der historische Bau habe zudem das Umweltsiegel des Deutschen Alpenvereins erhalten. Im gem\u00fctlichen Beisammensein sei an die lange Historie der Schutzh\u00fctte erinnert worden.\n<\/p>\n<p>Historischer Bau auf mehr als 2.300 Metern H\u00f6he<\/p>\n<p class=\"text\">\nDie Dresdner H\u00fctte wurde 1875 von der Sektion Dresden des Deutschen Alpenvereins als Schutzh\u00fctte gebaut. Sie liegt auf mehr als 2.300 Metern H\u00f6he und verf\u00fcgt \u00fcber 150 Betten. Die Dresdner H\u00fctte gilt als eine der bekanntesten und \u00e4ltesten H\u00fctten in den \u00f6sterreichischen Alpen.\n<\/p>\n<p>\nWas bietet die Dresdner H\u00fctte?<br \/>\nDie Dresdner H\u00fctte ist eine Herberge mit mehr als 150 Betten. Mit ihrer Gastronomie ist sie ein beliebtes Ausflugsziel f\u00fcr Wanderer, Skifahrer und Bergsteiger. Sie ist Ausgangspunkt f\u00fcr Wanderungen und Bergtouren.<\/p>\n","protected":false},"excerpt":{"rendered":"Die Dresdner H\u00fctte im Stubaital in \u00d6sterreich hat ihr 150-j\u00e4hriges Bestehen gefeiert. An der Jubil\u00e4umsfeier haben rund 200&hellip;\n","protected":false},"author":2,"featured_media":421989,"comment_status":"","ping_status":"","sticky":false,"template":"","format":"standard","meta":{"footnotes":""},"categories":[1835],"tags":[110746,3364,29,2386,41493,30,110745,81,14,859,1163,631],"class_list":{"0":"post-421988","1":"post","2":"type-post","3":"status-publish","4":"format-standard","5":"has-post-thumbnail","7":"category-dresden","8":"tag-alpenverein","9":"tag-de","10":"tag-deutschland","11":"tag-dresden","12":"tag-dresdner","13":"tag-germany","14":"tag-huette","15":"tag-mdr","16":"tag-nachrichten","17":"tag-sachsen","18":"tag-tourismus","19":"tag-urlaub"},"share_on_mastodon":{"url":"https:\/\/pubeurope.com\/@de\/115202501364066736","error":""},"_links":{"self":[{"href":"https:\/\/www.europesays.com\/de\/wp-json\/wp\/v2\/posts\/421988","targetHints":{"allow":["GET"]}}],"collection":[{"href":"https:\/\/www.europesays.com\/de\/wp-json\/wp\/v2\/posts"}],"about":[{"href":"https:\/\/www.europesays.com\/de\/wp-json\/wp\/v2\/types\/post"}],"author":[{"embeddable":true,"href":"https:\/\/www.europesays.com\/de\/wp-json\/wp\/v2\/users\/2"}],"replies":[{"embeddable":true,"href":"https:\/\/www.europesays.com\/de\/wp-json\/wp\/v2\/comments?post=421988"}],"version-history":[{"count":0,"href":"https:\/\/www.europesays.com\/de\/wp-json\/wp\/v2\/posts\/421988\/revisions"}],"wp:featuredmedia":[{"embeddable":true,"href":"https:\/\/www.europesays.com\/de\/wp-json\/wp\/v2\/media\/421989"}],"wp:attachment":[{"href":"https:\/\/www.europesays.com\/de\/wp-json\/wp\/v2\/media?parent=421988"}],"wp:term":[{"taxonomy":"category","embeddable":true,"href":"https:\/\/www.europesays.com\/de\/wp-json\/wp\/v2\/categories?post=421988"},{"taxonomy":"post_tag","embeddable":true,"href":"https:\/\/www.europesays.com\/de\/wp-json\/wp\/v2\/tags?post=421988"}],"curies":[{"name":"wp","href":"https:\/\/api.w.org\/{rel}","templated":true}]}}