{"id":421993,"date":"2025-09-14T11:52:21","date_gmt":"2025-09-14T11:52:21","guid":{"rendered":"https:\/\/www.europesays.com\/de\/421993\/"},"modified":"2025-09-14T11:52:21","modified_gmt":"2025-09-14T11:52:21","slug":"kommunalwahlen-viele-kreuzchen-sind-zu-machen","status":"publish","type":"post","link":"https:\/\/www.europesays.com\/de\/421993\/","title":{"rendered":"Kommunalwahlen: Viele Kreuzchen sind zu machen"},"content":{"rendered":"<p>43.000 Menschen k\u00f6nnen au\u00dferdem an der Wahl des <a href=\"https:\/\/www.radiomuelheim.de\/artikel\/integrationsrat-wichtiges-zur-wahl-am-14-september-2430532.html\" rel=\"noopener noreferrer nofollow\" target=\"_blank\">Integrationsrats<\/a> teilnehmen. Die Wahllokale sind bis 18 Uhr ge\u00f6ffnet. Im Rahmen der Kommunalwahlen gibt es allein vier Wahlzettel. Gew\u00e4hlt werden die <a href=\"https:\/\/www.radiomuelheim.de\/artikel\/kommunalwahl-2025-die-kandidatinnen-im-ueberblick-2416734.html\" rel=\"noopener noreferrer nofollow\" target=\"_blank\">Oberb\u00fcrgermeisterin oder der Oberb\u00fcrgermeister<\/a>, der Rat, die Bezirksvertretungen sowie die Verbandsversammlung des RVR.<\/p>\n<p><a href=\"https:\/\/wahlpraesentation.muelheim-ruhr.de\/kw25\/05117000\/praesentation\/index.html\" rel=\"noopener noreferrer nofollow\" target=\"_blank\">Hier gibt es ab 18 Uhr die ersten Ergebnisse.<\/a><\/p>\n<p><a href=\"https:\/\/wahlpraesentation.muelheim-ruhr.de\/Wahl-2020-09-13\/05117000\/html5\/index.html\" rel=\"noopener noreferrer nofollow\" target=\"_blank\">Hier<\/a> k\u00f6nnt ihr euch die Ergebnisse der Wahlen von 2020 noch einmal anschauen.<\/p>\n","protected":false},"excerpt":{"rendered":"43.000 Menschen k\u00f6nnen au\u00dferdem an der Wahl des Integrationsrats teilnehmen. Die Wahllokale sind bis 18 Uhr ge\u00f6ffnet. Im&hellip;\n","protected":false},"author":2,"featured_media":371063,"comment_status":"","ping_status":"","sticky":false,"template":"","format":"standard","meta":{"footnotes":""},"categories":[1834],"tags":[12528,3364,146,29,3688,30,79041,32509,1209,16,10889],"class_list":{"0":"post-421993","1":"post","2":"type-post","3":"status-publish","4":"format-standard","5":"has-post-thumbnail","7":"category-essen","8":"tag-oberbrgermeister","9":"tag-de","10":"tag-demokratie","11":"tag-deutschland","12":"tag-essen","13":"tag-germany","14":"tag-integrationsratswahl","15":"tag-kommunalwahlen","16":"tag-nordrhein-westfalen","17":"tag-politik","18":"tag-rvr"},"share_on_mastodon":{"url":"https:\/\/pubeurope.com\/@de\/115202513143777760","error":""},"_links":{"self":[{"href":"https:\/\/www.europesays.com\/de\/wp-json\/wp\/v2\/posts\/421993","targetHints":{"allow":["GET"]}}],"collection":[{"href":"https:\/\/www.europesays.com\/de\/wp-json\/wp\/v2\/posts"}],"about":[{"href":"https:\/\/www.europesays.com\/de\/wp-json\/wp\/v2\/types\/post"}],"author":[{"embeddable":true,"href":"https:\/\/www.europesays.com\/de\/wp-json\/wp\/v2\/users\/2"}],"replies":[{"embeddable":true,"href":"https:\/\/www.europesays.com\/de\/wp-json\/wp\/v2\/comments?post=421993"}],"version-history":[{"count":0,"href":"https:\/\/www.europesays.com\/de\/wp-json\/wp\/v2\/posts\/421993\/revisions"}],"wp:featuredmedia":[{"embeddable":true,"href":"https:\/\/www.europesays.com\/de\/wp-json\/wp\/v2\/media\/371063"}],"wp:attachment":[{"href":"https:\/\/www.europesays.com\/de\/wp-json\/wp\/v2\/media?parent=421993"}],"wp:term":[{"taxonomy":"category","embeddable":true,"href":"https:\/\/www.europesays.com\/de\/wp-json\/wp\/v2\/categories?post=421993"},{"taxonomy":"post_tag","embeddable":true,"href":"https:\/\/www.europesays.com\/de\/wp-json\/wp\/v2\/tags?post=421993"}],"curies":[{"name":"wp","href":"https:\/\/api.w.org\/{rel}","templated":true}]}}