{"id":422031,"date":"2025-09-14T12:12:17","date_gmt":"2025-09-14T12:12:17","guid":{"rendered":"https:\/\/www.europesays.com\/de\/422031\/"},"modified":"2025-09-14T12:12:17","modified_gmt":"2025-09-14T12:12:17","slug":"die-erschuetternden-zahlen-zur-messergewalt-in-berlin-2","status":"publish","type":"post","link":"https:\/\/www.europesays.com\/de\/422031\/","title":{"rendered":"Die ersch\u00fctternden Zahlen zur Messergewalt in Berlin"},"content":{"rendered":"<p class=\"tspBKla tspBKlb\">Die Messergewalt hat in den vergangenen Jahren in Berlin deutlich zugenommen. 2015 hatte die Polizei noch 2604 Messerangriffe in ihrer Kriminalstatistik erfasst. Seit 2022 sind es jedes Jahr mehr als 3000. Den bisherigen Negativrekord markierte mit 3482 Taten das Jahr 2023. Im vergangenen Jahr ging die Zahl nur leicht auf 3412 Taten zur\u00fcck \u2013 der zweith\u00f6chste Wert in den vergangenen zehn Jahren. <\/p>\n<p class=\"tspBKla\">Trotz des leichten R\u00fcckgangs wurden mehr Menschen durch Messerangriffe <a href=\"https:\/\/www.tagesspiegel.de\/berlin\/mordkommission-ermittelt-massenschlagerei-am-humboldt-forum-in-berlin--mensch-muss-reanimiert-werden-14322254.html?icid=in-text-link_14323883\" class=\"link link--internal\" data-gtm-class=\"article-text-link\" data-gtm-val=\"internal\" target=\"_blank\" rel=\"noopener\">schwer oder t\u00f6dlich verletzt<\/a>. Die Zahl der Schwerverletzten stieg von 207 im Jahr 2023 auf 243 im vergangenen Jahr. 19 Menschen wurden 2024 t\u00f6dlich verletzt, 2023 waren es 14.<\/p>\n<p><a href=\"https:\/\/www.tagesspiegel.de\/berlin\/mordkommission-ermittelt-massenschlagerei-am-humboldt-forum-in-berlin--mensch-muss-reanimiert-werden-14322254.html?icid=single-topic_14323883___\" data-gtm-class=\"article-mzt-link\" class=\"tspCSpa\" target=\"_blank\" rel=\"noopener\">Mordkommission ermittelt Wieder Messergewalt am Humboldt-Forum in Berlin \u2013 verletzter Mann stirbt in Klinik <\/a><\/p>\n<p class=\"tspBKla\">Bei etwa 44 Prozent aller F\u00e4lle wurden Messer bei Bedrohungen eingesetzt. Die meisten der 2532 ermittelten Tatverd\u00e4chtigen waren M\u00e4nner \u2013 genau 87,6 Prozent. Aber auch die meisten der 4263 Opfer waren m\u00e4nnlich, n\u00e4mlich vier F\u00fcnftel. 33 Prozent der Opfer hatten eine Vorbeziehung zu den Verd\u00e4chtigen, bei 14 Prozent der Opfer wurde die Tat in der Familie begangen.<\/p>\n<p class=\"tspBKla\">Knapp f\u00fcnf Prozent der Verd\u00e4chtigen waren Kinder, 14 Prozent Jugendliche und knapp zehn Prozent Heranwachsende. 58 Prozent der Verd\u00e4chtigen \u2013 genau 1471 \u2013 waren Nicht-Deutsche. <\/p>\n<p> Leichter R\u00fcckgang im ersten Halbjahr 2025 <\/p>\n<p class=\"tspBKla\">Unter den ausl\u00e4ndischen Verd\u00e4chtigen waren am h\u00e4ufigsten Syrer (180), T\u00fcrken (161), Afghanen (106), Personen mit unbekannter Staatsangeh\u00f6rigkeit (100), Polen (84), gefolgt von Personen aus anderen osteurop\u00e4ischen L\u00e4ndern. Die gr\u00f6\u00dfte Gruppe der Verd\u00e4chtigen machten 1060 Deutsche aus, 41 Prozent aller Verd\u00e4chtigen. Davon hatten 178 eine doppelte Staatsb\u00fcrgerschaft.&#13;<\/p>\n<p class=\"tspBKla\">Auch in diesem Jahr bleibt die Zahl der Messertaten hoch. In den ersten sechs Monaten erfasste die Polizei 1598 F\u00e4lle \u2013 das sind 266 pro Monat. 2024 waren es 284 pro Monat. <\/p>\n<p class=\"tspBKla\">Die Bezirke sind unterschiedlich von Messergewalt belastet. Die meisten Messertaten hat die Polizei 2024 in Mitte (612) erfasst, gefolgt von Friedrichshain-Kreuzberg (514), Neuk\u00f6lln (383) und Charlottenburg-Wilmersdorf (241). Am wenigsten Messerattacken gab es in Steglitz-Zehlendorf (110) und Treptow-K\u00f6penick (187).<\/p>\n<p> Mehr zu Messergewalt in Berlin: <a href=\"https:\/\/www.tagesspiegel.de\/berlin\/kampf-in-berliner-hausflur-31-jahriger-erblindet-nach-messerstich-ins-auge-14323940.html?icid=topic-list_14323883___\" data-gtm-class=\"article-mzt-link\" class=\"tspCSpa\" target=\"_blank\" rel=\"noopener\">Kampf in Berliner Hausflur 31-J\u00e4hriger erblindet nach Messerstich ins Auge <\/a><a href=\"https:\/\/www.tagesspiegel.de\/politik\/die-ursachen-von-messergewalt-nicht-die-farbe-des-ausweises-macht-eine-person-kriminell-13540588.html?icid=topic-list_14323883___\" data-gtm-class=\"article-mzt-link\" class=\"tspCSpa\" target=\"_blank\" rel=\"noopener\">Die Ursachen von Messergewalt \u201eNicht die Farbe des Ausweises macht eine Person kriminell\u201c <\/a><a href=\"https:\/\/www.tagesspiegel.de\/berlin\/deutsche-messertater-alexander-mohamed-justin-die-berliner-namensliste-sagt-nichts-aus-doch-wohlfeile-emporung-hilft-nur-der-afd-13810636.html?icid=topic-list_14323883___\" data-gtm-class=\"article-mzt-link\" class=\"tspCSpa\" target=\"_blank\" rel=\"noopener\">Deutsche Messert\u00e4ter Alexander, Mohamed, Justin Die Berliner Namensliste sagt nichts aus, doch wohlfeile Emp\u00f6rung hilft nur der AfD <\/a><\/p>\n<p class=\"tspBKla\">Senatsinnenverwaltung und Polizei steuern seit 2024 mit der \u201eBerliner Strategie gegen Messerkriminalit\u00e4t\u201c gegen. Beim Landeskriminalamt nimmt nun eine Koordinierungsstelle T\u00e4ter ins Visier, die h\u00e4ufiger mit Messern auffallen. Verurteilten soll der <a href=\"https:\/\/www.tagesspiegel.de\/berlin\/verbotszonen-fuhrerscheinentzug-neue-sondereinheit-berlin-verscharft-den-kampf-gegen-zunehmende-messergewalt-12707831.html?icid=in-text-link_14323883\" class=\"link link--internal\" data-gtm-class=\"article-text-link\" data-gtm-val=\"internal\" target=\"_blank\" rel=\"noopener\">F\u00fchrerschein entzogen werden<\/a>. Zudem wurden das Kottbusser Tor, der G\u00f6rlitzer Park und der Leopoldplatz zu Waffen- und <a href=\"https:\/\/www.tagesspiegel.de\/berlin\/polizei-justiz\/drei-neue-verbotszonen-in-berlin-polizei-konfisziert-bei-ersten-kontrollen-mehrere-messer-13209814.html?icid=in-text-link_14323883\" class=\"link link--internal\" data-gtm-class=\"article-text-link\" data-gtm-val=\"internal\" target=\"_blank\" rel=\"noopener\">Messerverbotszonen<\/a>, zus\u00e4tzlich auch <a href=\"https:\/\/www.tagesspiegel.de\/berlin\/signal-an-die-berliner-stadtgesellschaft-innensenatorin-erlasst-waffen-und-messerverbot-fur-nahverkehr-und-bahnhofe-13818712.html?icid=in-text-link_14323883\" class=\"link link--internal\" data-gtm-class=\"article-text-link\" data-gtm-val=\"internal\" target=\"_blank\" rel=\"noopener\">Bahnh\u00f6fe<\/a>. Verboten wurden Messer auch in Z\u00fcgen, Bussen und Stra\u00dfenbahnen.<\/p>\n","protected":false},"excerpt":{"rendered":"Die Messergewalt hat in den vergangenen Jahren in Berlin deutlich zugenommen. 2015 hatte die Polizei noch 2604 Messerangriffe&hellip;\n","protected":false},"author":2,"featured_media":421450,"comment_status":"","ping_status":"","sticky":false,"template":"","format":"standard","meta":{"footnotes":""},"categories":[1825],"tags":[27422,296,531,29,527,30,1924,1635,17250,525,526,121,523,218,5917],"class_list":{"0":"post-422031","1":"post","2":"type-post","3":"status-publish","4":"format-standard","5":"has-post-thumbnail","7":"category-berlin","8":"tag-auslaender","9":"tag-berlin","10":"tag-charlottenburg-wilmersdorf","11":"tag-deutschland","12":"tag-friedrichshain-kreuzberg","13":"tag-germany","14":"tag-goerlitzer-park","15":"tag-jugend","16":"tag-kottbusser-tor","17":"tag-mitte","18":"tag-neukoelln","19":"tag-polizei","20":"tag-steglitz-zehlendorf","21":"tag-tatort","22":"tag-treptow-koepenick"},"share_on_mastodon":{"url":"https:\/\/pubeurope.com\/@de\/115202591919036240","error":""},"_links":{"self":[{"href":"https:\/\/www.europesays.com\/de\/wp-json\/wp\/v2\/posts\/422031","targetHints":{"allow":["GET"]}}],"collection":[{"href":"https:\/\/www.europesays.com\/de\/wp-json\/wp\/v2\/posts"}],"about":[{"href":"https:\/\/www.europesays.com\/de\/wp-json\/wp\/v2\/types\/post"}],"author":[{"embeddable":true,"href":"https:\/\/www.europesays.com\/de\/wp-json\/wp\/v2\/users\/2"}],"replies":[{"embeddable":true,"href":"https:\/\/www.europesays.com\/de\/wp-json\/wp\/v2\/comments?post=422031"}],"version-history":[{"count":0,"href":"https:\/\/www.europesays.com\/de\/wp-json\/wp\/v2\/posts\/422031\/revisions"}],"wp:featuredmedia":[{"embeddable":true,"href":"https:\/\/www.europesays.com\/de\/wp-json\/wp\/v2\/media\/421450"}],"wp:attachment":[{"href":"https:\/\/www.europesays.com\/de\/wp-json\/wp\/v2\/media?parent=422031"}],"wp:term":[{"taxonomy":"category","embeddable":true,"href":"https:\/\/www.europesays.com\/de\/wp-json\/wp\/v2\/categories?post=422031"},{"taxonomy":"post_tag","embeddable":true,"href":"https:\/\/www.europesays.com\/de\/wp-json\/wp\/v2\/tags?post=422031"}],"curies":[{"name":"wp","href":"https:\/\/api.w.org\/{rel}","templated":true}]}}