{"id":422051,"date":"2025-09-14T12:23:14","date_gmt":"2025-09-14T12:23:14","guid":{"rendered":"https:\/\/www.europesays.com\/de\/422051\/"},"modified":"2025-09-14T12:23:14","modified_gmt":"2025-09-14T12:23:14","slug":"lamine-yamal-fehlt-fc-barcelona-vorerst-flick-sauer-auf-spanischen-verband","status":"publish","type":"post","link":"https:\/\/www.europesays.com\/de\/422051\/","title":{"rendered":"Lamine Yamal fehlt FC Barcelona vorerst: Flick sauer auf spanischen Verband"},"content":{"rendered":"<p>\u201eHaben ihm Schmerzmittel gegeben\u201c\u00a0<\/p>\n<p>                                    <img decoding=\"async\" src=\"https:\/\/www.europesays.com\/de\/wp-content\/uploads\/2025\/09\/lamine-yamal-fc-barcelona-2024-25-1745911357-166797.jpg\" title=\"Lamine Yamal fehlt FC Barcelona vorerst: Flick sauer auf spanischen Verband\" alt=\"Lamine Yamal fehlt FC Barcelona vorerst: Flick sauer auf spanischen Verband\"\/><\/p>\n<p>\n                                       \u00a9IMAGO\n                                    <\/p>\n<p>Der Ausfall von <a title=\"Lamine Yamal\" href=\"https:\/\/www.transfermarkt.de\/lamine-yamal\/profil\/spieler\/937958\" target=\"_blank\" rel=\"noopener\">Lamine Yamal<\/a> f\u00fcr das n\u00e4chste Ligaspiel des <a title=\"FC Barcelona\" href=\"https:\/\/www.transfermarkt.de\/fc-barcelona\/startseite\/verein\/131\" target=\"_blank\" rel=\"noopener\">FC Barcelona<\/a> ver\u00e4rgert Coach <a title=\"Hansi Flick\" href=\"https:\/\/www.transfermarkt.de\/hansi-flick\/profil\/trainer\/67\" target=\"_blank\" rel=\"noopener\">Hansi Flick<\/a>. Der fr\u00fchere Bundestrainer warf dem spanischen Verband mit Nationaltrainer <a title=\"Luis de la Fuente\" href=\"https:\/\/www.transfermarkt.de\/luis-de-la-fuente\/profil\/trainer\/20031\" target=\"_blank\" rel=\"noopener\">Luis de la Fuente<\/a> vor, den 18-J\u00e4hrigen trotz Beschwerden in den j\u00fcngsten WM-Qualifikationsspielen eingesetzt zu haben. Meister Barcelona wird der Fl\u00fcgelst\u00fcrmer im Heimspiel gegen den <a title=\"FC Valencia\" href=\"https:\/\/www.transfermarkt.de\/fc-valencia\/startseite\/verein\/1049\" target=\"_blank\" rel=\"noopener\">FC Valencia<\/a> am Sonntag dagegen fehlen.<\/p>\n<p><\/p>\n<p>Auch ein Einsatz zum Champions-League-Auftakt am kommenden Donnerstag bei <a title=\"Newcastle United\" href=\"https:\/\/www.transfermarkt.de\/newcastle-united\/startseite\/verein\/762\" target=\"_blank\" rel=\"noopener\">Newcastle United<\/a> mit\u00a0<a title=\"Nick Woltemade\" href=\"https:\/\/www.transfermarkt.de\/nick-woltemade\/profil\/spieler\/455661\" target=\"_blank\" rel=\"noopener\">Nick Woltemade<\/a> ist fraglich. \u201eSie haben ihm Schmerzmittel gegeben, damit er spielen kann\u201c, sagte Flick in einer Vereinsmitteilung. Der Offensivspieler kann derzeit auch nicht trainieren, Grund sind Beschwerden im Schambereich. Lamine Yamal habe auch zwischen den j\u00fcngsten beiden L\u00e4nderspielen nicht trainieren k\u00f6nnen, erkl\u00e4rte Flick. \u201eSo k\u00fcmmert man sich nicht um einen Spieler. Ich bin dar\u00fcber sehr traurig.\u201c<\/p>\n<p>Spanischer Verband zeigt sich \u00fcberrascht wegen Lamine Yamal<\/p>\n<p>Beim 3:0-Erfolg in Bulgarien war <a href=\"https:\/\/www.transfermarkt.de\/spieler-statistik\/wertvollstespieler\/marktwertetop\/mw\" target=\"_blank\" rel=\"noopener\">der mit einem Marktwert von 200 Millionen Euro wertvollste Spieler der Welt<\/a> 79 Minuten zum Einsatz gekommen, beim 6:0-Sieg in der T\u00fcrkei spielte er 73 Minuten lang. Europameister Spanien gelang mit den Erfolgen ein optimaler Start in die WM-Qualifikation.<\/p>\n<p><\/p>\n<p>Der spanische Fu\u00dfball-Verband reagierte \u00fcberrascht auf die Kritik. Lamine Yamal habe weder bei der Ankunft im Trainingslager noch bei der Abreise von Beschwerden berichtet. Er sei mit dem medizinischen Personal der Auswahl in Kontakt gewesen und habe seine Eins\u00e4tze nicht infrage gestellt. Auch der Klub habe vor der Anreise des Ausnahmespielers dem Verband keine Probleme signalisiert.<\/p>\n<p><\/p>\n","protected":false},"excerpt":{"rendered":"\u201eHaben ihm Schmerzmittel gegeben\u201c\u00a0 \u00a9IMAGO Der Ausfall von Lamine Yamal f\u00fcr das n\u00e4chste Ligaspiel des FC Barcelona ver\u00e4rgert&hellip;\n","protected":false},"author":2,"featured_media":422052,"comment_status":"","ping_status":"","sticky":false,"template":"","format":"standard","meta":{"footnotes":""},"categories":[136],"tags":[29,8834,56007,30,4913,19172,13015,110758,50637,1770,4026,265],"class_list":{"0":"post-422051","1":"post","2":"type-post","3":"status-publish","4":"format-standard","5":"has-post-thumbnail","7":"category-sport","8":"tag-deutschland","9":"tag-fc-barcelona","10":"tag-fc-valencia","11":"tag-germany","12":"tag-hansi-flick","13":"tag-laliga","14":"tag-lamine-yamal","15":"tag-luis-de-la-fuente","16":"tag-newcastle-united","17":"tag-nick-woltemade","18":"tag-spanien","19":"tag-sport"},"share_on_mastodon":{"url":"https:\/\/pubeurope.com\/@de\/115202635014840945","error":""},"_links":{"self":[{"href":"https:\/\/www.europesays.com\/de\/wp-json\/wp\/v2\/posts\/422051","targetHints":{"allow":["GET"]}}],"collection":[{"href":"https:\/\/www.europesays.com\/de\/wp-json\/wp\/v2\/posts"}],"about":[{"href":"https:\/\/www.europesays.com\/de\/wp-json\/wp\/v2\/types\/post"}],"author":[{"embeddable":true,"href":"https:\/\/www.europesays.com\/de\/wp-json\/wp\/v2\/users\/2"}],"replies":[{"embeddable":true,"href":"https:\/\/www.europesays.com\/de\/wp-json\/wp\/v2\/comments?post=422051"}],"version-history":[{"count":0,"href":"https:\/\/www.europesays.com\/de\/wp-json\/wp\/v2\/posts\/422051\/revisions"}],"wp:featuredmedia":[{"embeddable":true,"href":"https:\/\/www.europesays.com\/de\/wp-json\/wp\/v2\/media\/422052"}],"wp:attachment":[{"href":"https:\/\/www.europesays.com\/de\/wp-json\/wp\/v2\/media?parent=422051"}],"wp:term":[{"taxonomy":"category","embeddable":true,"href":"https:\/\/www.europesays.com\/de\/wp-json\/wp\/v2\/categories?post=422051"},{"taxonomy":"post_tag","embeddable":true,"href":"https:\/\/www.europesays.com\/de\/wp-json\/wp\/v2\/tags?post=422051"}],"curies":[{"name":"wp","href":"https:\/\/api.w.org\/{rel}","templated":true}]}}